{"id":10229,"date":"2011-07-26T09:14:02","date_gmt":"2011-07-26T07:14:02","guid":{"rendered":"http:\/\/www.nachdenkseiten.de\/?p=10229"},"modified":"2016-06-03T07:55:35","modified_gmt":"2016-06-03T05:55:35","slug":"wehre-den-anfangen-zu-spat-wird-die-medizin-bereitet-wenn-die-ubel-durch-langes-zogern-erstarkt-sind","status":"publish","type":"post","link":"https:\/\/www.nachdenkseiten.de\/?p=10229","title":{"rendered":"\u201eWehre den Anf\u00e4ngen! Zu sp\u00e4t wird die Medizin bereitet, wenn die \u00dcbel durch langes Z\u00f6gern erstarkt sind.\u201c"},"content":{"rendered":"<p>So lautet das vielzitierte vollst&auml;ndige Zitat des r&ouml;mischen Dichters Ovid. Sind wir in Deutschland nicht &uuml;ber die Anf&auml;nge l&auml;ngst hinaus? Hat das Suchen nach einer Medizin &uuml;berhaupt schon begonnen? W&auml;hrend der norwegische Ministerpr&auml;sident als Antwort auf die Terroranschl&auml;ge<br>\n&bdquo;mehr Demokratie, mehr Offenheit und mehr Humanit&auml;t&ldquo; fordert, trumpfen bei uns die Sicherheitsfanatiker und die abwiegelnden Brandstifter auf. Das Feindbild des &bdquo;Islamismus&ldquo; wird verst&auml;rkt und die rechte Gewalt verharmlost &ndash; dabei ist die Gefahr des Rechtspopulismus und Rechtsextremismus viel gr&ouml;&szlig;er. Von Wolfgang Lieb<br>\n<!--more--><\/p><p><strong>Die Sicherheitsfanatiker<\/strong><br>\nWie beim Pawlowschen Hund l&auml;uft bei deutschen &bdquo;Sicherheitspolitikern&ldquo; der Speichel zusammen, wenn irgendwo auf der Welt ein schrecklicher Terroranschlag geschehen ist. Reflexartig wird die Versch&auml;rfung oder Einf&uuml;hrung von &Uuml;berwachungsgesetzen gefordert.<br>\nSo nahm der innenpolitische Sprecher der CDU\/CSU-Fraktion im Bundestag, Hans-Peter Uhl das norwegische Gewaltverbrechen (wieder einmal) zum Anlass die Wiedereinf&uuml;hrung der vom <a href=\"http:\/\/www.bundesverfassungsgericht.de\/entscheidungen\/rs20100302_1bvr025608.html?Suchbegriff=Vorratsdatenspeicherung\">Bundesverfassungsgericht im M&auml;rz vorigen Jahres kassierten Vorratsdatenspeicherung<\/a> zu fordern. Wie nicht anders zu erwarten, schloss sich Bayerns Justizministerin Beate Merk dieser Forderung sofort an: Es m&uuml;sse &ldquo;&uuml;ber mehrere Monate hinweg&rdquo; nachvollziehbar sein, &ldquo;wer mit wem telefoniert, wer wem eine Email oder SMS <a href=\"http:\/\/www.tagesschau.de\/inland\/vorratsdatenspeicherung160.html\">geschickt hat<\/a>&ldquo;. Ob der norwegische Attent&auml;ter &uuml;ber sein schreckliches Vorhaben mit jemand telefoniert oder elektronisch kommuniziert hat, spielt keine Rolle. Der Chef der Polizeigewerkschaft GdP ging gleich noch einen Schritt weiter und forderte &bdquo;derart auff&auml;llig gewordene Personen&ldquo; in einer Datei zu registrieren. Wodurch ist der norwegische Attent&auml;ter auff&auml;llig geworden? <\/p><p>Es ist der typische Reiz-Reaktionsmechanismus autorit&auml;ren Denkens, das Verbrechens-&bdquo;Pr&auml;vention&ldquo; mit &Uuml;berwachung oder vorbeugender Repression gleichsetzt. Alle B&uuml;rgerinnen und B&uuml;rger sollen sicherheitshalber schon mal unter Generalverdacht gestellt werden, bevor man auch nur einen Gedanken darauf verschwendet, worauf sich ein Verdacht begr&uuml;nden k&ouml;nnte, der Menschen zu derart scheu&szlig;lichen Verbrechen motiviert und schlie&szlig;lich auch veranlasst. Man wird Wahnsinnsverbrechen gewiss nie verhindern k&ouml;nnen, aber die viel naheliegendere M&ouml;glichkeit als die Total&uuml;berwachung, um solche Schreckenstaten zu verh&uuml;ten, ist, Lehren daraus zu ziehen. Man braucht einen klaren Blick f&uuml;r die Gefahren, die drohen k&ouml;nnten, um sie zu verh&uuml;ten. Doch dieser klare Blick fehlt leider nicht nur bei den Sicherheitsfanatikern. <\/p><p><strong>Die abwiegelnden Brandstifter<\/strong><br>\nJa, Herr Broder, es w&auml;re nach dem Terroranschlag in Norwegen anst&auml;ndig und notwendig gewesen innezuhalten und nachzudenken. Nachdenken nicht etwa dar&uuml;ber, woher Sie die Ersatzteile f&uuml;r Ihren &bdquo;Morris Traveller aus dem Jahre 1971&ldquo; in England bekommen, was sie dem <a href=\"http:\/\/www.tagesspiegel.de\/medien\/broder-ueber-broder-bei-breivik\/4427010.html\">Tagesspiegel als Ihre einzige Sorge nannten<\/a>, sondern ein Nachdenken &uuml;ber das Warum, &uuml;ber die Umst&auml;nde, &uuml;ber die Motivation, die Menschen ohne jede Gewissenbisse und Schuldgef&uuml;hle zu einer so unfassbaren Tat treiben k&ouml;nnen. Nachdenken dar&uuml;ber, wie sich ein solches Weltbild aufbauen konnte, in dem sich der Hass auf den Islam, auf &bdquo;Mulitkulti&ldquo;, auf Einwanderer, auf die angebliche &bdquo;Political Correctness&ldquo;, auf alles Kritische &ndash; von den 68ern bis hin zur &bdquo;Frankfurter Schule&ldquo; &ndash; so tief eingefressen hat, dass Gewalt &bdquo;als der letzte Ausweg&ldquo; und der kaltbl&uuml;tige Massenmord hilf- und wehrloser junger Menschen als &bdquo;grausam, aber gerecht&ldquo; (so der Massenm&ouml;rder Anders Breivik) empfunden werden kann. <\/p><p>Ja, Herr Broder, man muss aufkl&auml;ren und nach den &bdquo;Ursachen&ldquo; fragen. Allerdings nicht so dummdreist, wie Sie das unkommentiert auf der Ihnen bereitwillig zu Ihrer Verteidigung als Plattform sich andienenden &bdquo;<a href=\"http:\/\/www.welt.de\/debatte\/kommentare\/article13506649\/Das-Manifest-des-Anders-Behring-Breivik-und-ich.html\">Welt<\/a>&ldquo; tun. Ihr Beitrag in diesem weit rechts stehenden Blatt zeigt nur auf welchem geradezu unterirdischen Niveau Sie argumentieren, wenn sie eine &bdquo;Ursachenforschung&ldquo; f&uuml;r dieses Verbrechen mit folgenden Beispielen l&auml;cherlich zu machen versuchen:<\/p><blockquote><p><em>&bdquo;Und wenn sie sich dennoch verlaufen und abst&uuml;rzen, tritt die Ursachenforschung in Aktion. Ja, h&auml;tte man Hitler damals an der Kunstakademie angenommen, w&auml;re er nicht in die Politik gegangen, w&auml;re der Zweite Weltkrieg ausgefallen, w&uuml;rde Wroclaw noch immer Breslau hei&szlig;en.<\/em><br>\n<em>Und h&auml;tte der blonde und blau&auml;ugige Norweger nicht Broder und Sarrazin gelesen, sondern Patrick Bahners und Roger Willemsen, w&auml;re er nicht zum Massenm&ouml;rder geworden.&ldquo;<\/em><\/p><\/blockquote><p>Niemand will Ihnen die &bdquo;Verantwortung f&uuml;r einen Massenmord&ldquo; in die Schuhe schieben, aber kaum bestreitbar ist, dass der &bdquo;blonde, blau&auml;ugige Norweger&ldquo; beim Feuilletonchef der FAZ, Patrick Bahners oder bei Roger Willemsen &ndash; wenn er sie denn &uuml;berhaupt gelesen h&auml;tte &ndash; sicher keine Versatzst&uuml;cke f&uuml;r sein krudes Weltbild gefunden h&auml;tte. Ganz im Gegensatz zu Ihren und Sarrazins angstf&ouml;rdernden Darstellungen der islamischen Gefahr und der b&ouml;sartigen Abwertung von Menschen aus muslimischen Kulturen und Ethnien. <\/p><p>Aber selbst wenn Sie in dem sog. Manifest des Massenm&ouml;rders h&auml;ufiger zitiert werden, nehmen Sie sich mal wieder viel zu ernst. So wichtig sind ihre Pamphlete und ihre pseudointellektuellen Bockspr&uuml;nge nun wirklich nicht. Sie sind nur ein zynischer und sich aufblasender Gesch&auml;ftemacher, der als Provokateur mit seiner &bdquo;Islamkritik&ldquo; offenbar eine Marktl&uuml;cke in den Talkshows, bei den Buchverlegern und bei einigen gleichgesinnten Medien gefunden. Selbst die Tatsache, dass Sie von dem Massenm&ouml;rder in seinem Wahn zitiert werden, werden Sie zu nutzen wissen, um sich nur noch besser verkaufen zu k&ouml;nnen. <\/p><p>Das wirklich Schlimme ist, dass Sie sich mit Ihren Ansichten in den Medien auch tats&auml;chlich noch verkaufen k&ouml;nnen. <\/p><p><strong>Das &bdquo;Manifest&ldquo; des T&auml;ters findet sich tausendfach im Netz<\/strong><\/p><p>Und damit kommen wir zum eigentlichen Thema zur&uuml;ck: <\/p><p>Die deutschen Sicherheitsbeh&ouml;rden sehen keine Verbindung der norwegischen Anschl&auml;ge nach Deutschland, sagte der Sprecher des Bundesinnenministeriums.<\/p><p>Aber das, was der norwegische Massenm&ouml;rder in seinem Bekennerschreiben zusammengekleistert hat, kann man tausendfach t&auml;glich auf Deutsch im &bdquo;Weltnetz&ldquo; (wie die Neonazis sagen) oder in einschl&auml;gigen Schriften nachlesen. Allein im deutschsprachigen Raum gibt es etwa 1000 Seiten, &uuml;ber die islamfeindliche, rassenhetzerische, alles Fortschrittliche verteufelnde, chauvinistische bis hin zu altnazistischen Ideologieversatzst&uuml;cke verbreitet werden. Unmittelbar nach dem Anschlag kann man da Spr&uuml;che lesen, wie etwa diesen:<\/p><p>Vielleicht wird einmal in den Geschichtsb&uuml;chern stehen, dass es am 22. Juli des Jahres 2011 war, als ein junger Wikinger namens Anders Behring Breivik in alter Berserkertradition den Ansto&szlig; zur entscheidenden Wende im Kampf um Europas Zukunft gab. Er hat in seinem Land <a href=\"http:\/\/npd-blog.info\/2011\/07\/25\/dokumente-des-hasses\/\">getan, was er f&uuml;r n&ouml;tig hielt, um ein un&uuml;bersehbares Zeichen des Widerstandes zu setzen<\/a>.<\/p><p>Es gibt eine weitverbreitete Neonazi-Musikszene, mit &bdquo;Schulhof-CDs&ldquo;, es gibt geradezu eine Neonazi-Industrie mit einem weitverzweigten Online-Versandhandel, es gibt &bdquo;No-Go-Areas&ldquo; f&uuml;r Menschen mit anderer Hautfarbe und es gibt Neonazihochburgen nicht nur im Osten sondern auch im Aachener Land im &auml;u&szlig;ersten Westen. <\/p><p>Es gibt eine massenhafte Eskalation von Fremdenangst &uuml;ber Hass zur Gewalt auch im Alltag bei uns in Deutschland. Die Opfer dieser Spirale werden vielleicht nicht von einem T&auml;ter und (noch) nicht mit einer Tat schwer verletzt oder get&ouml;tet und gelangen deshalb nicht oder nur selten ins &ouml;ffentliche Bewusstsein. Aber es sind auch zahlreiche Tote, die es zu betrauern und zu beklagen gilt. <\/p><p><strong>Islamismus als Feindbild und Verharmlosung rechter Gewalt<\/strong><\/p><p>Ohne Zweifel h&auml;tte der Bombenanschlag im Osloer Regierungsviertel auch von einem Islamisten mit einem anderen verquasten Weltbild begangen worden sein k&ouml;nnen. Und zig wehrlose Menschen einzeln zu erschie&szlig;en ist im Hinblick auf die Toten auch nichts anderes als hunderte von Menschen mit einem Flugzeug umzubringen. Aber man vergleiche einmal, welches Feindbild durch die (Sicherheits-)Politiker, gesch&uuml;rt von den Medien und gest&uuml;tzt auf die untergr&uuml;ndige &bdquo;Islamkritik&ldquo; von Leuten wie Broder oder Sarrazin gegen den Islamismus aufgebaut wurde, mit der verharmlosenden Betroffenheitsrhetorik, wenn es zu einem Totschlag von rechten Schl&auml;gern kommt. (Ein Brandanschlag auf ein Wohnhaus von Sinti und Roma wie gestern in Leverkusen, bei dem sich die Bewohner gl&uuml;cklicherweise retten konnten, bleibt eine lokale Episode.) Kann man die Zahl der jeweils Get&ouml;teten aufrechnen, kann man relativieren dass die einzelnen Todesf&auml;lle zeitlich auseinander liegen? Ist es nicht noch schlimmer, dass wir es bei uns mit vielen Einzelt&auml;tern oder rechten Gangs zu tun haben, die brandstiften und totpr&uuml;geln? In der EU gab es im vergangenen Jahr 249 Terroranschl&auml;ge, davon hatten drei einen <a href=\"http:\/\/www.spiegel.de\/politik\/ausland\/0,1518,druck-776549,00.html\">islamistischen Hintergrund<\/a>. Sicherlich wurden die restlichen Anschl&auml;ge nicht ausschlie&szlig;lich von Rechtsradikalen begangen, aber es gibt keinen sachlichen Grund die Hysterie vor allem und st&auml;ndig gegen Moslems zu sch&uuml;ren. Sind Muslime nicht weltweit viel mehr vom Terrorismus betroffen als wir? Sind bei den zahlreichen Anschl&auml;gen in Irak, in Afghanistan oder Pakistan nicht gerade Angeh&ouml;rige dieser Glaubensgemeinschaft getroffen? <\/p><p>Schon gar keinen Grund gibt es daf&uuml;r, dass die Angst und Hass vor dem Islamismus gesch&uuml;rt wird und die Gefahr, die vor dem sich ausbreitenden rechten Sumpf ausgeht, dagegen verschwiegen oder verharmlost wird. Es gibt nach aller Wahrscheinlichkeit in unserem Land erheblich mehr hassbesessene und gewaltbereite Rechtsextremisten als sich im heiligen Krieg w&auml;hnende Islamisten. Wo sind denn die Broders und die Sarrazins die vor solchen Zeitbomben warnen. Die Rechtsextremisten k&ouml;nnen, ohne dass ein &ouml;ffentlicher Aufschrei erfolgt, nahezu ungest&ouml;rt in ihren rechten Lebenswelten leben, in einer Grauzone des Verschweigens und Wegsehens, gesch&uuml;tzt sogar noch durch eine weitverbreitete insgeheime Zustimmung zu ihren Aggressionen auf Menschen anderer Herkunft. Dar&uuml;ber k&ouml;nnen auch die Demonstrationen gegen Nazi-Aufm&auml;rsche nicht hinwegt&auml;uschen. <\/p><p><strong>In der Mitte angekommen<\/strong><\/p><p>&bdquo;In der Mitte angekommen&ldquo; hei&szlig;t es in einer Studie der Friedrich-Eberst-Stiftung &uuml;ber <a href=\"http:\/\/www.fes.de\/rechtsextremismus\/pdf\/Vom_Rand_zur_Mitte.pdf\">rechtsextreme Einstellungen und Einflussfaktoren in Deutschland [PDF &ndash; 732 KB]<\/a>. Und immer wieder gilt als <a href=\"http:\/\/www.spiegel.de\/politik\/deutschland\/0,1518,druck-446805,00.html\">&bdquo;Einstiegsdroge&ldquo; die Ausl&auml;nderfeindlichkeit<\/a>. Auch zahlreiche andere sozialwissenschaftliche Untersuchungen belegen, dass rechtsextremes &bdquo;Gedankengut&ldquo; tief in <a href=\"http:\/\/www.spiegel.de\/politik\/deutschland\/0,1518,722751,00.html\">der Gesellschaft verwurzelt ist<\/a>. Die Anti-Islam-Bewegung reicht vom frustrierten Kleinb&uuml;rger bis zum Neonazi.<br>\n<a href=\"\/?p=6652\">Jeder F&uuml;nfte w&uuml;rde Sarrazin w&auml;hlen<\/a>. Kein Wunder, wenn man beobachten musste, wie die Medien ihn bedienten und wie selbst die SPD nicht mehr den Mut fand, sich von ihm zu trennen, weil sie offenbar um W&auml;hler bangte. <\/p><p>Da gibt es aus parteipolitischen Gr&uuml;nden eine Riesendebatte &uuml;ber einen angeblichen Antisemitismus in der Partei DIE LINKE. Aber die zunehmende Fremdenfeindlichkeit nicht nur in Deutschland sondern &ndash; wie die Wahlerfolge rechtspopulistischer Parteien zeigen &ndash; in ganz Europa, ja sogar in den USA wird klaglos hingenommen. Das geh&ouml;rt inzwischen sozusagen zur Tagesordnung.<\/p><p>Es gibt diese klammheimliche Sympathie mit solchen fremdenfeindlichen, ja sogar rassistischen Thesen, sogar bis in die h&ouml;chsten Kreise unserer Gesellschaft hinein. Das ist ein wichtiger Grund f&uuml;r das Wegschauen der &Ouml;ffentlichkeit. Deutschland ist wieder einmal in Gefahr auf dem rechten Auge zu erblinden. Auch die Jugendministerin Schr&ouml;der hat nichts Wichtigeres zu tun, als &bdquo;zivilgesellschaftliche&ldquo; Initiativen gegen den Linksextremismus zur f&ouml;rdern &ndash; getreu dem konservativen Motto: links gleich rechts und im Zweifel lieber stramm rechts.<\/p><p>In der Pose des Tabubrechers (&bdquo;das wird man doch wohl noch sagen d&uuml;rfen&ldquo;) werden zweifellos vorhandene Probleme der Integration im Lande gezielt ausgebreitet, aber eben nicht mit dem Ziel, bestehende Missst&auml;nde zu &uuml;berwinden, sondern gerade umgekehrt mit der Absicht, die zum allergr&ouml;&szlig;ten Teil daf&uuml;r nicht verantwortlichen Ausl&auml;nder zu S&uuml;ndenb&ouml;cken zu machen &ndash; ja noch mehr, sie zum Feindbild zu erkl&auml;ren.  <\/p><p>Die Sozialdemokratie m&uuml;sste nach dieser grausamen Attacke auf ein sozialdemokratisches Jugendlager eigentlich begriffen haben, dass ihre Werte und Vorstellungen mit im Visier dieserart von &bdquo;Hasspredigern&ldquo; sind. Doch wird die SPD mit einem Parteimitglied Sarrazin ein glaubw&uuml;rdiger Vork&auml;mpfer f&uuml;r &bdquo;Weltoffenheit und die Bereitschaft, mit unterschiedlichen Kulturen umzugehen&ldquo; (Olaf Scholz) sein k&ouml;nnen? <\/p><p>&bdquo;Wehre den Anf&auml;ngen&ldquo; wird der r&ouml;mische Dichter Ovid gerne zitiert. Das ganze Zitat lautet allerdings:<br>\n&bdquo;Wehre den Anf&auml;ngen! Zu sp&auml;t wird die Medizin bereitet, wenn die &Uuml;bel durch langes Z&ouml;gern erstarkt sind.&ldquo;<\/p><p>Statt in den Anf&auml;ngen, sind wir l&auml;ngst im fortgeschrittenen Stadium und das Suchen nach einer Medizin hat noch nicht einmal begonnen. <\/p><p>Ein wenig Hoffnung gibt, die Solidarit&auml;t in der Trauer der Norweger. Und ein Beispiel gibt der norwegische Ministerpr&auml;sident Jens Stoltenberg: &bdquo;Wir sind weiter ersch&uuml;ttert von dem, was uns getroffen hat. Aber wir geben nie unsere Werte auf. Unsere Antwort ist mehr Demokratie, mehr Offenheit und mehr Humanit&auml;t. Aber nie Naivit&auml;t.&ldquo;<br>\nStatt der platten Kondolenzadressen, h&auml;tte man sich einen solchen Satz auch von den politischen Repr&auml;sentanten in Deutschland gew&uuml;nscht. <\/p>\n","protected":false},"excerpt":{"rendered":"<p>So lautet das vielzitierte vollst&auml;ndige Zitat des r&ouml;mischen Dichters Ovid. Sind wir in Deutschland nicht &uuml;ber die Anf&auml;nge l&auml;ngst hinaus? Hat das Suchen nach einer Medizin &uuml;berhaupt schon begonnen? W&auml;hrend der norwegische Ministerpr&auml;sident als Antwort auf die Terroranschl&auml;ge<br \/> &bdquo;mehr Demokratie, mehr Offenheit und mehr Humanit&auml;t&ldquo; fordert, trumpfen bei uns die Sicherheitsfanatiker und die abwiegelnden Brandstifter<\/p>\n<div class=\"readMore\"><a class=\"moretag\" href=\"https:\/\/www.nachdenkseiten.de\/?p=10229\">Weiterlesen<\/a><\/div>\n","protected":false},"author":3,"featured_media":0,"comment_status":"closed","ping_status":"open","sticky":false,"template":"","format":"standard","meta":{"spay_email":"","footnotes":""},"categories":[184,159,166],"tags":[1165,341,1167,1166,658],"class_list":["post-10229","post","type-post","status-publish","format-standard","hentry","category-ueberwachung","category-fremdenfeindlichkeit-rassismus","category-terrorismus","tag-breivik-anders","tag-broder-henryk-m","tag-merk-beate","tag-uhl-hans-peter","tag-vorratsdatenspeicherung"],"jetpack_featured_media_url":"","_links":{"self":[{"href":"https:\/\/www.nachdenkseiten.de\/index.php?rest_route=\/wp\/v2\/posts\/10229","targetHints":{"allow":["GET"]}}],"collection":[{"href":"https:\/\/www.nachdenkseiten.de\/index.php?rest_route=\/wp\/v2\/posts"}],"about":[{"href":"https:\/\/www.nachdenkseiten.de\/index.php?rest_route=\/wp\/v2\/types\/post"}],"author":[{"embeddable":true,"href":"https:\/\/www.nachdenkseiten.de\/index.php?rest_route=\/wp\/v2\/users\/3"}],"replies":[{"embeddable":true,"href":"https:\/\/www.nachdenkseiten.de\/index.php?rest_route=%2Fwp%2Fv2%2Fcomments&post=10229"}],"version-history":[{"count":2,"href":"https:\/\/www.nachdenkseiten.de\/index.php?rest_route=\/wp\/v2\/posts\/10229\/revisions"}],"predecessor-version":[{"id":10231,"href":"https:\/\/www.nachdenkseiten.de\/index.php?rest_route=\/wp\/v2\/posts\/10229\/revisions\/10231"}],"wp:attachment":[{"href":"https:\/\/www.nachdenkseiten.de\/index.php?rest_route=%2Fwp%2Fv2%2Fmedia&parent=10229"}],"wp:term":[{"taxonomy":"category","embeddable":true,"href":"https:\/\/www.nachdenkseiten.de\/index.php?rest_route=%2Fwp%2Fv2%2Fcategories&post=10229"},{"taxonomy":"post_tag","embeddable":true,"href":"https:\/\/www.nachdenkseiten.de\/index.php?rest_route=%2Fwp%2Fv2%2Ftags&post=10229"}],"curies":[{"name":"wp","href":"https:\/\/api.w.org\/{rel}","templated":true}]}}