{"id":102639,"date":"2023-08-19T10:00:31","date_gmt":"2023-08-19T08:00:31","guid":{"rendered":"https:\/\/www.nachdenkseiten.de\/?p=102639"},"modified":"2023-08-18T19:19:05","modified_gmt":"2023-08-18T17:19:05","slug":"die-angstluecke-anstoss-fuer-politik-und-oeffentlichkeitsarbeit","status":"publish","type":"post","link":"https:\/\/www.nachdenkseiten.de\/?p=102639","title":{"rendered":"Die Angstl\u00fccke \u2013 Ansto\u00df f\u00fcr Politik und \u00d6ffentlichkeitsarbeit"},"content":{"rendered":"<p>Heute ver&ouml;ffentlichen wir in unserer Serie interessanter Dokumente ein einziges Blatt: eine &Uuml;bersicht &uuml;ber die sogenannte Angstl&uuml;cke.<\/p><p>Diese &Uuml;bersicht stammt von Ende 1978. F&uuml;r die Zeit vom ersten Quartal 1971 bis zum Oktober 1978 sind dort nebeneinander die Ergebnisse der Umfragen von Infratest-Politikbarometer aufgelistet.<br>\n<!--more--><\/p><div class=\"imagewrap\"><a href=\"https:\/\/www.nachdenkseiten.de\/upload\/bilder\/230819-Angstluecke.jpg\"><img decoding=\"async\" src=\"https:\/\/www.nachdenkseiten.de\/upload\/bilder\/230819-Angstluecke.jpg\" alt=\"\" title=\"\"><span><\/span><\/a><\/div><p>Gefragt wurde nach der Einsch&auml;tzung der &bdquo;eigenen wirtschaftlichen Lage&rdquo; und nach der Einsch&auml;tzung der &bdquo;allgemeinen wirtschaftlichen Lage&rdquo;.<\/p><p>Wir haben damals in der Planungsabteilung des Bundeskanzleramtes beobachtet, dass die Differenz zwischen den Befragungsergebnissen auf diese beiden Fragen bemerkenswert variierte. Die Differenz nannten wir Angstgl&uuml;cke. Die Angstl&uuml;cke schwankte zwischen einem Minimum von zehn Punkten im Oktober 1978 und 48 Punkten im dritten Quartal 1975.<\/p><p>Man konnte diese Angstl&uuml;cke mit Politik und mit entsprechender &Ouml;ffentlichkeitsarbeit verringern. Symptomatisch f&uuml;r diese M&ouml;glichkeit ist zum Beispiel die Entwicklung im Jahr 1972: im 1. Quartal lag die Angstl&uuml;cke bei 26 Prozent; im 4. Quartal, also im Umfeld der Bundestagswahl vom 19. November 1972, war die L&uuml;cke mit 14 Punkten ausgesprochen gering. Es f&auml;llt dabei auch auf, dass die Einsch&auml;tzung der allgemeinen Lage mit 63 Punkten und auch der eigenen Lage mit 77 Punkten sehr hoch lag. Das war auch das Ergebnis einer im Wahlkampf von der Kanzlerpartei schwerpunktm&auml;&szlig;ig gef&uuml;hrten Debatte um die wirtschaftliche Lage.<\/p><p>Interessant ist auch die Entwicklung im Jahre 1976. Auch in diesem Jahr entwickelten sich die Umfrageergebnisse zur Einsch&auml;tzung der allgemeinen und der eigenen wirtschaftlichen Lage deutlich im Kontext des Wahlkampfes. Die Angstl&uuml;cke schrumpfte von 40 auf 16 Punkte.<\/p><p>Nach meiner Erinnerung war auch die Entwicklung der Ziffern im Jahre 1974 und 1975 von Bedeutung f&uuml;r die Wirtschaftspolitik und f&uuml;r die &Ouml;ffentlichkeitsarbeit. Ende des Jahres 1974 konnte man feststellen, dass die B&uuml;rgerinnen und B&uuml;rger ausgesprochen kritisch auf die allgemeine wirtschaftliche Lage schauten. Zumindest im Wahlkampf f&uuml;r die Landtagswahl in Nordrhein-Westfalen im Mai 1975 spielte dann die wirtschaftliche Lage eine bedeutende Rolle. Auf Einladung von Bundeskanzler Helmut Schmidt trafen sich die Spitzen der SPD\/FDP-Koalition von Nordrhein-Westfalen und des Bundes Anfang des Jahres 1975 im Kanzlerbungalow zu einer Beratung der politischen Themen und des kommenden Wahlkampfes. Auch bei diesen Beratungen spielte die Differenz zwischen der Einsch&auml;tzung der eigenen wirtschaftlichen Lage und der allgemeinen wirtschaftlichen Lage eine Rolle. Einer der Hauptslogans der Regierungspartei SPD f&uuml;r diese Landtagswahl lautete dann: Den Aufschwung w&auml;hlen. <\/p><p>Bemerkung am Rande: Der Slogan war bewusst als Aufforderung an die W&auml;hlerinnen und W&auml;hler formuliert. Aber die CDU, die Opposition in NRW, unterstellte, der Slogan habe gehei&szlig;en &bdquo;Der Aufschwung kommt&rdquo;, und attackierte die nordrhein-westf&auml;lische Landesregierung sowie den dortigen Ministerpr&auml;sidenten Heinz K&uuml;hn wegen der zum Zeitpunkt der Wahl immer noch falschen Prognose. Selbiger hatte die eigene Kampagne so wenig verinnerlicht, dass er sich mit der falschen Unterstellung der Opposition auseinandersetzte.<\/p><p>Nachbemerkung: Die Meinungsbefragungen zur wirtschaftlichen Lage waren Grundlage von Politik und &Ouml;ffentlichkeitsarbeit &ndash; aber selbstverst&auml;ndlich nicht die einzige. Man sollte das Instrument nicht &uuml;bersch&auml;tzen.<\/p>\n","protected":false},"excerpt":{"rendered":"<p>Heute ver&ouml;ffentlichen wir in unserer Serie interessanter Dokumente ein einziges Blatt: eine &Uuml;bersicht &uuml;ber die sogenannte Angstl&uuml;cke.<\/p>\n<p>Diese &Uuml;bersicht stammt von Ende 1978. F&uuml;r die Zeit vom ersten Quartal 1971 bis zum Oktober 1978 sind dort nebeneinander die Ergebnisse der Umfragen von Infratest-Politikbarometer aufgelistet.<\/p>\n","protected":false},"author":2,"featured_media":102640,"comment_status":"closed","ping_status":"closed","sticky":false,"template":"","format":"standard","meta":{"spay_email":"","footnotes":""},"categories":[122,165,30],"tags":[647,3308,505],"class_list":["post-102639","post","type-post","status-publish","format-standard","has-post-thumbnail","hentry","category-demoskopieumfragen","category-innen-und-gesellschaftspolitik","category-wirtschaftspoliik-und-konjunktur","tag-infratest","tag-serie-alter-interessanter-dokumente","tag-wahlslogan"],"jetpack_featured_media_url":"https:\/\/www.nachdenkseiten.de\/wp-content\/uploads\/2023\/08\/said48.jpg","_links":{"self":[{"href":"https:\/\/www.nachdenkseiten.de\/index.php?rest_route=\/wp\/v2\/posts\/102639","targetHints":{"allow":["GET"]}}],"collection":[{"href":"https:\/\/www.nachdenkseiten.de\/index.php?rest_route=\/wp\/v2\/posts"}],"about":[{"href":"https:\/\/www.nachdenkseiten.de\/index.php?rest_route=\/wp\/v2\/types\/post"}],"author":[{"embeddable":true,"href":"https:\/\/www.nachdenkseiten.de\/index.php?rest_route=\/wp\/v2\/users\/2"}],"replies":[{"embeddable":true,"href":"https:\/\/www.nachdenkseiten.de\/index.php?rest_route=%2Fwp%2Fv2%2Fcomments&post=102639"}],"version-history":[{"count":7,"href":"https:\/\/www.nachdenkseiten.de\/index.php?rest_route=\/wp\/v2\/posts\/102639\/revisions"}],"predecessor-version":[{"id":102659,"href":"https:\/\/www.nachdenkseiten.de\/index.php?rest_route=\/wp\/v2\/posts\/102639\/revisions\/102659"}],"wp:featuredmedia":[{"embeddable":true,"href":"https:\/\/www.nachdenkseiten.de\/index.php?rest_route=\/wp\/v2\/media\/102640"}],"wp:attachment":[{"href":"https:\/\/www.nachdenkseiten.de\/index.php?rest_route=%2Fwp%2Fv2%2Fmedia&parent=102639"}],"wp:term":[{"taxonomy":"category","embeddable":true,"href":"https:\/\/www.nachdenkseiten.de\/index.php?rest_route=%2Fwp%2Fv2%2Fcategories&post=102639"},{"taxonomy":"post_tag","embeddable":true,"href":"https:\/\/www.nachdenkseiten.de\/index.php?rest_route=%2Fwp%2Fv2%2Ftags&post=102639"}],"curies":[{"name":"wp","href":"https:\/\/api.w.org\/{rel}","templated":true}]}}