{"id":103428,"date":"2023-09-06T13:10:50","date_gmt":"2023-09-06T11:10:50","guid":{"rendered":"https:\/\/www.nachdenkseiten.de\/?p=103428"},"modified":"2023-09-06T14:23:00","modified_gmt":"2023-09-06T12:23:00","slug":"fuer-kriegs-und-ruestungspropaganda-brauchen-wir-die-oeffentlich-rechtlichen-nicht","status":"publish","type":"post","link":"https:\/\/www.nachdenkseiten.de\/?p=103428","title":{"rendered":"F\u00fcr Kriegs- und R\u00fcstungspropaganda brauchen wir die \u00d6ffentlich-Rechtlichen nicht"},"content":{"rendered":"<p>Gelegentlich schaue ich bei Tagesschau im Netz nach, was uns die ARD so zu bieten hat. Nachrichten und Kommentare f&uuml;r den Frieden? Weit gefehlt. Stattdessen oft Bewunderung f&uuml;r Krieg und R&uuml;stung. So auch wieder heute fr&uuml;h. Ich zitiere den Anfang einer Meldung:<br>\n&ldquo;<a href=\"https:\/\/www.tagesschau.de\/inland\/bundeswehr-ausbildungsakademie-flugabwehr-100.html\">Ausbildungszentrum f&uuml;r System Iris-T SLMEin R&uuml;ckgrat f&uuml;r die europ&auml;ische Flugabwehr?<\/a><br>\n<em>Stand: 06.09.2023 04:30 Uhr<\/em><br>\nDeutschland hat der Ukraine das Flugabwehrsystem Iris-T SLM geliefert, was sich dort als hochwirksam erweist. Das System k&ouml;nnte auch zum R&uuml;ckgrat einer europ&auml;ischen Flugabwehr werden &ndash; und wird aktuell an der Ostsee getestet. &hellip;&rdquo;<br>\nAutor dieses St&uuml;cks ist Uli Hauck, ARD Berlin. <strong>Albrecht M&uuml;ller<\/strong>.<\/p><p><em>Dieser Beitrag ist auch als Audio-Podcast verf&uuml;gbar.<\/em><br>\n<!--more--><br>\n<\/p><div class=\"powerpress_player\" id=\"powerpress_player_4196\"><!--[if lt IE 9]><script>document.createElement('audio');<\/script><![endif]-->\n<audio class=\"wp-audio-shortcode\" id=\"audio-103428-1\" preload=\"none\" style=\"width: 100%;\" controls=\"controls\"><source type=\"audio\/mpeg\" src=\"https:\/\/www.nachdenkseiten.de\/upload\/podcast\/230906-Fuer-Kriegspropaganda-brauchen-wir-OERR-nicht-NDS.mp3?_=1\"><\/source><a href=\"https:\/\/www.nachdenkseiten.de\/upload\/podcast\/230906-Fuer-Kriegspropaganda-brauchen-wir-OERR-nicht-NDS.mp3\">https:\/\/www.nachdenkseiten.de\/upload\/podcast\/230906-Fuer-Kriegspropaganda-brauchen-wir-OERR-nicht-NDS.mp3<\/a><\/audio><\/div><p class=\"powerpress_links powerpress_links_mp3\">Podcast: <a href=\"https:\/\/www.nachdenkseiten.de\/upload\/podcast\/230906-Fuer-Kriegspropaganda-brauchen-wir-OERR-nicht-NDS.mp3\" class=\"powerpress_link_pinw\" target=\"_blank\" title=\"Play in new window\" onclick=\"return powerpress_pinw('https:\/\/www.nachdenkseiten.de\/?powerpress_pinw=103428-podcast');\" rel=\"nofollow\">Play in new window<\/a> | <a href=\"https:\/\/www.nachdenkseiten.de\/upload\/podcast\/230906-Fuer-Kriegspropaganda-brauchen-wir-OERR-nicht-NDS.mp3\" class=\"powerpress_link_d\" title=\"Download\" rel=\"nofollow\" download=\"230906-Fuer-Kriegspropaganda-brauchen-wir-OERR-nicht-NDS.mp3\">Download<\/a><\/p><p>Die zitierte Meldung stammt von heute fr&uuml;h 4:30 Uhr. Gestern um 18:30 Uhr wurde schon einmal mit dem gleichen Thema Reklame f&uuml;r das Milit&auml;r gemacht, siehe hier:<\/p><blockquote><p>\n<a href=\"https:\/\/www.ndr.de\/nachrichten\/schleswig-holstein\/IRIS-T-Flugabwehr-In-Todendorf-trifft-sich-Europas-Militaer,luftwaffe336.html\">IRIS-T Flugabwehr: In Todendorf trifft sich Europas Milit&auml;r<\/a><br>\nStand: 05.09.2023 18:30 Uhr<br>\nAb 2024 wird in Todendorf das moderne Raketenabwehrsystem IRIS-T stationiert sein. In dem neu entstandenen Ausbildungszentrum soll in Zukunft milit&auml;risches Personal aus ganz Europa im Rahmen des europ&auml;ischen Raketenabwehrschildes ESSI ausgebildet werde. &hellip;. Von Christoph Deuschle &hellip;<br>\nStand: 05.09.2023 18:30 Uhr\n<\/p><\/blockquote><p>Diese beiden Beispiele f&uuml;r Meldungen der Tagesschau\/ARD sind typisch daf&uuml;r, was uns dieses Medium tagein tagaus bietet. Ich weise die NachDenkSeiten-Leserinnen und -Leser darauf hin, weil es sinnvoll w&auml;re, immer mal wieder gegen diese das Milit&auml;r und die R&uuml;stung verherrlichende Berichterstattung, gleich Propaganda, hinzuweisen. Die damit geschaffene Atmosph&auml;re und Grundstimmung ist mitverantwortlich daf&uuml;r, dass im gerade vorgelegten Bundeshaushalt f&uuml;r 2024 der sogenannte Verteidigungshaushalt als Einziger w&auml;chst. Diese Art von Propaganda sorgt auch daf&uuml;r, dass wir die Konfrontation zwischen West und Ost wieder als selbstverst&auml;ndlich betrachten, statt nach Wegen zu suchen, die Konfrontation abzubauen und zur erfolgreichen Entspannungspolitik und Friedenspolitik zur&uuml;ckzukehren.<\/p><p>Die zitierten Meldungen sind auch weitere Belege und Zeichen daf&uuml;r, wie sehr Deutschland in den Krieg in der Ukraine verwickelt ist. Ich zitiere wiederholend aus der Meldung von heute fr&uuml;h: &bdquo;Deutschland hat der Ukraine das Flugabwehrsystem Iris-T SLM geliefert, was sich dort als hochwirksam erweist.&ldquo; <\/p><p>Wir sind an diesem Krieg beteiligt. Das merken nicht nur wir, das merken auch die Verantwortlichen in Russland. Die daraus f&uuml;r uns und unser Land folgenden Gefahren nicht zu sehen, ist vermutlich ein Privileg von Journalisten wie jenen von der ARD, deren St&uuml;cke oben verlinkt sind.<\/p><p>Bitte machen Sie in Ihrem Umfeld auf die Fragw&uuml;rdigkeit dieser Art von Meldungen in der Tagesschau aufmerksam. Wir m&uuml;ssen alles daf&uuml;r tun, um die Glaubw&uuml;rdigkeit dieses Mediums wie auch anderer &auml;hnlich agierender Medien zu ersch&uuml;ttern.<\/p><p>Titelbild: Karolis Kavolelis\/shutterstock.com<\/p>\n","protected":false},"excerpt":{"rendered":"<p>Gelegentlich schaue ich bei Tagesschau im Netz nach, was uns die ARD so zu bieten hat. Nachrichten und Kommentare f&uuml;r den Frieden? Weit gefehlt. Stattdessen oft Bewunderung f&uuml;r Krieg und R&uuml;stung. So auch wieder heute fr&uuml;h. Ich zitiere den Anfang einer Meldung:<br \/> &ldquo;<a href=\"https:\/\/www.tagesschau.de\/inland\/bundeswehr-ausbildungsakademie-flugabwehr-100.html\">Ausbildungszentrum f&uuml;r System Iris-T SLMEin R&uuml;ckgrat f&uuml;r die europ&auml;ische Flugabwehr?<\/a><br \/> <em>Stand: 06.09.2023<\/em><\/p>\n<div class=\"readMore\"><a class=\"moretag\" href=\"https:\/\/www.nachdenkseiten.de\/?p=103428\">Weiterlesen<\/a><\/div>\n","protected":false},"author":2,"featured_media":103439,"comment_status":"closed","ping_status":"closed","sticky":false,"template":"","format":"standard","meta":{"spay_email":"","footnotes":""},"categories":[107,172,183,11],"tags":[1546,3293,3313,2377],"class_list":["post-103428","post","type-post","status-publish","format-standard","has-post-thumbnail","hentry","category-audio-podcast","category-aufruestung","category-medienkritik","category-strategien-der-meinungsmache","tag-ard","tag-bellizismus","tag-militaerausbildung","tag-waffenlieferungen"],"jetpack_featured_media_url":"https:\/\/www.nachdenkseiten.de\/wp-content\/uploads\/2023\/09\/Shutterstock_2219654113.jpg","_links":{"self":[{"href":"https:\/\/www.nachdenkseiten.de\/index.php?rest_route=\/wp\/v2\/posts\/103428","targetHints":{"allow":["GET"]}}],"collection":[{"href":"https:\/\/www.nachdenkseiten.de\/index.php?rest_route=\/wp\/v2\/posts"}],"about":[{"href":"https:\/\/www.nachdenkseiten.de\/index.php?rest_route=\/wp\/v2\/types\/post"}],"author":[{"embeddable":true,"href":"https:\/\/www.nachdenkseiten.de\/index.php?rest_route=\/wp\/v2\/users\/2"}],"replies":[{"embeddable":true,"href":"https:\/\/www.nachdenkseiten.de\/index.php?rest_route=%2Fwp%2Fv2%2Fcomments&post=103428"}],"version-history":[{"count":5,"href":"https:\/\/www.nachdenkseiten.de\/index.php?rest_route=\/wp\/v2\/posts\/103428\/revisions"}],"predecessor-version":[{"id":103440,"href":"https:\/\/www.nachdenkseiten.de\/index.php?rest_route=\/wp\/v2\/posts\/103428\/revisions\/103440"}],"wp:featuredmedia":[{"embeddable":true,"href":"https:\/\/www.nachdenkseiten.de\/index.php?rest_route=\/wp\/v2\/media\/103439"}],"wp:attachment":[{"href":"https:\/\/www.nachdenkseiten.de\/index.php?rest_route=%2Fwp%2Fv2%2Fmedia&parent=103428"}],"wp:term":[{"taxonomy":"category","embeddable":true,"href":"https:\/\/www.nachdenkseiten.de\/index.php?rest_route=%2Fwp%2Fv2%2Fcategories&post=103428"},{"taxonomy":"post_tag","embeddable":true,"href":"https:\/\/www.nachdenkseiten.de\/index.php?rest_route=%2Fwp%2Fv2%2Ftags&post=103428"}],"curies":[{"name":"wp","href":"https:\/\/api.w.org\/{rel}","templated":true}]}}