{"id":104548,"date":"2023-09-30T11:00:31","date_gmt":"2023-09-30T09:00:31","guid":{"rendered":"https:\/\/www.nachdenkseiten.de\/?p=104548"},"modified":"2023-10-02T14:11:17","modified_gmt":"2023-10-02T12:11:17","slug":"der-im-schweisse-seines-angesichts-gegen-jusos-und-andere-sozis-kaempfende-oberbuergermeister-von-muenchen-hans-jochen-vogel","status":"publish","type":"post","link":"https:\/\/www.nachdenkseiten.de\/?p=104548","title":{"rendered":"Der im Schwei\u00dfe seines Angesichts gegen Jusos und andere Sozis k\u00e4mpfende Oberb\u00fcrgermeister von M\u00fcnchen, Hans-Jochen Vogel"},"content":{"rendered":"<p>Am Beginn der 1970er-Jahre gab es in der M&uuml;nchner SPD einen heftigen Links-rechts-Konflikt zwischen dem damaligen Oberb&uuml;rgermeister Dr. Hans-Jochen Vogel und dem linken Parteivorstand. Ausgel&ouml;st wurde er durch die Kritik der M&uuml;nchner Jungsozialisten an dem st&auml;ndigen Bem&uuml;hen des Oberb&uuml;rgermeisters um einen Schulterschluss mit der Rathaus-CSU, die in die Verabschiedung eines Juso-eigenen kommunalpolitischen Programms m&uuml;ndete. Der auf Kritik stets sehr empfindlich reagierende Vogel warf dem M&uuml;nchner Parteivorstand vor, ihn zu wenig gegen die aufbegehrenden Jusos in Schutz zu nehmen. In der <a href=\"https:\/\/www.ardmediathek.de\/video\/panorama\/portraet-rudolf-schoefberger-der-neue-spd-vorsitzende\/das-erste\/Y3JpZDovL25kci5kZS8yNGQ2NGIzNi1kMzBhLTRiMDEtYTliNS04ZmQ4YzVhNWY2ZGQ\">ARD-Mediathek<\/a> finden sich k&ouml;stliche Ausschnitte dieses Streits. <\/p><p><em>Dieser Beitrag ist auch als Audio-Podcast verf&uuml;gbar.<\/em><br>\n<!--more--><br>\n<\/p><div class=\"powerpress_player\" id=\"powerpress_player_282\"><!--[if lt IE 9]><script>document.createElement('audio');<\/script><![endif]-->\n<audio class=\"wp-audio-shortcode\" id=\"audio-104548-1\" preload=\"none\" style=\"width: 100%;\" controls=\"controls\"><source type=\"audio\/mpeg\" src=\"https:\/\/www.nachdenkseiten.de\/upload\/podcast\/230929-Dokumente-53-NDS.mp3?_=1\"><\/source><a href=\"https:\/\/www.nachdenkseiten.de\/upload\/podcast\/230929-Dokumente-53-NDS.mp3\">https:\/\/www.nachdenkseiten.de\/upload\/podcast\/230929-Dokumente-53-NDS.mp3<\/a><\/audio><\/div><p class=\"powerpress_links powerpress_links_mp3\">Podcast: <a href=\"https:\/\/www.nachdenkseiten.de\/upload\/podcast\/230929-Dokumente-53-NDS.mp3\" class=\"powerpress_link_pinw\" target=\"_blank\" title=\"Play in new window\" onclick=\"return powerpress_pinw('https:\/\/www.nachdenkseiten.de\/?powerpress_pinw=104548-podcast');\" rel=\"nofollow\">Play in new window<\/a> | <a href=\"https:\/\/www.nachdenkseiten.de\/upload\/podcast\/230929-Dokumente-53-NDS.mp3\" class=\"powerpress_link_d\" title=\"Download\" rel=\"nofollow\" download=\"230929-Dokumente-53-NDS.mp3\">Download<\/a><\/p><p>Der mit w&uuml;sten Beschimpfungen (&bdquo;Rechtsstaatverunsicherer&ldquo;, &bdquo;Gewaltbef&uuml;rworter&ldquo;, &bdquo;Sch&auml;dlinge&ldquo;) gegen Sch&ouml;fberger (SPD-MdL und sp&auml;ter Vorsitzender der M&uuml;nchner SPD) und seine Mitstreiter gew&uuml;rzte Konflikt gipfelte schlie&szlig;lich in einem trickreich eingef&auml;delten und vom Lokalteil der <em>S&uuml;ddeutschen Zeitung<\/em> vehement unterst&uuml;tzten Misstrauensantrag Dr. Vogels gegen den Parteivorstand, der mit dessen Abwahl vor&uuml;bergehend Erfolg hatte.<br>\nBei der ein Jahr sp&auml;ter stattfindenden turnusm&auml;&szlig;igen Neuwahl des Parteivorstands wurden bis auf eine Ausnahme alle vorher abgew&auml;hlten Vorstandsmitglieder mit gro&szlig;er Mehrheit wiedergew&auml;hlt. <\/p><p>Redaktionelle Anmerkung Albrecht M&uuml;ller: Der Hinweis auf dieses Dokument samt Text kam von Dr. Hans Bleibinhaus. Danke vielmals.<br>\nHans Bleibinhaus war damals Schatzmeister des abgew&auml;hlten Vorstands der M&uuml;nchner SPD und dann Stellvertreter im neu gew&auml;hlten Vorstand. Heute ist er gelegentlich <a href=\"https:\/\/www.nachdenkseiten.de\/?gastautor=hans-bleibinhaus\">Autor der NachDenkSeiten<\/a>. <\/p>\n","protected":false},"excerpt":{"rendered":"<p>Am Beginn der 1970er-Jahre gab es in der M&uuml;nchner SPD einen heftigen Links-rechts-Konflikt zwischen dem damaligen Oberb&uuml;rgermeister Dr. Hans-Jochen Vogel und dem linken Parteivorstand. Ausgel&ouml;st wurde er durch die Kritik der M&uuml;nchner Jungsozialisten an dem st&auml;ndigen Bem&uuml;hen des Oberb&uuml;rgermeisters um einen Schulterschluss mit der Rathaus-CSU, die in die Verabschiedung eines Juso-eigenen kommunalpolitischen Programms m&uuml;ndete. Der<\/p>\n<div class=\"readMore\"><a class=\"moretag\" href=\"https:\/\/www.nachdenkseiten.de\/?p=104548\">Weiterlesen<\/a><\/div>\n","protected":false},"author":2,"featured_media":104549,"comment_status":"closed","ping_status":"closed","sticky":false,"template":"","format":"standard","meta":{"spay_email":"","footnotes":""},"categories":[107,191],"tags":[353,359,3308,1636],"class_list":["post-104548","post","type-post","status-publish","format-standard","has-post-thumbnail","hentry","category-audio-podcast","category-spd","tag-jusos","tag-parteistroemungen","tag-serie-alter-interessanter-dokumente","tag-vogel-hans-jochen"],"jetpack_featured_media_url":"https:\/\/www.nachdenkseiten.de\/wp-content\/uploads\/2023\/09\/said53.jpg","_links":{"self":[{"href":"https:\/\/www.nachdenkseiten.de\/index.php?rest_route=\/wp\/v2\/posts\/104548","targetHints":{"allow":["GET"]}}],"collection":[{"href":"https:\/\/www.nachdenkseiten.de\/index.php?rest_route=\/wp\/v2\/posts"}],"about":[{"href":"https:\/\/www.nachdenkseiten.de\/index.php?rest_route=\/wp\/v2\/types\/post"}],"author":[{"embeddable":true,"href":"https:\/\/www.nachdenkseiten.de\/index.php?rest_route=\/wp\/v2\/users\/2"}],"replies":[{"embeddable":true,"href":"https:\/\/www.nachdenkseiten.de\/index.php?rest_route=%2Fwp%2Fv2%2Fcomments&post=104548"}],"version-history":[{"count":8,"href":"https:\/\/www.nachdenkseiten.de\/index.php?rest_route=\/wp\/v2\/posts\/104548\/revisions"}],"predecessor-version":[{"id":104656,"href":"https:\/\/www.nachdenkseiten.de\/index.php?rest_route=\/wp\/v2\/posts\/104548\/revisions\/104656"}],"wp:featuredmedia":[{"embeddable":true,"href":"https:\/\/www.nachdenkseiten.de\/index.php?rest_route=\/wp\/v2\/media\/104549"}],"wp:attachment":[{"href":"https:\/\/www.nachdenkseiten.de\/index.php?rest_route=%2Fwp%2Fv2%2Fmedia&parent=104548"}],"wp:term":[{"taxonomy":"category","embeddable":true,"href":"https:\/\/www.nachdenkseiten.de\/index.php?rest_route=%2Fwp%2Fv2%2Fcategories&post=104548"},{"taxonomy":"post_tag","embeddable":true,"href":"https:\/\/www.nachdenkseiten.de\/index.php?rest_route=%2Fwp%2Fv2%2Ftags&post=104548"}],"curies":[{"name":"wp","href":"https:\/\/api.w.org\/{rel}","templated":true}]}}