{"id":106435,"date":"2023-11-09T14:45:02","date_gmt":"2023-11-09T13:45:02","guid":{"rendered":"https:\/\/www.nachdenkseiten.de\/?p=106435"},"modified":"2023-11-14T14:07:10","modified_gmt":"2023-11-14T13:07:10","slug":"und-wieder-mal-eine-kampagne-gegen-die-gesetzliche-rente-und-fuer-die-aktienrente-der-sachverstaendigenrat-machts-moeglich","status":"publish","type":"post","link":"https:\/\/www.nachdenkseiten.de\/?p=106435","title":{"rendered":"Und wieder mal eine Kampagne gegen die Gesetzliche Rente und f\u00fcr die Aktienrente. Der Sachverst\u00e4ndigenrat machts m\u00f6glich."},"content":{"rendered":"<p>Heute fr&uuml;h machte P.H. H&ouml;ckelmann, ein Leser der NachDenkSeiten, <a href=\"https:\/\/www.ardmediathek.de\/video\/mex\/inflation-rente-und-co-wie-die-wirtschaftsweisen-in-die-zukunft-sehen\/hr-fernsehen\/NTBkODQ5ZmMtZTI0ZS00ZmI3LTg4Y2EtYjA3ODViOWU4YjMz\">auf eine Sendung der ARD<\/a> aufmerksam, die gestern Abend lief und in der mit Berufung auf Mitglieder des Sachverst&auml;ndigenrates die Leistungsf&auml;higkeit unseres Altersvorsorgesystems in Zweifel gezogen und die Hinwendung zur sogenannten Aktienrente empfohlen wurde. Unser Leser &sbquo;Was sind das &uuml;berhaupt f&uuml;r &bdquo;Wirtschaftsweisen&ldquo;?&lsquo; und meint, es w&auml;re mal wieder Zeit f&uuml;r einen Artikel der NachDenkSeiten zum Rententhema. &ndash; So ist es. Ich werde zun&auml;chst noch einige &Auml;u&szlig;erungen des Sachverst&auml;ndigenrates erg&auml;nzen und dann eine Reihe von fr&uuml;heren Beitr&auml;gen der NachDenkSeiten erw&auml;hnen und verlinken. In ihnen sind die Antworten auf die neuerdings gestellten Zweifel und Fragen gegeben. <strong>Albrecht M&uuml;ller<\/strong>.<\/p><p><em>Dieser Beitrag ist auch als Audio-Podcast verf&uuml;gbar.<\/em><br>\n<!--more--><br>\n<\/p><div class=\"powerpress_player\" id=\"powerpress_player_5332\"><!--[if lt IE 9]><script>document.createElement('audio');<\/script><![endif]-->\n<audio class=\"wp-audio-shortcode\" id=\"audio-106435-1\" preload=\"none\" style=\"width: 100%;\" controls=\"controls\"><source type=\"audio\/mpeg\" src=\"https:\/\/www.nachdenkseiten.de\/upload\/podcast\/231109-Kampagne-gegen-Gesetzliche-Rente-NDS.mp3?_=1\"><\/source><a href=\"https:\/\/www.nachdenkseiten.de\/upload\/podcast\/231109-Kampagne-gegen-Gesetzliche-Rente-NDS.mp3\">https:\/\/www.nachdenkseiten.de\/upload\/podcast\/231109-Kampagne-gegen-Gesetzliche-Rente-NDS.mp3<\/a><\/audio><\/div><p class=\"powerpress_links powerpress_links_mp3\">Podcast: <a href=\"https:\/\/www.nachdenkseiten.de\/upload\/podcast\/231109-Kampagne-gegen-Gesetzliche-Rente-NDS.mp3\" class=\"powerpress_link_pinw\" target=\"_blank\" title=\"Play in new window\" onclick=\"return powerpress_pinw('https:\/\/www.nachdenkseiten.de\/?powerpress_pinw=106435-podcast');\" rel=\"nofollow\">Play in new window<\/a> | <a href=\"https:\/\/www.nachdenkseiten.de\/upload\/podcast\/231109-Kampagne-gegen-Gesetzliche-Rente-NDS.mp3\" class=\"powerpress_link_d\" title=\"Download\" rel=\"nofollow\" download=\"231109-Kampagne-gegen-Gesetzliche-Rente-NDS.mp3\">Download<\/a><\/p><div class=\"imagewrap\"><img decoding=\"async\" src=\"https:\/\/www.nachdenkseiten.de\/upload\/bilder\/231109-rente-01.png\" alt=\"\" title=\"\"><\/div><p>Es ist eigentlich nicht auszuhalten, dass Zweifel, die im Laufe der letzten 25 Jahre immer wieder ge&auml;u&szlig;ert und widerlegt worden sind, nun wieder auf den Tisch gelegt werden &ndash; von erwachsenen Menschen, die sich Wissenschaftler nennen und dem sogenannten Sachverst&auml;ndigenrat zur Beurteilung der gesamtwirtschaftlichen Entwicklung angeh&ouml;ren. Als Volkswirt und Fachkollege dieser angeblichen Sachverst&auml;ndigen kann ich da eigentlich nur verzweifeln.<\/p><p>Die Vorsitzende des Rates, Professor Monika Schnitzer, meint am Anfang, das Problem sei, dass viele Menschen in Rente gehen, die nicht genug Kinder bekommen haben. Und ihr Kollege Professor Martin Werding meint, wir h&auml;tten ein gro&szlig;es Problem mit der Alterung unserer Gesellschaft und deshalb dringenden Reformbedarf. Wir m&uuml;ssten die Regelaltersgrenze weiter anheben &ndash; dar&uuml;ber kann man nachdenken &ndash; und wir br&auml;uchten eine erg&auml;nzende Kapitaldeckung, weil das ein Ausgleich sei f&uuml;r die gesunkene Geburtenrate.<\/p><p>Meine Tageszeitung erg&auml;nzt das Kapitel &bdquo;erg&auml;nzende Kapitaldeckung&ldquo; mit einer Passage, die tief blicken l&auml;sst. Ich zitiere:<\/p><blockquote><p>\n&bdquo;Auch junge Menschen sollten sich auf dem Arbeitsmarkt &uuml;ben, raten die Wirtschaftsweisen. Junge Menschen sollten ein staatliches Startkapital bekommen, etwa 10 Euro im Monat ab sechs Jahren, um dies in breit angelegten Aktienfonds zu investieren &ndash; in Begleitung durch Schulen und Eltern. Dadurch steige die finanzielle Bildung, und Kinder verl&ouml;ren Ber&uuml;hrungs&auml;ngste.&ldquo;\n<\/p><\/blockquote><p>In dieser zitierten Passage werden die Interessen sichtbar, die hinter dem Vorschlag stecken, die Gesetzliche Rente durch Formen der kapitalgedeckten Altersvorsorge zu erg&auml;nzen: die Finanzwirtschaft, die Banken, die Versicherungen und die B&ouml;rsen suchen neue Kunden.<\/p><p>Die Relation von arbeitsf&auml;higen und zur Beitragszahlung f&auml;higen Menschen auf der einen Seite und Menschen im Rentenalter auf der anderen Seite hat sich im Laufe der letzten 100 Jahre st&auml;ndig verschoben. Mit diesen Verschiebungen kann man fertig werden &ndash; dadurch, dass mehr Menschen in Arbeit kommen, dadurch, dass die Arbeit produktiver wird, also die Arbeitsproduktivit&auml;t w&auml;chst, auch dadurch, dass der Beitragssatz ein bisschen angehoben wird. Das bestehende Rentensystem ist durchaus flexibel und diese Flexibilit&auml;t hat dabei geholfen, in der Vergangenheit mit vielen Ver&auml;nderungen fertig zu werden.<\/p><p><strong>Im Folgenden werden bisherige Beitr&auml;ge der NachDenkSeiten zitiert und verlinkt. Wenn Sie die Zeit aufbringen k&ouml;nnen, dann gewinnen Sie dabei auch einen kleinen &Uuml;berblick &uuml;ber unsere Arbeit zum Thema Rente in den letzten 20 Jahren.<\/strong><\/p><p>Wir beginnen mit der Mail, mit der wir auf die aktuelle Debatte und die neuen &Auml;u&szlig;erungen des Sachverst&auml;ndigenrates aufmerksam gemacht worden sind:<\/p><p>Liebe Redaktion<\/p><p>z.Z. l&auml;uft mal wieder eine Kampanie zur Durchsetzung der Aktienrente, dabei kommen nur die Bef&uuml;rworter zu Wort.<\/p><p>Ein gutes Beispiel daf&uuml;r war die Sendung vom 08.11.2023 (fast schon unertr&auml;glich, sich das anzusehen): <a href=\"https:\/\/www.ardmediathek.de\/video\/mex\/inflation-rente-und-co-wie-die-wirtschaftsweisen-in-die-zukunft-sehen\/hr-fernsehen\/NTBkODQ5ZmMtZTI0ZS00ZmI3LTg4Y2EtYjA3ODViOWU4YjMz\">ardmediathek.de<\/a><\/p><p>Ist denn niemand da, der mal andere Argumente vorbringt? Fragt<\/p><p>Es w&auml;re mal wieder Zeit f&uuml;r einen Artikel von Euch &uuml;ber das Rententhema, man kann das nicht alles so erdulden wie in der Kirche (von der Kanzel wird gesprochen und es darf weder geklatscht werden noch Buhrufe).<\/p><p>Vielen Dank.<br>\nP.H.H&ouml;ckelmann<\/p><p><strong>In meinem Buch &bdquo;Die Reforml&uuml;ge&ldquo; habe ich 40 Denkfehler der wirtschafts- und gesellschaftspolitischen Debatte beschrieben, analysiert und aufgespie&szlig;t. Darunter sind drei Kapitel, die sich mit Demographie und Rente besch&auml;ftigen. Dazu nun nacheinander drei Texte:<\/strong><\/p><p>27. Januar 2020 um 16:03<br>\n<a href=\"https:\/\/www.nachdenkseiten.de\/?p=58008\"><strong>Erstaunliche Einsichten zur Bev&ouml;lkerungsentwicklung beim Namensgeber der R&uuml;rup-Kommission. Dazu ein lesenswerter Text aus der &bdquo;Reforml&uuml;ge&ldquo;: Denkfehler 5.<\/strong><\/a> : &bdquo;Wir werden immer weniger&ldquo;<\/p><p>10. Juni 2006 um 16:58<br>\n<a href=\"https:\/\/www.nachdenkseiten.de\/?p=1159\"><strong>Denkfehler 6: &raquo;Wir werden immer &auml;lter. Der Generationenvertrag tr&auml;gt nicht mehr.&laquo;<\/strong><\/a><br>\nAlbrecht M&uuml;ller. Auszug aus &bdquo;Die Reforml&uuml;ge. 40 Denkfehler, Mythen und Legenden, mit denen Politik und Wirtschaft Deutschland ruinieren&ldquo; \/ M&uuml;nchen 2004<br>\nQuelle:&nbsp;<a href=\"https:\/\/www.nachdenkseiten.de\/upload\/pdf\/060610_01.pdf\">Denkfehler Nr. 6: &ldquo;Wir werden immer &auml;lter &hellip;&rdquo; [PDF &ndash; 117 KB]<\/a><\/p><p><strong>Dazu, zum Denkfehler Nummer 7, noch ein Hinweis auf einen Artikel aus dem Jahr 2018. Er zeigt, dass die Diskussion im gleichen Stil weiterl&auml;uft:<\/strong><\/p><p>06. Juli 2018 um 14:36<br>\n<a href=\"https:\/\/www.nachdenkseiten.de\/?p=44817\"><strong>Denkfehler 7: &bdquo;Jetzt hilft nur noch private Vorsorge.&ldquo;<\/strong><\/a><\/p><p>Der gestrige Artikel &bdquo;<a href=\"https:\/\/www.nachdenkseiten.de\/?p=44798\">Das internationale Gro&szlig;e Geld beherrscht uns und die Europ&auml;ische Union. Ihre Bosse entscheiden z.B. dar&uuml;ber, wie wir unsere Altersvorsorge organisieren. Demokratie gleich null.<\/a>&ldquo; l&ouml;ste einige Leserbriefreaktionen aus. Zusammenstellung siehe unten. Im ersten Leserbrief wird auf einen Artikel in der S&uuml;ddeutschen Zeitung von gestern hingewiesen. Die SZ-Journalistin Boehringer&nbsp;<a href=\"http:\/\/www.sueddeutsche.de\/wirtschaft\/kommentar-einfach-loslegen-1.4039952\">schreibt dort<\/a>: &bdquo;Seit mehr als zwei Jahrzehnten ist bekannt, dass das staatliche Rentensystem in Richtung Grundversorgung schrumpft.&ldquo; Sie wirbt daf&uuml;r, sich mit dem Anlegen von Geld zu besch&auml;ftigen, auch f&uuml;r die private Altersvorsorge, denn &bdquo;die Renten werden weiter sinken&ldquo;. Wenn man das liest, dann kann man eigentlich nur noch verzweifeln. Diesen&nbsp;<a href=\"https:\/\/www.nachdenkseiten.de\/?p=247\">Denkfehler 7: &ldquo;Jetzt hilft nur noch private Vorsorge.&rdquo;<\/a>-Artikel hatten die NachDenkSeiten am 4. Januar 2005 ver&ouml;ffentlicht. Der Text stammt aus meinem Buch &bdquo;Die Reforml&uuml;ge&ldquo;, das im August 2004 erschien und in dem ich 40 Denkfehler, Mythen und Legenden abhandle. Das ist jetzt 14 Jahre her. Bei der Lekt&uuml;re der S&uuml;ddeutschen Zeitung und auch bei der Lekt&uuml;re anderer Mails zum gestern ver&ouml;ffentlichten Artikel muss ich den Eindruck gewinnen, dass Aufkl&auml;rung eigentlich nicht m&ouml;glich ist.&nbsp;<strong>Albrecht M&uuml;ller<\/strong>.<\/p><p><strong>Mit Norbert Bl&uuml;m, dem fr&uuml;heren Politiker von der CDU, zogen die NachDenkSeiten in Sachen Rente am gleichen Strick der Aufkl&auml;rung. Hier ein Beitrag von ihm f&uuml;r die NachDenkSeiten<\/strong> <strong> (Wir vermissen ihn):<\/strong><\/p><p><a href=\"https:\/\/www.nachdenkseiten.de\/?p=3813\">&bdquo;<strong>Die Rente ist noch immer sicher!&ldquo; von Norbert Bl&uuml;m<\/strong><\/a><br>\n09. M&auml;rz 2009 um 9:08<br>\nEin Artikel von&nbsp;<a href=\"https:\/\/www.nachdenkseiten.de\/?gastautor=norbert-bluem\">Norbert Bl&uuml;m<\/a><\/p><p><strong>Speziell zur Aktien-Rente haben wir Anfang dieses Jahres 2023 zwei Beitr&auml;ge gebracht:<\/strong><\/p><p>17. Januar 2023 um 11:13<br>\n<a href=\"https:\/\/www.nachdenkseiten.de\/?p=92598\"><strong>Lindners Aktienrente ist da &ndash; ein Taschenspielertrick ohne Sinn und Verstand<\/strong><\/a><\/p><p>27. Januar 2023 um 10:00<br>\n<a href=\"https:\/\/www.nachdenkseiten.de\/?p=93070\"><strong>Operation Aktienrente: &bdquo;Christian Lindner will mehr!&ldquo;<\/strong><\/a><\/p><p>Zum Schluss noch eine allgemeine Anmerkung zur reichhaltigen Quelle &bdquo;NachDenkSeiten&ldquo;: An den oben zitierten Hinweisen und Links auf Quellen in den NachDenkSeiten k&ouml;nnen Sie ablesen, dass es sich lohnt, gelegentlich in den NachDenkSeiten zu st&ouml;bern. Sie werden viele interessante Informationen finden. So wie hier aus aktuellem Anlass zur Rente.<\/p><p><em>Leserbriefe zu diesem Beitrag <a href=\"https:\/\/www.nachdenkseiten.de\/?p=106709\">finden Sie hier<\/a>.<\/em><\/p><p><small>Titelbild: Sachverst&auml;ndigenrat Wirtschaft<\/small><\/p>\n","protected":false},"excerpt":{"rendered":"<p>Heute fr&uuml;h machte P.H. H&ouml;ckelmann, ein Leser der NachDenkSeiten, <a href=\"https:\/\/www.ardmediathek.de\/video\/mex\/inflation-rente-und-co-wie-die-wirtschaftsweisen-in-die-zukunft-sehen\/hr-fernsehen\/NTBkODQ5ZmMtZTI0ZS00ZmI3LTg4Y2EtYjA3ODViOWU4YjMz\">auf eine Sendung der ARD<\/a> aufmerksam, die gestern Abend lief und in der mit Berufung auf Mitglieder des Sachverst&auml;ndigenrates die Leistungsf&auml;higkeit unseres Altersvorsorgesystems in Zweifel gezogen und die Hinwendung zur sogenannten Aktienrente empfohlen wurde. Unser Leser &sbquo;Was sind das &uuml;berhaupt f&uuml;r &bdquo;Wirtschaftsweisen&ldquo;?&lsquo; und meint, es<\/p>\n<div class=\"readMore\"><a class=\"moretag\" href=\"https:\/\/www.nachdenkseiten.de\/?p=106435\">Weiterlesen<\/a><\/div>\n","protected":false},"author":2,"featured_media":106436,"comment_status":"closed","ping_status":"closed","sticky":false,"template":"","format":"standard","meta":{"spay_email":"","footnotes":""},"categories":[107,123,129,40],"tags":[3147,1546,904,273,455],"class_list":["post-106435","post","type-post","status-publish","format-standard","has-post-thumbnail","hentry","category-audio-podcast","category-kampagnentarnworteneusprech","category-lobbyorganisationen-und-interessengebundene-wissenschaft","category-riester-ruerup-taeuschung-privatrente","tag-aktienrente","tag-ard","tag-grv","tag-privatvorsorge","tag-wirtschaftsweise"],"jetpack_featured_media_url":"https:\/\/www.nachdenkseiten.de\/wp-content\/uploads\/2023\/11\/231109-rente.jpg","_links":{"self":[{"href":"https:\/\/www.nachdenkseiten.de\/index.php?rest_route=\/wp\/v2\/posts\/106435","targetHints":{"allow":["GET"]}}],"collection":[{"href":"https:\/\/www.nachdenkseiten.de\/index.php?rest_route=\/wp\/v2\/posts"}],"about":[{"href":"https:\/\/www.nachdenkseiten.de\/index.php?rest_route=\/wp\/v2\/types\/post"}],"author":[{"embeddable":true,"href":"https:\/\/www.nachdenkseiten.de\/index.php?rest_route=\/wp\/v2\/users\/2"}],"replies":[{"embeddable":true,"href":"https:\/\/www.nachdenkseiten.de\/index.php?rest_route=%2Fwp%2Fv2%2Fcomments&post=106435"}],"version-history":[{"count":9,"href":"https:\/\/www.nachdenkseiten.de\/index.php?rest_route=\/wp\/v2\/posts\/106435\/revisions"}],"predecessor-version":[{"id":106712,"href":"https:\/\/www.nachdenkseiten.de\/index.php?rest_route=\/wp\/v2\/posts\/106435\/revisions\/106712"}],"wp:featuredmedia":[{"embeddable":true,"href":"https:\/\/www.nachdenkseiten.de\/index.php?rest_route=\/wp\/v2\/media\/106436"}],"wp:attachment":[{"href":"https:\/\/www.nachdenkseiten.de\/index.php?rest_route=%2Fwp%2Fv2%2Fmedia&parent=106435"}],"wp:term":[{"taxonomy":"category","embeddable":true,"href":"https:\/\/www.nachdenkseiten.de\/index.php?rest_route=%2Fwp%2Fv2%2Fcategories&post=106435"},{"taxonomy":"post_tag","embeddable":true,"href":"https:\/\/www.nachdenkseiten.de\/index.php?rest_route=%2Fwp%2Fv2%2Ftags&post=106435"}],"curies":[{"name":"wp","href":"https:\/\/api.w.org\/{rel}","templated":true}]}}