{"id":110529,"date":"2024-02-03T10:00:00","date_gmt":"2024-02-03T09:00:00","guid":{"rendered":"https:\/\/www.nachdenkseiten.de\/?p=110529"},"modified":"2024-02-02T20:02:27","modified_gmt":"2024-02-02T19:02:27","slug":"wir-erleben-zurzeit-ein-feuerwerk-von-propaganda-fuer-die-moeglichkeit-der-kriegsfuehrung","status":"publish","type":"post","link":"https:\/\/www.nachdenkseiten.de\/?p=110529","title":{"rendered":"\u201eWir erleben zurzeit ein Feuerwerk von Propaganda f\u00fcr die M\u00f6glichkeit der Kriegsf\u00fchrung\u201c"},"content":{"rendered":"<p>So lautete die &Uuml;berschrift eines zweiseitigen Textes, den ich als Bundestagsabgeordneter in meinem Wahlkreis, der S&uuml;dpfalz, und bei anderen einschl&auml;gigen Personen verteilte. <a href=\"https:\/\/www.nachdenkseiten.de\/upload\/pdf\/240203-said66.pdf\">Hier ist der Text<\/a>. Leider ist er heute so aktuell wie vor gut 30 Jahren. Am Ende des Textes, fett gedruckt, weise ich darauf hin, dass die drei wichtigen Worte des Nachkriegsdeutschlands, dass das Bekenntnis zu &bdquo;Nie wieder Krieg&ldquo; vergessen gemacht werden soll. Helfen Sie mit, dass dies nicht voll gelingt und dass im Gegenteil diese wichtige Einsicht wieder in die K&ouml;pfe und Herzen kommt. <strong>Albrecht M&uuml;ller<\/strong>.<\/p>\n","protected":false},"excerpt":{"rendered":"<p>So lautete die &Uuml;berschrift eines zweiseitigen Textes, den ich als Bundestagsabgeordneter in meinem Wahlkreis, der S&uuml;dpfalz, und bei anderen einschl&auml;gigen Personen verteilte. <a href=\"https:\/\/www.nachdenkseiten.de\/upload\/pdf\/240203-said66.pdf\">Hier ist der Text<\/a>. Leider ist er heute so aktuell wie vor gut 30 Jahren. Am Ende des Textes, fett gedruckt, weise ich darauf hin, dass die drei wichtigen Worte des Nachkriegsdeutschlands,<\/p>\n<div class=\"readMore\"><a class=\"moretag\" href=\"https:\/\/www.nachdenkseiten.de\/?p=110529\">Weiterlesen<\/a><\/div>\n","protected":false},"author":2,"featured_media":110530,"comment_status":"closed","ping_status":"closed","sticky":false,"template":"","format":"standard","meta":{"spay_email":"","footnotes":""},"categories":[123,11],"tags":[3293,1120,466,3308],"class_list":["post-110529","post","type-post","status-publish","format-standard","has-post-thumbnail","hentry","category-kampagnentarnworteneusprech","category-strategien-der-meinungsmache","tag-bellizismus","tag-friedensbewegung","tag-nato","tag-serie-alter-interessanter-dokumente"],"jetpack_featured_media_url":"https:\/\/www.nachdenkseiten.de\/wp-content\/uploads\/2024\/02\/said66.jpg","_links":{"self":[{"href":"https:\/\/www.nachdenkseiten.de\/index.php?rest_route=\/wp\/v2\/posts\/110529","targetHints":{"allow":["GET"]}}],"collection":[{"href":"https:\/\/www.nachdenkseiten.de\/index.php?rest_route=\/wp\/v2\/posts"}],"about":[{"href":"https:\/\/www.nachdenkseiten.de\/index.php?rest_route=\/wp\/v2\/types\/post"}],"author":[{"embeddable":true,"href":"https:\/\/www.nachdenkseiten.de\/index.php?rest_route=\/wp\/v2\/users\/2"}],"replies":[{"embeddable":true,"href":"https:\/\/www.nachdenkseiten.de\/index.php?rest_route=%2Fwp%2Fv2%2Fcomments&post=110529"}],"version-history":[{"count":5,"href":"https:\/\/www.nachdenkseiten.de\/index.php?rest_route=\/wp\/v2\/posts\/110529\/revisions"}],"predecessor-version":[{"id":110538,"href":"https:\/\/www.nachdenkseiten.de\/index.php?rest_route=\/wp\/v2\/posts\/110529\/revisions\/110538"}],"wp:featuredmedia":[{"embeddable":true,"href":"https:\/\/www.nachdenkseiten.de\/index.php?rest_route=\/wp\/v2\/media\/110530"}],"wp:attachment":[{"href":"https:\/\/www.nachdenkseiten.de\/index.php?rest_route=%2Fwp%2Fv2%2Fmedia&parent=110529"}],"wp:term":[{"taxonomy":"category","embeddable":true,"href":"https:\/\/www.nachdenkseiten.de\/index.php?rest_route=%2Fwp%2Fv2%2Fcategories&post=110529"},{"taxonomy":"post_tag","embeddable":true,"href":"https:\/\/www.nachdenkseiten.de\/index.php?rest_route=%2Fwp%2Fv2%2Ftags&post=110529"}],"curies":[{"name":"wp","href":"https:\/\/api.w.org\/{rel}","templated":true}]}}