{"id":1184,"date":"2006-04-05T16:46:51","date_gmt":"2006-04-05T14:46:51","guid":{"rendered":"http:\/\/www.nachdenkseiten.de\/v2\/?p=1184"},"modified":"2016-02-14T16:02:36","modified_gmt":"2016-02-14T15:02:36","slug":"nullrunden-fur-rentner-weil-die-rentenkassen-klamm-sind-aber-franz-muntefering-will-auf-bis-zu-61-milliarden-euro-rentenversicherungsbeitrage-von-scheinselbstandigen-gmbh-chefs-verzi","status":"publish","type":"post","link":"https:\/\/www.nachdenkseiten.de\/?p=1184","title":{"rendered":"Nullrunden f\u00fcr Rentner, weil die Rentenkassen klamm sind, aber Franz M\u00fcntefering will auf bis zu 61 Milliarden Euro Rentenversicherungsbeitr\u00e4ge von scheinselbst\u00e4ndigen \u201eGmbH-Chefs\u201c verzichten."},"content":{"rendered":"<p>Das Bundessozialgericht (BSG) hat in einem erst jetzt ver&ouml;ffentlichten Urteil entschieden, dass ein Allein-Gesch&auml;ftsf&uuml;hrer einer Ein-Mann-GmbH als &bdquo;arbeitnehmer&auml;hnlicher Selbst&auml;ndiger&ldquo; anzusehen ist und damit der gesetzlichen Rentenversicherungspflicht unterliegt. Sch&auml;tzungsweise eine halbe Million Gesch&auml;ftsf&uuml;hrer, die ausschlie&szlig;lich f&uuml;r ihre eigene GmbH arbeiten k&ouml;nnten nach diesem Urteil versicherungspflichtig werden. Nachzahlungen bis zu &uuml;ber 60.000 Euro pro Kopf und einem Gesamtvolumen von 61 Milliarden Euro f&uuml;r die Rentenkasse k&ouml;nnten f&auml;llig werden. Doch statt &ndash; wie vor allem von Sozialdemokraten gefordert &ndash; die Rentenkasse durch eine Ausdehnung des Personenkreises der Beitragszahler zu entlasten, will Sozialminister Franz M&uuml;ntefering auf diese Milliardeneinnahmen durch eine &bdquo;gesetzliche Klarstellung&ldquo; verzichten. Zur &bdquo;Sanierung&ldquo; der Rentenkasse verlangt man lieber Opfer von den Rentnern, etwa durch Nullrunden bis 2009 oder Rentenk&uuml;rzungen ab 2012 durch die Einf&uuml;hrung des &bdquo;Nachhaltigkeitsfaktors&ldquo;, sogar eine K&uuml;rzung der Bundeszusch&uuml;sse f&uuml;r die Rentenkasse ist geplant.<br>\n<!--more--><br>\nDas Bundessozialgericht (BSG) st&uuml;tzt sein <a href=\"http:\/\/www.bvw-gmbh.de\/fileadmin\/download\/Urteile_Sozialrecht\/BSG_B12_KR_18_04_R.pdf\" title=\"Externer Link zu http:\/\/www.bvw-gmbh.de\/fileadmin\/download\/Urteile_Sozialrecht\/BSG_B12_KR_18_04_R.pdf\">Urteil vom 24.11. 2005 [PDF &ndash; 24 KB]<\/a>, das erst im M&auml;rz 2006 ver&ouml;ffentlicht wurde, auf &sect; 2 Satz 1 Nr. 9 Sozialgesetzbuch VI. Diese Vorschrift wurde zum 01.01.1999 eingef&uuml;hrt. Sie besagt, dass der &bdquo;Selbst&auml;ndige&ldquo;, der selbst keine Arbeitnehmer besch&auml;ftigt und der im Wesentlichen selbst nur f&uuml;r einen Auftraggeber arbeitet, der gesetzlichen Rentenversicherung unterliegt. Betroffen von dieser Regelung sind also alle diejenigen &bdquo;GmbH-Chefs&ldquo;, die bisher aufgrund ihrer Beteiligung an der GmbH (also so genannte Gesellschafter-Gesch&auml;ftsf&uuml;hrer), nicht als Arbeitnehmer sondern als Selbst&auml;ndiger eingestuft wurden. Hat dieser &bdquo;selbst&auml;ndige&ldquo; Gesellschafter-Gesch&auml;ftsf&uuml;hrer selbst keine Angestellten und arbeitet er selbst nur f&uuml;r seine GmbH, so soll er nach der Entscheidung des BSG der gesetzlichen Rentenversicherung unterliegen.<br>\nDa die Beitr&auml;ge auch r&uuml;ckwirkend f&uuml;r die letzten vier Jahre h&auml;tten verlangt werden k&ouml;nnen, f&uuml;rchteten viele Selbstst&auml;ndige f&uuml;nfstellige Nachforderungen der Rentenkassen. Das l&ouml;ste einen Proteststurm der Wirtschaftsverb&auml;nde und nat&uuml;rlich auch der FDP aus, vor dem die Bundesregierung jetzt offenbar eingeknickt ist.<\/p><p>Den weit &uuml;ber 20 Millionen Beziehern von Rentenleistungen scheint die Bundesregierung jedenfalls eher &bdquo;Opfer&ldquo; zumuten zu k&ouml;nnen, als die Heranziehung einer halben Million scheinselbst&auml;ndiger Gesch&auml;ftsf&uuml;hrer ihrer eigenen GmbH zur gesetzlichen Rente.<br>\nDeshalb wird wohl dieses Thema auch nicht breit &ouml;ffentlich diskutiert, sondern kommt nur in kleinen Meldungen etwa der FR vom 5.4.06 oder in der <a href=\"http:\/\/www.ftd.de\/politik\/deutschland\/62261.html\" title=\"Externer Link zu http:\/\/www.ftd.de\/politik\/deutschland\/62261.html\">FTD<\/a> vor.<\/p><p>Man mag daraus seine Schl&uuml;sse ziehen, wie ernsthaft die Forderung der SPD nach einer Erweiterung des Personenkreises und der Heranziehung von Kapitaleinkommen nach dem Modell der B&uuml;rgerversicherung im Gesundheitswesen bei der anstehenden Kompromisssuche f&uuml;r die demn&auml;chst anstehende neuerliche &bdquo;Reform&ldquo; der Gesundheitsreform vertreten werden d&uuml;rfte.<\/p><p>Gegen die r&uuml;ckwirkende Zahlungspflicht k&ouml;nnte man einwenden, damit w&uuml;rden viele Existenzen ruiniert. Das abzuw&auml;gen ist berechtigt. Aber eine solche Abw&auml;gung erkl&auml;rt nicht, warum f&uuml;r die Zukunft die Meinung des Bundessozialgerichts nicht ernst genommen werden sollte.\t<\/p>\n","protected":false},"excerpt":{"rendered":"<p>Das Bundessozialgericht (BSG) hat in einem erst jetzt ver&ouml;ffentlichten Urteil entschieden, dass ein Allein-Gesch&auml;ftsf&uuml;hrer einer Ein-Mann-GmbH als &bdquo;arbeitnehmer&auml;hnlicher Selbst&auml;ndiger&ldquo; anzusehen ist und damit der gesetzlichen Rentenversicherungspflicht unterliegt. Sch&auml;tzungsweise eine halbe Million Gesch&auml;ftsf&uuml;hrer, die ausschlie&szlig;lich f&uuml;r ihre eigene GmbH arbeiten k&ouml;nnten nach diesem Urteil versicherungspflichtig werden. Nachzahlungen bis zu &uuml;ber 60.000 Euro pro Kopf und einem<\/p>\n<div class=\"readMore\"><a class=\"moretag\" href=\"https:\/\/www.nachdenkseiten.de\/?p=1184\">Weiterlesen<\/a><\/div>\n","protected":false},"author":3,"featured_media":0,"comment_status":"closed","ping_status":"open","sticky":false,"template":"","format":"standard","meta":{"spay_email":"","footnotes":""},"categories":[39],"tags":[216,904,251],"class_list":["post-1184","post","type-post","status-publish","format-standard","hentry","category-rente","tag-bsg","tag-grv","tag-muentefering-franz"],"jetpack_featured_media_url":"","_links":{"self":[{"href":"https:\/\/www.nachdenkseiten.de\/index.php?rest_route=\/wp\/v2\/posts\/1184","targetHints":{"allow":["GET"]}}],"collection":[{"href":"https:\/\/www.nachdenkseiten.de\/index.php?rest_route=\/wp\/v2\/posts"}],"about":[{"href":"https:\/\/www.nachdenkseiten.de\/index.php?rest_route=\/wp\/v2\/types\/post"}],"author":[{"embeddable":true,"href":"https:\/\/www.nachdenkseiten.de\/index.php?rest_route=\/wp\/v2\/users\/3"}],"replies":[{"embeddable":true,"href":"https:\/\/www.nachdenkseiten.de\/index.php?rest_route=%2Fwp%2Fv2%2Fcomments&post=1184"}],"version-history":[{"count":1,"href":"https:\/\/www.nachdenkseiten.de\/index.php?rest_route=\/wp\/v2\/posts\/1184\/revisions"}],"predecessor-version":[{"id":31213,"href":"https:\/\/www.nachdenkseiten.de\/index.php?rest_route=\/wp\/v2\/posts\/1184\/revisions\/31213"}],"wp:attachment":[{"href":"https:\/\/www.nachdenkseiten.de\/index.php?rest_route=%2Fwp%2Fv2%2Fmedia&parent=1184"}],"wp:term":[{"taxonomy":"category","embeddable":true,"href":"https:\/\/www.nachdenkseiten.de\/index.php?rest_route=%2Fwp%2Fv2%2Fcategories&post=1184"},{"taxonomy":"post_tag","embeddable":true,"href":"https:\/\/www.nachdenkseiten.de\/index.php?rest_route=%2Fwp%2Fv2%2Ftags&post=1184"}],"curies":[{"name":"wp","href":"https:\/\/api.w.org\/{rel}","templated":true}]}}