{"id":122525,"date":"2024-10-05T11:00:42","date_gmt":"2024-10-05T09:00:42","guid":{"rendered":"https:\/\/www.nachdenkseiten.de\/?p=122525"},"modified":"2024-10-05T03:39:29","modified_gmt":"2024-10-05T01:39:29","slug":"argentinien-massendemonstrationen-gegen-milei-und-fuer-die-oeffentliche-universitaet","status":"publish","type":"post","link":"https:\/\/www.nachdenkseiten.de\/?p=122525","title":{"rendered":"Argentinien: Massendemonstrationen gegen Milei und f\u00fcr die \u00f6ffentliche Universit\u00e4t"},"content":{"rendered":"<p>Am Mittwoch haben in Buenos Aires und anderen St&auml;dten Demonstrationen zugunsten der staatlichen Universit&auml;ten stattgefunden. Der Protest richtete sich gegen das Veto des Pr&auml;sidenten gegen das vom Parlament verabschiedete Finanzierungsgesetz. Sch&auml;tzungen zur Folge gingen im ganzen Land &uuml;ber zwei Millionen Menschen auf die Stra&szlig;e, in der Hauptstadt selbst fast eine Million. Aufgerufen hatten Studentenorganisationen (Federaci&oacute;n Universitaria Argentina), der Nationale Interuniversit&auml;re Rat (CIN) sowie die Gewerkschaften der Dozenten und Mitarbeiter. Unterst&uuml;tzt wurde der Aufruf von den Gewerkschaftsverb&auml;nden und der politischen Opposition. Von <strong>Miguel Arndt<\/strong>.<br>\n<!--more--><br>\nZahlreiche Pers&ouml;nlichkeiten aus Politik und Gesellschaft nahmen teil, darunter auch Mitglieder von politischen Parteien, die der Regierung nahestehen, wie beispielsweise der ehemalige B&uuml;rgermeister von Buenos Aires, Horacio Rodriguez Larreta oder der Abgeordnete und Vorsitzende der Radikalen Partei (UCR) Mart&iacute;n Losteau. Selbstverst&auml;ndlich marschierten auch Abgeordnete der Opposition mit.<\/p><div class=\"external-2click\" data-provider=\"X (Twitter)\" data-provider-slug=\"twitter\"><div class=\"external-placeholder\"><p><strong>Externer Inhalt<\/strong><\/p><p>Beim Laden des Tweets werden Daten an X (ehemals Twitter) &uuml;bertragen.<\/p><button type=\"button\" class=\"external-load\">Inhalt von X (Twitter) zulassen<\/button><\/div><div class=\"external-content\"><blockquote class=\"external-2click-target twitter-tweet\" data-media-max-width=\"560\">\n<p lang=\"es\" dir=\"ltr\">El pueblo<br>Empoderado<br>Fin. <a href=\"https:\/\/t.co\/O2EiXa7cIW\">pic.twitter.com\/O2EiXa7cIW<\/a><\/p>\n<p>&mdash; SERGIO RODRIGUEZ &#9996;&#65039; (@sergiopeinador) <a href=\"https:\/\/twitter.com\/sergiopeinador\/status\/1841615042099150942?ref_src=twsrc%5Etfw\">October 2, 2024<\/a><\/p><\/blockquote><\/div><div class=\"external-optout\"><a href=\"#\" data-revoke=\"twitter\">Inhalte von X (Twitter) nicht mehr zulassen<\/a><\/div><\/div><p> <\/p><p>Der unterlegene Pr&auml;sidentschaftskandidat Sergio Massa nahm teil, und auch Ex-Pr&auml;sidentin Cristina Kirchner lie&szlig; sich sehen, als einer der Umz&uuml;ge vor ihrem B&uuml;ro in der Stiftung Fundaci&oacute;n Patria vorbeizog. Unter ihrer Regierung wurden 18 neue staatliche Universit&auml;ten <a href=\"https:\/\/vocesenelfenix.economicas.uba.ar\/la-universidad-en-los-gobiernos-kirchner-la-expansion-de-oportunidades-y-sus-matices\/\">gegr&uuml;ndet<\/a>, acht davon im Gro&szlig;raum Buenos Aires und der Rest in den Provinzen &ndash; mit dem ausdr&uuml;cklichen Ziel, bisher vernachl&auml;ssigten Gegenden einen besseren Zugang zur h&ouml;heren Bildung zu erm&ouml;glichen. Die Regierung Milei hatte gleich nach Antritt f&uuml;nf bereits <a href=\"https:\/\/periferia.com.ar\/politica-cientifica\/el-gobierno-cancelo-la-creacion-de-las-cinco-universidades-aprobadas-en-2023\/\">beschlossene<\/a> neue Hochschulprojekte gestrichen.<\/p><div class=\"external-2click\" data-provider=\"X (Twitter)\" data-provider-slug=\"twitter\"><div class=\"external-placeholder\"><p><strong>Externer Inhalt<\/strong><\/p><p>Beim Laden des Tweets werden Daten an X (ehemals Twitter) &uuml;bertragen.<\/p><button type=\"button\" class=\"external-load\">Inhalt von X (Twitter) zulassen<\/button><\/div><div class=\"external-content\"><blockquote class=\"external-2click-target twitter-tweet\">\n<p lang=\"es\" dir=\"ltr\">Una genialidad &hellip;.sobran las palabras ! <a href=\"https:\/\/t.co\/HzoAwcQpXe\">pic.twitter.com\/HzoAwcQpXe<\/a><\/p>\n<p>&mdash; SERGIO RODRIGUEZ &#9996;&#65039; (@sergiopeinador) <a href=\"https:\/\/twitter.com\/sergiopeinador\/status\/1841840103028662486?ref_src=twsrc%5Etfw\">October 3, 2024<\/a><\/p><\/blockquote><\/div><div class=\"external-optout\"><a href=\"#\" data-revoke=\"twitter\">Inhalte von X (Twitter) nicht mehr zulassen<\/a><\/div><\/div><p> <\/p><p>Pr&auml;sident Milei war von der Demonstration offenbar unbeeindruckt. Am Abend lie&szlig; er sein Veto zu dem Finanzierungsgesetz <a href=\"https:\/\/www.pagina12.com.ar\/772041-texto-completo-del-veto-de-milei-a-la-ley-de-financiamiento-?utm_source=twitter&amp;utm_medium=dlvr.it\">ver&ouml;ffentlichen<\/a>. Er argumentierte &auml;hnlich wie beim Veto der Rentenanpassungen: Es gebe keine Mittel daf&uuml;r im Budget, es w&uuml;rde technische Probleme mit sich bringen, die eine geordnete Umsetzung unm&ouml;glich machen und es wirke sich negativ auf die politischen und wirtschaftlichen Ziele der Regierung aus.<\/p><p>Die Opposition hat bereits angek&uuml;ndigt, dass sie dieses Veto am kommenden Mittwoch <a href=\"https:\/\/www.ambito.com\/politica\/universidades-el-miercoles-se-vota-financiamiento-y-el-gobierno-aun-no-tiene-los-votos-blindar-el-veto-n6066642\">kippen<\/a> will. Dazu werden zwei Drittel der Stimmen der anwesenden Parlamentarier ben&ouml;tigt. Im Gegensatz zu der Abstimmung gegen das Veto gegen die Rentenanpassung sieht es derzeit so aus, dass sie diese Stimmen bekommen k&ouml;nnten. Auch die &bdquo;freundliche Opposition&rdquo; der Union C&iacute;vica Radical und sogar Teile der mit Milei verb&uuml;ndeten Partei Propuesta Republicana haben <a href=\"https:\/\/www.tiempoar.com.ar\/ta_article\/oposicion-diputados-voltear-veto\/\">angek&uuml;ndigt<\/a>, dass sie dabei sein werden. Die Regierung erw&auml;gt deshalb, das Gesetz &uuml;ber die gerichtliche Schiene anzufechten.<\/p><p>In den letzten Tagen hatten regierungsnahe Kreise versucht, den Aufruf zu den Demonstrationen zu <a href=\"https:\/\/www.perfil.com\/noticias\/politica\/las-operaciones-del-gobierno-para-desacreditar-la-marcha-por-las-universidades-publicas.phtml\">diskreditieren<\/a>. Es wurden zahlreiche Meldungen &uuml;ber vermeintlichen Missbrauch von Steuergeldern, zu hohe Geh&auml;lter, angebliche &bdquo;Geisterstudenten&rdquo; und Verweigerung der Universit&auml;ten, sich &uuml;berpr&uuml;fen zu lassen, verbreitet. Auch Pr&auml;sident Milei selbst hatte &uuml;ber <em>Twitter<\/em> daran <a href=\"https:\/\/www.ambito.com\/politica\/la-reaccion-javier-milei-la-marcha-hablo-golpistas-y-afirmo-que-las-universidades-no-estan-peligro-n6066436\">teilgenommen<\/a> und behauptet, die Proteste w&auml;ren Teil eines Staatsstreichversuchs und der Erhalt von unrechtm&auml;&szlig;igen Privilegien. <\/p><p>Dieses Thema bewegt die &Ouml;ffentlichkeit sehr stark: Die argentinische Gesellschaft ist sehr stolz auf ihre &ouml;ffentlichen Universit&auml;ten. Die j&uuml;ngsten Umfragen, die in diesem Kontext gemacht wurden, <a href=\"https:\/\/www.pagina12.com.ar\/771943-las-encuestas-relfejan-el-humor-de-la-calle\">zeigen die Unterst&uuml;tzung einer gro&szlig;en Mehrheit<\/a> f&uuml;r das Finanzierungsgesetz und gegen das Veto des Pr&auml;sidenten.<\/p><p>Dies ist auch den regierungsnahen Parteien bewusst, vor allem der UCR, die stark in den Studentenvertretungen repr&auml;sentiert ist. Ihre N&auml;he zur Regierung hat jedoch bereits Auswirkungen gezeigt, und bei den j&uuml;ngsten Wahlen in der Universit&auml;t von Buenos Aires sind mehrere Bereiche, die traditionell von der Radikalen Partei dominiert wurden, an die Peronisten oder an Vertreter linker Parteien <a href=\"https:\/\/www.letrap.com.ar\/universidades\/elecciones-la-uba-quienes-presiden-los-13-centros-estudiantes-n5410590\">gegangen<\/a>.<\/p><p>Dieser Artikel erschien zuerst auf <a href=\"https:\/\/amerika21.de\/2024\/10\/271785\/massendemonstration-universitaet\">Amerika21<\/a>. <\/p><p><small>Titelbild: Screenshot von TeleSur (<a href=\"https:\/\/x.com\/telesurenglish\">@telesurenglish<\/a>)<\/small><\/p><div class=\"moreLikeThis\">\n<p><strong>Mehr zum Thema:<\/strong><\/p>\n<p><a href=\"https:\/\/www.nachdenkseiten.de\/?p=120504\">Regierungskrise in Argentinien: Spannungen zwischen Milei und Vizepr&auml;sidentin Villarruel eskalieren<\/a><\/p>\n<p><a href=\"https:\/\/www.nachdenkseiten.de\/?p=119722\">Interview zur Lage in Argentinien: &bdquo;Milei hat es geschafft, weite Teile des Parteiensystems zu zerst&ouml;ren&ldquo;<\/a><\/p>\n<p><a href=\"https:\/\/www.nachdenkseiten.de\/?p=115981\">Die bisherige Bilanz der Milei-Regierung in Argentinien: Armut, Hunger und Arbeitslosigkeit massiv gestiegen<\/a><\/p>\n<p><a href=\"https:\/\/www.nachdenkseiten.de\/?p=114418\">Argentinien: Milei verk&uuml;ndet &bdquo;neue au&szlig;enpolitische Doktrin&rdquo; und Allianz mit der NATO<\/a><\/p>\n<\/div><p><img loading=\"lazy\" decoding=\"async\" src=\"https:\/\/ssl-vg03.met.vgwort.de\/na\/b181e8b47e6441e5bc7a8b46daf8cdb2\" width=\"1\" height=\"1\" alt=\"\" title=\"\"><\/p>\n","protected":false},"excerpt":{"rendered":"<p>Am Mittwoch haben in Buenos Aires und anderen St&auml;dten Demonstrationen zugunsten der staatlichen Universit&auml;ten stattgefunden. Der Protest richtete sich gegen das Veto des Pr&auml;sidenten gegen das vom Parlament verabschiedete Finanzierungsgesetz. Sch&auml;tzungen zur Folge gingen im ganzen Land &uuml;ber zwei Millionen Menschen auf die Stra&szlig;e, in der Hauptstadt selbst fast eine Million. Aufgerufen hatten Studentenorganisationen (Federaci&oacute;n<\/p>\n<div class=\"readMore\"><a class=\"moretag\" href=\"https:\/\/www.nachdenkseiten.de\/?p=122525\">Weiterlesen<\/a><\/div>\n","protected":false},"author":11,"featured_media":122526,"comment_status":"closed","ping_status":"closed","sticky":false,"template":"","format":"standard","meta":{"spay_email":"","footnotes":""},"categories":[135,17,20],"tags":[965,282,409,3420],"class_list":["post-122525","post","type-post","status-publish","format-standard","has-post-thumbnail","hentry","category-finanzpolitik","category-hochschulen-und-wissenschaft","category-landerberichte","tag-argentinien","tag-buergerproteste","tag-bildungschancen","tag-milei-javier"],"jetpack_featured_media_url":"https:\/\/www.nachdenkseiten.de\/wp-content\/uploads\/2024\/10\/Cover_Argentina.png","_links":{"self":[{"href":"https:\/\/www.nachdenkseiten.de\/index.php?rest_route=\/wp\/v2\/posts\/122525","targetHints":{"allow":["GET"]}}],"collection":[{"href":"https:\/\/www.nachdenkseiten.de\/index.php?rest_route=\/wp\/v2\/posts"}],"about":[{"href":"https:\/\/www.nachdenkseiten.de\/index.php?rest_route=\/wp\/v2\/types\/post"}],"author":[{"embeddable":true,"href":"https:\/\/www.nachdenkseiten.de\/index.php?rest_route=\/wp\/v2\/users\/11"}],"replies":[{"embeddable":true,"href":"https:\/\/www.nachdenkseiten.de\/index.php?rest_route=%2Fwp%2Fv2%2Fcomments&post=122525"}],"version-history":[{"count":4,"href":"https:\/\/www.nachdenkseiten.de\/index.php?rest_route=\/wp\/v2\/posts\/122525\/revisions"}],"predecessor-version":[{"id":122595,"href":"https:\/\/www.nachdenkseiten.de\/index.php?rest_route=\/wp\/v2\/posts\/122525\/revisions\/122595"}],"wp:featuredmedia":[{"embeddable":true,"href":"https:\/\/www.nachdenkseiten.de\/index.php?rest_route=\/wp\/v2\/media\/122526"}],"wp:attachment":[{"href":"https:\/\/www.nachdenkseiten.de\/index.php?rest_route=%2Fwp%2Fv2%2Fmedia&parent=122525"}],"wp:term":[{"taxonomy":"category","embeddable":true,"href":"https:\/\/www.nachdenkseiten.de\/index.php?rest_route=%2Fwp%2Fv2%2Fcategories&post=122525"},{"taxonomy":"post_tag","embeddable":true,"href":"https:\/\/www.nachdenkseiten.de\/index.php?rest_route=%2Fwp%2Fv2%2Ftags&post=122525"}],"curies":[{"name":"wp","href":"https:\/\/api.w.org\/{rel}","templated":true}]}}