{"id":123473,"date":"2024-10-22T11:00:43","date_gmt":"2024-10-22T09:00:43","guid":{"rendered":"https:\/\/www.nachdenkseiten.de\/?p=123473"},"modified":"2024-10-22T11:28:32","modified_gmt":"2024-10-22T09:28:32","slug":"russisches-desinformationsoekosystem-auswaertiges-amt-weigert-sich-un-expertin-belege-fuer-baerbocks-gaza-aeusserung-zu-praesentieren","status":"publish","type":"post","link":"https:\/\/www.nachdenkseiten.de\/?p=123473","title":{"rendered":"\u201eRussisches Desinformations\u00f6kosystem\u201c &#8211; Ausw\u00e4rtiges Amt weigert sich, UN-Expertin Belege f\u00fcr Baerbocks Gaza-\u00c4u\u00dferung zu pr\u00e4sentieren"},"content":{"rendered":"<p>Die UN-Sonderberichterstatterin f&uuml;r die besetzten pal&auml;stinensischen Gebiete, Francesca Albanese, hat Au&szlig;enministerin Annalena Baerbock aufgefordert, Beweise f&uuml;r ihre Behauptung vom 10.&nbsp;Oktober im Bundestag vorzulegen und zu erkl&auml;ren, wie der Verlust des Schutzstatus ziviler Objekte die Massaker rechtfertigt, die Israel in Gaza und Libanon begeht. Die <em>NachDenkSeiten<\/em> wollten vom Ausw&auml;rtigen Amt wissen, ob die Ministerin plane, dieser Aufforderung der UN-Sonderberichterstatterin nachzukommen. Die Antwort geriet zu einem neuen Tiefpunkt deutscher Nahostpolitik. Von <strong>Florian Warweg<\/strong>.<br>\n<!--more--><br>\n<div class=\"external-2click\" data-provider=\"Youtube\" data-provider-slug=\"youtube\"><div class=\"external-placeholder\"><p><strong>Externer Inhalt<\/strong><\/p><p>Beim Laden des Videos werden Daten an Youtube &uuml;bertragen.<\/p><button type=\"button\" class=\"external-load\">Inhalt von Youtube zulassen<\/button><\/div><div class=\"external-content\"><iframe loading=\"lazy\" width=\"560\" height=\"315\" src=\"\" frameborder=\"0\" allowfullscreen class=\"external-2click-target \" data-src=\"https:\/\/www.youtube-nocookie.com\/embed\/a9AKMoDFiXo\"><\/iframe><\/div><div class=\"external-optout\"><a href=\"#\" data-revoke=\"youtube\">Inhalte von Youtube nicht mehr zulassen<\/a><\/div><\/div><\/p><p><strong>Auszug aus dem Wortprotokoll der Regierungspressekonferenz vom 16. Oktober 2024<\/strong><\/p><p><strong>Frage Warweg<\/strong><br>\nDie UN-Sonderberichterstatterin f&uuml;r die besetzten pal&auml;stinensischen Gebiete, Francesca Albanese, hat Au&szlig;enministerin Baerbock aufgefordert, Beweise f&uuml;r ihre Behauptung vom 10.&nbsp;Oktober im Bundestag vorzulegen und zu erkl&auml;ren, wie der Verlust des Schutzstatus ziviler Objekte die Massaker rechtfertigt, die Israel in Gaza und Libanon begeht. Plant die Ministerin, dieser Aufforderung der UN-Sonderberichterstatterin nachzukommen?<\/p><p><strong>Fischer (AA)<\/strong><br>\nGing es um den Ausschnitt aus der Bundestagsrede der Ministerin?<\/p><p><strong>Zusatz Warweg<\/strong><br>\nUm den ging es.<\/p><p><strong>Fischer (AA)<\/strong><br>\nZun&auml;chst ist Ihnen vielleicht aufgefallen, dass der Ausschnitt der Rede zuerst auf einer Plattform verbreitet wurde, die zum russischen Desinformations&ouml;kosystem geh&ouml;rt&nbsp;&ndash; ich meine, das wird Ihnen nicht ganz fremd sein.<\/p><p><strong>Zuruf Warweg<\/strong><br>\nLustig, lustig!<\/p><p><strong>Fischer (AA)<\/strong><br>\nIch kann allen, die dieses Video verfolgt haben, nur raten, die gesamte Rede der Bundesau&szlig;enministerin zu h&ouml;ren, weil da n&auml;mlich ein kleiner Snippet rausgeholt wurde.<\/p><p>Der Punkt ist doch: Sie hat gesagt, dass zivile Objekte den Schutz des V&ouml;lkerrechts unter bestimmten Bedingungen verlieren k&ouml;nnen. Dazu geh&ouml;rt nat&uuml;rlich, dass die Verh&auml;ltnism&auml;&szlig;igkeit eingehalten werden muss und dass in jedem Einzelfall nachgewiesen werden muss, warum dieser Angriff unter das Selbstverteidigungsrecht fiel. Das sind alles Dinge, die dazugeh&ouml;ren, und die Ministerin hat darauf hingewiesen, welche Schwierigkeiten damit verbunden sind.<\/p><p>Insofern bitte ich herzlich darum, sich das gesamte Video, die gesamte Rede der Bundesau&szlig;enministerin anzuschauen und dann zu einer Gesamtbewertung zu kommen und nicht einzelne S&auml;tze aus dem Kontext zu rei&szlig;en.<\/p><p><strong>Zusatzfrage Warweg<\/strong><br>\nZum einen w&uuml;rde ich die Moderatorin auffordern, das n&auml;chste Mal bei solchen Ausf&uuml;hrungen des Ausw&auml;rtigen Amts vielleicht auch zu intervenieren.<\/p><p><strong>Vorsitzende Wolf<\/strong><br>\nDann interveniert die Moderatorin an der Stelle und bittet, auf Kommentierungen von Antworten aus dem Plenum bzw. aus dem Saal zu verzichten, denn auch das muss nicht sein und auch das entspricht nicht unseren Gepflogenheiten.<\/p><p><strong>Zusatz Warweg<\/strong><br>\nGut, aber meine Frage wurde null Komma null beantwortet. Ich habe gefragt, ob die Au&szlig;enministerin der Aufforderung der UN-Sonderberichterstatterin f&uuml;r die besetzten pal&auml;stinensischen Gebiete nachkommen wird. Das hat mit diesem Videoausschnitt an sich relativ wenig zu tun; da haben Sie einen Pappkameraden aufgemacht. Meine Frage war die nach der Reaktion der Au&szlig;enministerin auf die &Auml;u&szlig;erungen der UN-Sonderberichterstatterin, und auf diese Frage w&uuml;rde ich gerne noch eine Antwort bekommen.<\/p><p><strong>Fischer (AA)<\/strong><br>\nNoch einmal: Unsere Haltung ist doch sehr klar&nbsp;&ndash; das haben wir hier gesagt, das hat die Ministerin an verschiedenen Stellen gesagt&nbsp;-, n&auml;mlich dass zivile Orte ihren Schutzstatus verlieren k&ouml;nnen und zu einem zul&auml;ssigen milit&auml;rischen Ziel werden k&ouml;nnen, wenn sie milit&auml;risch genutzt werden. Der Schutz von Zivilistinnen und Zivilisten bleibt aber das oberste Prinzip und es gelten das Prinzip der Verh&auml;ltnism&auml;&szlig;igkeit sowie das Unterscheidungsgebot.<\/p><p>Ich glaube, die Antworten ergeben sich einfach, wenn man sich die Rede der Au&szlig;enministerin in ihrer Gesamtheit anschaut, und sie ergeben sich auch, wenn man sich die &Auml;u&szlig;erungen der Au&szlig;enministerin und die &Auml;u&szlig;erungen, die wir hier in den letzten Wochen und Monaten getroffen haben, anschaut. Die Unterstellungen, die mithilfe des Videos getroffen werden, weise ich jedenfalls auf das Sch&auml;rfste zur&uuml;ck.<\/p><p><small>Titelbild: Screenshot NachDenkSeiten, Bundespressekonferenz 16.10.2024<\/small><\/p><div class=\"moreLikeThis\">\n<strong>Mehr zum Thema:<\/strong>\n<p><a href=\"https:\/\/www.nachdenkseiten.de\/?p=123288\">Was unternimmt Kanzler Scholz gegen Bruch der Neutralit&auml;tspflicht durch Au&szlig;enministerin Baerbock?<\/a><\/p>\n<p><a href=\"https:\/\/www.nachdenkseiten.de\/?p=122510\">Bundesregierung und ihre eklatante Doppelmoral: Gute israelische Bomben, b&ouml;se iranische Raketen<\/a><\/p>\n<p><a href=\"https:\/\/www.nachdenkseiten.de\/?p=122083\">Bundesregierung zu Gaza und Libanon: Russland greift gezielt zivile Infrastruktur an &ndash; Israel tut das nicht<\/a><\/p>\n<p><a href=\"https:\/\/www.nachdenkseiten.de\/?p=121352\">V&ouml;lkerrechtsbruch? Deutsches Unternehmen Lubeca Marine transportiert RDX-Sprengstoff nach Israel<\/a>\n<\/p><\/div><p><img loading=\"lazy\" decoding=\"async\" src=\"https:\/\/vg07.met.vgwort.de\/na\/abdda3fb13744f509d140550952475d7\" width=\"1\" height=\"1\" alt=\"\"><\/p>\n","protected":false},"excerpt":{"rendered":"<p>Die UN-Sonderberichterstatterin f&uuml;r die besetzten pal&auml;stinensischen Gebiete, Francesca Albanese, hat Au&szlig;enministerin Annalena Baerbock aufgefordert, Beweise f&uuml;r ihre Behauptung vom 10.&nbsp;Oktober im Bundestag vorzulegen und zu erkl&auml;ren, wie der Verlust des Schutzstatus ziviler Objekte die Massaker rechtfertigt, die Israel in Gaza und Libanon begeht. Die <em>NachDenkSeiten<\/em> wollten vom Ausw&auml;rtigen Amt wissen, ob die Ministerin plane, dieser<\/p>\n<div class=\"readMore\"><a class=\"moretag\" href=\"https:\/\/www.nachdenkseiten.de\/?p=123473\">Weiterlesen<\/a><\/div>\n","protected":false},"author":15,"featured_media":123474,"comment_status":"closed","ping_status":"closed","sticky":false,"template":"","format":"standard","meta":{"spay_email":"","footnotes":""},"categories":[188,171],"tags":[2665,2503,302,1557,1583,639,1703,2360],"class_list":["post-123473","post","type-post","status-publish","format-standard","has-post-thumbnail","hentry","category-bundesregierung","category-militaereinsaetzekriege","tag-baerbock-annalena","tag-bundespressekonferenz","tag-gaza","tag-israel","tag-libanon","tag-uno","tag-voelkerrecht","tag-zivile-opfer"],"jetpack_featured_media_url":"https:\/\/www.nachdenkseiten.de\/wp-content\/uploads\/2024\/10\/241016-BPK-Titelbild-Clip-2-Gaza-Baerbock-Albanese-NDS.jpg","_links":{"self":[{"href":"https:\/\/www.nachdenkseiten.de\/index.php?rest_route=\/wp\/v2\/posts\/123473","targetHints":{"allow":["GET"]}}],"collection":[{"href":"https:\/\/www.nachdenkseiten.de\/index.php?rest_route=\/wp\/v2\/posts"}],"about":[{"href":"https:\/\/www.nachdenkseiten.de\/index.php?rest_route=\/wp\/v2\/types\/post"}],"author":[{"embeddable":true,"href":"https:\/\/www.nachdenkseiten.de\/index.php?rest_route=\/wp\/v2\/users\/15"}],"replies":[{"embeddable":true,"href":"https:\/\/www.nachdenkseiten.de\/index.php?rest_route=%2Fwp%2Fv2%2Fcomments&post=123473"}],"version-history":[{"count":5,"href":"https:\/\/www.nachdenkseiten.de\/index.php?rest_route=\/wp\/v2\/posts\/123473\/revisions"}],"predecessor-version":[{"id":123479,"href":"https:\/\/www.nachdenkseiten.de\/index.php?rest_route=\/wp\/v2\/posts\/123473\/revisions\/123479"}],"wp:featuredmedia":[{"embeddable":true,"href":"https:\/\/www.nachdenkseiten.de\/index.php?rest_route=\/wp\/v2\/media\/123474"}],"wp:attachment":[{"href":"https:\/\/www.nachdenkseiten.de\/index.php?rest_route=%2Fwp%2Fv2%2Fmedia&parent=123473"}],"wp:term":[{"taxonomy":"category","embeddable":true,"href":"https:\/\/www.nachdenkseiten.de\/index.php?rest_route=%2Fwp%2Fv2%2Fcategories&post=123473"},{"taxonomy":"post_tag","embeddable":true,"href":"https:\/\/www.nachdenkseiten.de\/index.php?rest_route=%2Fwp%2Fv2%2Ftags&post=123473"}],"curies":[{"name":"wp","href":"https:\/\/api.w.org\/{rel}","templated":true}]}}