{"id":124236,"date":"2024-11-05T13:19:00","date_gmt":"2024-11-05T12:19:00","guid":{"rendered":"https:\/\/www.nachdenkseiten.de\/?p=124236"},"modified":"2024-11-05T17:31:22","modified_gmt":"2024-11-05T16:31:22","slug":"nato-nato-ueber-alles-kein-hirn-frei-fuer-das-selbstverstaendliche-frieden-zwischen-allen-voelkern","status":"publish","type":"post","link":"https:\/\/www.nachdenkseiten.de\/?p=124236","title":{"rendered":"NATO, NATO \u00fcber alles! &#8211; Kein Hirn frei f\u00fcr das Selbstverst\u00e4ndliche: Frieden zwischen allen V\u00f6lkern"},"content":{"rendered":"<p>Gestern sind wir mal wieder mit Freundlichkeiten und Feierlichkeiten zur NATO &uuml;bersp&uuml;lt worden. Zum Beispiel beim <em>ZDF<\/em> mit einem Interview zwischen ZDF-Mann Sievers und dem neuen NATO-Generalsekret&auml;r Rutte. <a href=\"https:\/\/www.zdf.de\/nachrichten-sendungen\/heute-journal\/heute-journal-vom-4-november-2024-100.html\">Siehe hier<\/a>. Fast vier Minuten Einleitung mit milit&auml;rischem Brimborium, dann sieben Minuten Interview &ndash; insgesamt &uuml;ber zehn Minuten. Wer Frieden mit m&ouml;glichst wenig Milit&auml;r will, erinnert sich mit Wehmut an den folgenden Text. <strong>Albrecht M&uuml;ller<\/strong>.<\/p><p><em>Dieser Beitrag ist auch als Audio-Podcast verf&uuml;gbar.<\/em><br>\n<!--more--><br>\n<\/p><div class=\"powerpress_player\" id=\"powerpress_player_4998\"><!--[if lt IE 9]><script>document.createElement('audio');<\/script><![endif]-->\n<audio class=\"wp-audio-shortcode\" id=\"audio-124236-1\" preload=\"none\" style=\"width: 100%;\" controls=\"controls\"><source type=\"audio\/mpeg\" src=\"https:\/\/www.nachdenkseiten.de\/upload\/podcast\/241105-Kein-Hirn-frei-fuer-Frieden-NDS.mp3?_=1\"><\/source><a href=\"https:\/\/www.nachdenkseiten.de\/upload\/podcast\/241105-Kein-Hirn-frei-fuer-Frieden-NDS.mp3\">https:\/\/www.nachdenkseiten.de\/upload\/podcast\/241105-Kein-Hirn-frei-fuer-Frieden-NDS.mp3<\/a><\/audio><\/div><p class=\"powerpress_links powerpress_links_mp3\">Podcast: <a href=\"https:\/\/www.nachdenkseiten.de\/upload\/podcast\/241105-Kein-Hirn-frei-fuer-Frieden-NDS.mp3\" class=\"powerpress_link_pinw\" target=\"_blank\" title=\"Play in new window\" onclick=\"return powerpress_pinw('https:\/\/www.nachdenkseiten.de\/?powerpress_pinw=124236-podcast');\" rel=\"nofollow\">Play in new window<\/a> | <a href=\"https:\/\/www.nachdenkseiten.de\/upload\/podcast\/241105-Kein-Hirn-frei-fuer-Frieden-NDS.mp3\" class=\"powerpress_link_d\" title=\"Download\" rel=\"nofollow\" download=\"241105-Kein-Hirn-frei-fuer-Frieden-NDS.mp3\">Download<\/a><\/p><p>Auszug aus dem Berliner Grundsatzprogramm der SPD vom 20. Dezember 1989:<\/p><div class=\"imagewrap\"><a href=\"https:\/\/www.nachdenkseiten.de\/upload\/bilder\/241105-Nato-ueber-alles-1.jpg\"><img decoding=\"async\" src=\"https:\/\/www.nachdenkseiten.de\/upload\/bilder\/241105-Nato-ueber-alles-1.jpg\" alt=\"\" title=\"\"><span><\/span><\/a><\/div><p>Am Text seitlich mit (1) markiert:<\/p><blockquote><p>\n&bdquo;Unser Ziel ist es, die Milit&auml;rb&uuml;ndnisse durch eine europ&auml;ische Friedensordnung abzul&ouml;sen.&ldquo;\n<\/p><\/blockquote><p>Und mit (2) markiert:<\/p><blockquote><p>\n&bdquo;Der Umbruch in Osteuropa verringert die milit&auml;rische und erh&ouml;ht die politische Bedeutung der B&uuml;ndnisse und weist ihnen eine neue Funktion zu: Sie m&uuml;ssen, bei Wahrung der Stabilit&auml;t, ihre Aufl&ouml;sung und den &Uuml;bergang zu einer europ&auml;ischen Friedensordnung organisieren. Dies er&ouml;ffnet auch die Perspektive f&uuml;r das Ende der Stationierung amerikanischer und sowjetischer Streitkr&auml;fte au&szlig;erhalb ihrer Territorien in Europa.&ldquo;\n<\/p><\/blockquote><p>Die sowjetischen Streitkr&auml;fte sind abgezogen, die US-amerikanischen Truppen sind immer noch da, auch nach weiteren 35 Jahren der Besatzung. Heute sind etwas &uuml;ber 35.000 US-amerikanischen Soldaten in Deutschland stationiert. <\/p><p>Es ist h&ouml;chste Zeit, dass wir uns auf den Geist von 1989 besinnen. Das w&auml;re aktuell und f&uuml;r die Zukunft notwendig. Denn unter den herrschenden Umst&auml;nden sind wir im Falle eines Konflikts mit Russland eines der ersten milit&auml;rischen Ziele &ndash; Deutschland insgesamt und ganz besonders der S&uuml;dwesten, die Heimat der <em>NachDenkSeiten<\/em>.<\/p><p>Zum Ende noch das passende Foto zum herrschenden Zeitgeist, gestern im Kanzleramt zu Berlin aufgenommen und vom <em>ZDF<\/em> ausgestrahlt:<\/p><div class=\"imagewrap\"><a href=\"https:\/\/www.nachdenkseiten.de\/upload\/bilder\/241105-Nato-ueber-alles.jpg\"><img decoding=\"async\" src=\"https:\/\/www.nachdenkseiten.de\/upload\/bilder\/241105-Nato-ueber-alles.jpg\" alt=\"\" title=\"\"><span><\/span><\/a><\/div><p>P.S.: Passend zu dem ganzen Brimborium meldet meine Regionalzeitung auf der ersten Seite und auf Basis einer dpa-Meldung: <\/p><blockquote><p>\n&bdquo;Rutte fordert von Berlin mehr Geld f&uuml;r Verteidigung&ldquo;\n<\/p><\/blockquote><p>und weiter: <\/p><blockquote><p>\n&bdquo;Der Neue Nato-Generalsekret&auml;r Mark Rutte h&auml;lt die deutschen Verteidigungsausgaben trotz der j&uuml;ngsten Erh&ouml;hungen f&uuml;r zu niedrig.&ldquo;\n<\/p><\/blockquote><p>Es ist h&ouml;chste Zeit, gegen diesen Wahnsinn aufzustehen!<\/p><p><small>Bilder: Screenshots ZDF<\/small><\/p>\n","protected":false},"excerpt":{"rendered":"<p>Gestern sind wir mal wieder mit Freundlichkeiten und Feierlichkeiten zur NATO &uuml;bersp&uuml;lt worden. Zum Beispiel beim <em>ZDF<\/em> mit einem Interview zwischen ZDF-Mann Sievers und dem neuen NATO-Generalsekret&auml;r Rutte. <a href=\"https:\/\/www.zdf.de\/nachrichten-sendungen\/heute-journal\/heute-journal-vom-4-november-2024-100.html\">Siehe hier<\/a>. Fast vier Minuten Einleitung mit milit&auml;rischem Brimborium, dann sieben Minuten Interview &ndash; insgesamt &uuml;ber zehn Minuten. Wer Frieden mit m&ouml;glichst wenig Milit&auml;r will, erinnert<\/p>\n<div class=\"readMore\"><a class=\"moretag\" href=\"https:\/\/www.nachdenkseiten.de\/?p=124236\">Weiterlesen<\/a><\/div>\n","protected":false},"author":2,"featured_media":124237,"comment_status":"closed","ping_status":"closed","sticky":false,"template":"","format":"standard","meta":{"spay_email":"","footnotes":""},"categories":[169,107,123,183],"tags":[2134,466,1367,2930,1540],"class_list":["post-124236","post","type-post","status-publish","format-standard","has-post-thumbnail","hentry","category-aussen-und-sicherheitspolitik","category-audio-podcast","category-kampagnentarnworteneusprech","category-medienkritik","tag-berliner-programm","tag-nato","tag-ruestungsausgaben","tag-rutte-mark","tag-zdf"],"jetpack_featured_media_url":"https:\/\/www.nachdenkseiten.de\/wp-content\/uploads\/2024\/11\/241105-Nato.jpg","_links":{"self":[{"href":"https:\/\/www.nachdenkseiten.de\/index.php?rest_route=\/wp\/v2\/posts\/124236","targetHints":{"allow":["GET"]}}],"collection":[{"href":"https:\/\/www.nachdenkseiten.de\/index.php?rest_route=\/wp\/v2\/posts"}],"about":[{"href":"https:\/\/www.nachdenkseiten.de\/index.php?rest_route=\/wp\/v2\/types\/post"}],"author":[{"embeddable":true,"href":"https:\/\/www.nachdenkseiten.de\/index.php?rest_route=\/wp\/v2\/users\/2"}],"replies":[{"embeddable":true,"href":"https:\/\/www.nachdenkseiten.de\/index.php?rest_route=%2Fwp%2Fv2%2Fcomments&post=124236"}],"version-history":[{"count":7,"href":"https:\/\/www.nachdenkseiten.de\/index.php?rest_route=\/wp\/v2\/posts\/124236\/revisions"}],"predecessor-version":[{"id":124258,"href":"https:\/\/www.nachdenkseiten.de\/index.php?rest_route=\/wp\/v2\/posts\/124236\/revisions\/124258"}],"wp:featuredmedia":[{"embeddable":true,"href":"https:\/\/www.nachdenkseiten.de\/index.php?rest_route=\/wp\/v2\/media\/124237"}],"wp:attachment":[{"href":"https:\/\/www.nachdenkseiten.de\/index.php?rest_route=%2Fwp%2Fv2%2Fmedia&parent=124236"}],"wp:term":[{"taxonomy":"category","embeddable":true,"href":"https:\/\/www.nachdenkseiten.de\/index.php?rest_route=%2Fwp%2Fv2%2Fcategories&post=124236"},{"taxonomy":"post_tag","embeddable":true,"href":"https:\/\/www.nachdenkseiten.de\/index.php?rest_route=%2Fwp%2Fv2%2Ftags&post=124236"}],"curies":[{"name":"wp","href":"https:\/\/api.w.org\/{rel}","templated":true}]}}