{"id":124292,"date":"2024-11-06T13:05:18","date_gmt":"2024-11-06T12:05:18","guid":{"rendered":"https:\/\/www.nachdenkseiten.de\/?p=124292"},"modified":"2024-11-07T07:32:16","modified_gmt":"2024-11-07T06:32:16","slug":"faktencheck-a-la-nds-kein-offizieller-empfang-fuer-aussenministerin-annalena-baerbock-in-indien","status":"publish","type":"post","link":"https:\/\/www.nachdenkseiten.de\/?p=124292","title":{"rendered":"Faktencheck \u00e0 la NDS: Kein offizieller Empfang f\u00fcr Au\u00dfenministerin Annalena Baerbock in Indien?"},"content":{"rendered":"<p>Seit letzter Woche kursiert ein Video, welches zeigen soll, wie die bundesdeutsche Au&szlig;enministerin allein aus dem Regierungsflieger steigt und sich irritiert umschaut, weil weit und breit keine sonst &uuml;bliche Empfangsdelegation sichtbar ist. Laut dem Clip soll dies wahlweise beim Besuch in Indien oder China geschehen sein. Die <em>NachDenkSeiten<\/em> fragten beim Ausw&auml;rtigen Amt nach, ob dieses die Authentizit&auml;t des Videoschnipsels best&auml;tigen beziehungsweise den Kontext richtigstellen k&ouml;nne. Die Frage und Antwort des AA wurden medial breit aufgegriffen, allerdings wurde sehr unterschiedlich mit der Nennung des Fragestellers und seines Mediums umgegangen. Die &bdquo;Faktenchecker&ldquo; von <em>Correctiv<\/em> verschwiegen die Quelle gleich ganz. Von <strong>Florian Warweg<\/strong>.<\/p><p><em>Dieser Beitrag ist auch als Audio-Podcast verf&uuml;gbar.<\/em><br>\n<!--more--><br>\n<\/p><div class=\"powerpress_player\" id=\"powerpress_player_7465\"><!--[if lt IE 9]><script>document.createElement('audio');<\/script><![endif]-->\n<audio class=\"wp-audio-shortcode\" id=\"audio-124292-1\" preload=\"none\" style=\"width: 100%;\" controls=\"controls\"><source type=\"audio\/mpeg\" src=\"https:\/\/www.nachdenkseiten.de\/upload\/podcast\/241106_Faktencheck_a_la_NDS_Kein_offizieller_Empfang_fuer_Aussenministerin_Annalena_Baerbock_in_Indien_NDS.mp3?_=1\"><\/source><a href=\"https:\/\/www.nachdenkseiten.de\/upload\/podcast\/241106_Faktencheck_a_la_NDS_Kein_offizieller_Empfang_fuer_Aussenministerin_Annalena_Baerbock_in_Indien_NDS.mp3\">https:\/\/www.nachdenkseiten.de\/upload\/podcast\/241106_Faktencheck_a_la_NDS_Kein_offizieller_Empfang_fuer_Aussenministerin_Annalena_Baerbock_in_Indien_NDS.mp3<\/a><\/audio><\/div><p class=\"powerpress_links powerpress_links_mp3\">Podcast: <a href=\"https:\/\/www.nachdenkseiten.de\/upload\/podcast\/241106_Faktencheck_a_la_NDS_Kein_offizieller_Empfang_fuer_Aussenministerin_Annalena_Baerbock_in_Indien_NDS.mp3\" class=\"powerpress_link_pinw\" target=\"_blank\" title=\"Play in new window\" onclick=\"return powerpress_pinw('https:\/\/www.nachdenkseiten.de\/?powerpress_pinw=124292-podcast');\" rel=\"nofollow\">Play in new window<\/a> | <a href=\"https:\/\/www.nachdenkseiten.de\/upload\/podcast\/241106_Faktencheck_a_la_NDS_Kein_offizieller_Empfang_fuer_Aussenministerin_Annalena_Baerbock_in_Indien_NDS.mp3\" class=\"powerpress_link_d\" title=\"Download\" rel=\"nofollow\" download=\"241106_Faktencheck_a_la_NDS_Kein_offizieller_Empfang_fuer_Aussenministerin_Annalena_Baerbock_in_Indien_NDS.mp3\">Download<\/a><\/p><p><div class=\"external-2click\" data-provider=\"Youtube\" data-provider-slug=\"youtube\"><div class=\"external-placeholder\"><p><strong>Externer Inhalt<\/strong><\/p><p>Beim Laden des Videos werden Daten an Youtube &uuml;bertragen.<\/p><button type=\"button\" class=\"external-load\">Inhalt von Youtube zulassen<\/button><\/div><div class=\"external-content\"><iframe loading=\"lazy\" width=\"560\" height=\"315\" src=\"\" frameborder=\"0\" allowfullscreen class=\"external-2click-target \" data-src=\"https:\/\/www.youtube-nocookie.com\/embed\/jQ_7mSM0FgU\"><\/iframe><\/div><div class=\"external-optout\"><a href=\"#\" data-revoke=\"youtube\">Inhalte von Youtube nicht mehr zulassen<\/a><\/div><\/div><\/p><p><em>Anmerkung der Redaktion: Das Video zeigt die Regierungspressekonferenz vom 28. Oktober 2024, auf Grund technischer Probleme konnte wir das Video erst heute ver&ouml;ffentlichen. <\/em><\/p><p><strong>Hintergrund<\/strong><\/p><p>Der Verfasser dieser Zeilen sa&szlig; gerade in der Bundespressekonferenz am 28. Oktober, als er, leicht gelangweilt vom gerade behandelten Thema &bdquo;m&ouml;gliche Strafen f&uuml;r Autohersteller im Zusammenhang mit Flottengrenzwerten&ldquo;, durch <em>X <\/em>und <em>Telegramm<\/em> scrollte und dabei vermehrt auf einen als aktuell bezeichneten Videoschnipsel stie&szlig;, in welchem Annalena B. die Gangway des Regierungsfliegers hinuntersteigt und sich dann sichtbar irritiert umschaut. Das sonst bei solchen Anl&auml;ssen &uuml;bliche Empfangskomitee ist nicht sichtbar. Betitelt waren die Clips unter anderem mit &bdquo;Die chinesische Regierung ignorierte Baerbocks Ankunft&ldquo; oder auch &bdquo;Kein Bock auf Baerbock&ldquo; und dem Verweis, dass dies gerade in Indien geschehen sei. China konnte es nicht sein, das war mir sofort klar, denn f&uuml;r Baerbock stand 2024 kein einziger China-Besuch auf der Agenda. Aber die deutsch-indischen Regierungskonsultationen fanden genau in diesen Tagen statt, und das aktuelle Wetter in Neu-Delhi w&uuml;rde auch durchaus das auf dem Video sichtbare Sommerkleid der Au&szlig;enministerin erlauben.<\/p><p>Also nutzte ich meine n&auml;chste Fragem&ouml;glichkeit, als es sowieso um das Thema Indien, Habecks dortige U-Bahnfahrt und die anstehenden Regierungskonsultationen ging, und fragte beim Sprecher des Ausw&auml;rtigen Amtes nach und es entwickelte sich folgender Dialog:<\/p><p><strong>Frage Warweg:<\/strong><\/p><blockquote><p>\n&bdquo;Herr Fischer, auf X und auch anderswo kursieren Videoschnipsel, die zeigen, wie die&nbsp;Au&szlig;enministerin in Indien&nbsp;landet und angeblich von keiner offiziellen Regierungsdelegation empfangen wird. K&ouml;nnten Sie das vielleicht f&uuml;r uns aufl&ouml;sen? Ist das tats&auml;chlich vorgekommen? Falls ja: Was ist der Grund daf&uuml;r, dass die Au&szlig;enministerin ohne Empfang durch indische Offizielle in Indien gelandet ist?&ldquo;\n<\/p><\/blockquote><p><strong>Sprecher des Ausw&auml;rtigen Amtes, Fischer: <\/strong><\/p><blockquote><p>\n&bdquo;Die Au&szlig;enministerin ist&nbsp;&ndash; das haben Sie wahrscheinlich verfolgt&nbsp;&ndash; letzte Woche in Libanon und dann in Paris bei der Konferenz gewesen, und von dort ist sie dann per Linie nach Indien geflogen. Von daher hat sie sozusagen den Linienausstieg gew&auml;hlt und ist dann auch dementsprechend empfangen worden, wie es sich von indischer Seite geh&ouml;rt. Sie haben das ja auch an den Gespr&auml;chen der Au&szlig;enministerin mit ihrem indischen Kollegen gesehen: Die waren von gro&szlig;er Vertrautheit und enger Kooperation gepr&auml;gt.&ldquo;\n<\/p><\/blockquote><p><strong>Zusatzfrage Warweg:<\/strong><\/p><blockquote><p>\n&bdquo;Die Videoschnipsel, auf die ich mich bezogen habe, zeigen sie allerdings aussteigend aus einem Flugzeug der Flugbereitschaft. Das hei&szlig;t, wenn ich Sie richtig verstehe, dementieren Sie das? Das ist dann sozusagen aus dem Kontext gerissen oder wie auch immer? Weil diese Videoschnipsel gerade anfangen, viral zu gehen, w&auml;re es ja vielleicht sinnvoll, das richtigzustellen.&ldquo;\n<\/p><\/blockquote><p><strong>Fischer:<\/strong><\/p><blockquote><p>\nHerr Warweg, ich stelle das ja gerade richtig. Ich kann Ihnen sagen, dass die Au&szlig;enministerin per Linie nach Indien geflogen ist. Wenn es Schnipsel gibt, die darlegten, sie sei mit einem Flugzeug der Flugbereitschaft geflogen, dann ist das einfach falsch.\n<\/p><\/blockquote><p>Rund 30 Minuten sp&auml;ter, ich hatte mich bereits fertig gemacht zum Gehen, kam dann noch eine Nachreichung des AA-Sprechers, in welcher dieser erkl&auml;rte, dass der Videoschnipsel eine reale Situation zeige, allerdings weder in China noch in Indien, sondern beim Besuch der Au&szlig;enministerin im Januar 2024 in Malaysia und dass die Situation einem &bdquo;Missverst&auml;ndnis&ldquo; geschuldet gewesen sei:<\/p><p><strong>BPK-Vorsitzender Feldhoff<\/strong><\/p><blockquote><p>\n&bdquo;Dann hat das Ausw&auml;rtige Amt erst noch Aufkl&auml;rung zu dem kursierenden&nbsp;Video.&ldquo;\n<\/p><\/blockquote><p><strong>Fischer (AA)<\/strong><\/p><blockquote><p>\n&bdquo;Genau. Ich habe meine Kolleginnen und Kollegen im Hintergrund gebeten, sich dieses Video doch einmal anzuschauen. Es ist so, wie ich gesagt habe. Es stammt nicht aus Indien. Es gibt Behauptungen, es stamme aus China. Auch das ist falsch. Es ist die&nbsp;Landung der Au&szlig;enministerin&nbsp;in Malaysia. Dort hat durch ein Missverst&auml;ndnis das Flugzeug nicht da geparkt, wo es h&auml;tte parken sollen. Dadurch war das Begr&uuml;&szlig;ungskomitee an einer anderen Stelle aufgebaut als an der, an der das Flugzeug zum Stehen gekommen ist. Insofern musste die Au&szlig;enministerin ein paar Schritte gehen, um dann in Empfang genommen zu werden.&ldquo;\n<\/p><\/blockquote><p>Eine schnelle Recherche nach dieser Information ergab, dass unter anderem die <em>Deutsche Welle<\/em>, das Ausw&auml;rtige Amt selbst und mehrere Fotoagenturen den Besuch Baerbocks am 12. Januar 2024 in Malaysia fotografisch <a href=\"https:\/\/t.co\/sO7I1rCyzj\">dokumentiert<\/a> hatten, und die Au&szlig;enministerin genau in der Szenerie und mit demselben Kleid auf dem Flughafen in Kuala Lumpur zu sehen ist.<\/p><div class=\"external-2click\" data-provider=\"X (Twitter)\" data-provider-slug=\"twitter\"><div class=\"external-placeholder\"><p><strong>Externer Inhalt<\/strong><\/p><p>Beim Laden des Tweets werden Daten an X (ehemals Twitter) &uuml;bertragen.<\/p><button type=\"button\" class=\"external-load\">Inhalt von X (Twitter) zulassen<\/button><\/div><div class=\"external-content\"><blockquote class=\"external-2click-target twitter-tweet\">\n<p lang=\"en\" dir=\"ltr\">A visit to partners &ndash; enjoy the video recap of Foreign Minister Annalena Baerbock&rsquo;s visit to <a href=\"https:\/\/twitter.com\/hashtag\/SoutheastAsia?src=hash&amp;ref_src=twsrc%5Etfw\">#SoutheastAsia<\/a>. <\/p>\n<p>&#129300; What were the topics &amp; who did she meet? <\/p>\n<p>&#9654;&#65039; Watch to find out. <a href=\"https:\/\/t.co\/0zcTeEJ0uJ\">pic.twitter.com\/0zcTeEJ0uJ<\/a><\/p>\n<p>&mdash; GIC Southeast Asia (@GermanyInSEAsia) <a href=\"https:\/\/twitter.com\/GermanyInSEAsia\/status\/1748204995454132663?ref_src=twsrc%5Etfw\">January 19, 2024<\/a><\/p><\/blockquote><\/div><div class=\"external-optout\"><a href=\"#\" data-revoke=\"twitter\">Inhalte von X (Twitter) nicht mehr zulassen<\/a><\/div><\/div><p> <\/p><p>Die Darlegung des AA erscheint also in dem Fall als durchaus schl&uuml;ssig und glaubw&uuml;rdig. Bei der Bildagentur <em>Alamy<\/em> findet man zudem <a href=\"https:\/\/www.alamy.com\/annalena-baerbock-buendnis-90die-gruenen-bundesaussenministerin-reist-vom-1001-14012024-in-die-republik-der-philippinennach-malaysia-und-in-die-republik-singapur-begrung-durch-den-deutschen-botschafter-peter-blomeyer-und-einem-mitarbeiter-des-aussenministeriums-12012024-in-kuala-lumpur-fotografiert-im-auftrag-des-auswrtigen-amts-kuala-lumpur-malaysia-annalena-baerbock-buendnis-90-die-gruenen-federal-foreign-minister-travels-from-10-01-14-01-2024-to-the-republic-of-the-philippines-malaysia-and-the-republic-of-singapore-welcome-by-the-german-ambassador-peter-blom-image592424796.html?irclickid=RXpUVByiwxyKUof1gbVb4SISUkCWDLzhV0YE240&amp;utm_source=77643&amp;utm_campaign=Royalty-free%20stock%20photos%20and%20images%20%E2%80%93%20Alamy%20&amp;utm_medium=impact&amp;irgwc=1\">Bilder<\/a>, die Baerbock am 12. Januar zeigen, wie sie dann im sp&auml;teren Verlauf tats&auml;chlich von malaysischen Offiziellen und dem deutschen Botschafter auf dem Gel&auml;nde des Flugplatzes empfangen wird.<\/p><p><strong>Focus nennt Quelle, Correctiv verschweigt sie<\/strong><\/p><p>Jetzt beginnt allerdings ein recht aufschlussreiches Ph&auml;nomen, was den redaktionellen Umgang mit dieser Frage der <em>NachDenkSeiten<\/em> auf der BPK und der Antwort des AA angeht. Exemplarisch sei auf die entsprechende Berichterstattung im <em>Focus <\/em>und bei den selbsternannten &bdquo;Faktencheckern&ldquo; von <em>Correctiv<\/em> verwiesen. Das oft boulevardesk angelegte Nachrichtenmagazin mit Sitz in Berlin griff am 29. Oktober als eines der ersten deutschen Medien den Clip sowie meine entsprechende Frage in der BPK auf und <a href=\"https:\/\/www.focus.de\/politik\/ausland\/bei-staatsempfang-als-baerbock-aus-flieger-steigt-ist-sie-irritiert-das-sorgt-jetzt-fuer-spekulationen_id_260433542.html\">nannte dabei<\/a>, wie journalistisch eigentlich &uuml;blich, meinen Namen als Quelle:<\/p><blockquote><p>\n&bdquo;Eine Stellungnahme des Ausw&auml;rtigen Amtes, die der deutsche Journalist Florian Warweg angefragt hatte, sorgte f&uuml;r Aufkl&auml;rung.&ldquo;\n<\/p><\/blockquote><div class=\"imagewrap\"><a href=\"https:\/\/www.nachdenkseiten.de\/upload\/bilder\/241028-BPK-faktencheck-Screen1.jpg\"><img decoding=\"async\" src=\"https:\/\/www.nachdenkseiten.de\/upload\/bilder\/241028-BPK-faktencheck-Screen1.jpg\" alt=\"\" title=\"\"><span><\/span><\/a><\/div><p>Ganz korrekt w&auml;re es nat&uuml;rlich gewesen, neben meinem Namen auch die <em>NachDenkSeiten <\/em>als verantwortliches Medium zu nennen &bdquo;&hellip;der f&uuml;r das Onlineportal NachDenkSeiten t&auml;tige deutsche Journalist Florian Warweg&hellip;&ldquo;. Aber in den aktuellen Zeiten muss man ja schon die sachliche Nennung des Namens eines NDS-Journalisten als Quelle, zudem ohne die sonst &uuml;blichen Attribute, positiv hervorheben.<\/p><p>Dass solche journalistischen Grundstandards keine Selbstverst&auml;ndlichkeit mehr sind, beweist eindr&uuml;cklich <em>Correctiv<\/em>, also just die Organisation, die f&uuml;r sich selbst in Anspruch nimmt, besonders <a href=\"https:\/\/correctiv.org\/ueber-uns\/\">&bdquo;transparent und nachvollziehbar&ldquo;<\/a> zu berichten. Das &bdquo;gemeinwohlorientierte Medienhaus&ldquo; <a href=\"https:\/\/correctiv.org\/faktencheck\/2024\/10\/31\/kein-empfang-fuer-baerbock-in-china-altes-video-zeigt-ankunft-am-flughafen-in-malaysia\/\">widmete<\/a> dem Thema einige Tage sp&auml;ter, am 31. Oktober, einen seiner ber&uuml;chtigten &bdquo;Faktenchecks&ldquo;. Dort hei&szlig;t es dann im Gegensatz etwa zu den Kollegen beim <em>Focus <\/em>lapidar:<\/p><blockquote><p>\n&bdquo;Das Video in Sozialen Netzwerken war auch Thema bei der&nbsp;Bundespressekonferenz am 28. Oktober 2024. Auf die Frage, ob die viralen Videoschnipsel einen Bezug zur Reise nach Indien h&auml;tten, sagte Sebastian Fischer, Sprecher des Ausw&auml;rtigen Amtes: &bdquo;Ich kann Ihnen sagen, dass die Au&szlig;enministerin per Linie nach Indien geflogen ist. Wenn es Schnipsel gibt, die darlegten, sie sei mit einem Flugzeug der Flugbereitschaft geflogen, dann ist das einfach falsch.&ldquo;\n<\/p><\/blockquote><div class=\"imagewrap\"><a href=\"https:\/\/www.nachdenkseiten.de\/upload\/bilder\/241028-BPK-faktencheck-Screen2.jpg\"><img decoding=\"async\" src=\"https:\/\/www.nachdenkseiten.de\/upload\/bilder\/241028-BPK-faktencheck-Screen2.jpg\" alt=\"\" title=\"\"><span><\/span><\/a><\/div><p>Jetzt &uuml;berrascht es niemanden, der mit den Praktiken und Haltungen bei <em>Correctiv<\/em> vertraut ist, dass die Namen nicht genehmer Medien und Journalisten als Ursprungsquelle nicht genannt werden. Das &auml;ndert aber nichts daran, dass dies mit der Selbstdarstellung in Bezug auf Transparenz, Nachvollziehbarkeit und Kontext in den (zu gro&szlig;en Teilen <a href=\"https:\/\/www.nachdenkseiten.de\/?p=110662\">von einem US-Oligarchen finanzierten<\/a>) &bdquo;Faktenchecks&ldquo; kollidiert:<\/p><blockquote><p>\n&bdquo;Mit einer eigenst&auml;ndigen&nbsp;Faktencheck-Redaktion&nbsp;setzen wir uns gegen Falschinformationen ein, decken Halbwahrheiten und Ger&uuml;chte auf und bieten Kontext an.&ldquo;\n<\/p><\/blockquote><p><strong>Auszug aus dem Wortprotokoll der Regierungspressekonferenz am 28. Oktober<\/strong><\/p><p><strong>Frage Warweg<\/strong><br>\nHerr Fischer, auf X und auch anderswo kursieren Videoschnipsel, die zeigen, wie die&nbsp;Au&szlig;enministerin in Indien&nbsp;landet und angeblich von keiner offiziellen Regierungsdelegation empfangen wird. K&ouml;nnten Sie das vielleicht f&uuml;r uns aufl&ouml;sen? Ist das tats&auml;chlich vorgekommen? Falls ja: Was ist der Grund daf&uuml;r, dass die Au&szlig;enministerin ohne Empfang durch indische Offizielle in Indien gelandet ist?<\/p><p><strong>Fischer (AA)<\/strong><br>\nDie Au&szlig;enministerin ist&nbsp;&ndash; das haben Sie wahrscheinlich verfolgt&nbsp;&ndash; letzte Woche in Libanon und dann in Paris bei der Konferenz gewesen, und von dort ist sie dann per Linie nach Indien geflogen. Von daher hat sie sozusagen den Linienausstieg gew&auml;hlt und ist dann auch dementsprechend empfangen worden, wie es sich von indischer Seite geh&ouml;rt. Sie haben das ja auch an den Gespr&auml;chen der Au&szlig;enministerin mit ihrem indischen Kollegen gesehen: Die waren von gro&szlig;er Vertrautheit und enger Kooperation gepr&auml;gt.<\/p><p><strong>Zusatzfrage Warweg<\/strong><br>\nDie Videoschnipsel, auf die ich mich bezogen habe, zeigen sie allerdings aussteigend aus einem Flugzeug der Flugbereitschaft. Das hei&szlig;t, wenn ich Sie richtig verstehe, dementieren Sie das? Das ist dann sozusagen aus dem Kontext gerissen oder wie auch immer? Weil diese Videoschnipsel gerade anfangen viral zu gehen, w&auml;re es ja vielleicht sinnvoll, das richtigzustellen.<\/p><p><strong>Fischer (AA)<\/strong><br>\nHerr Warweg, ich stelle das ja gerade richtig. Ich kann Ihnen sagen, dass die Au&szlig;enministerin per Linie nach Indien geflogen ist. Wenn es Schnipsel gibt, die darlegten, sie sei mit einem Flugzeug der Flugbereitschaft geflogen, dann ist das einfach falsch.<\/p><p>&ndash;rund 30 Minuten sp&auml;ter&ndash;<\/p><p><strong>Vorsitzender Feldhoff<\/strong><br>\nDann hat das Ausw&auml;rtige Amt erst noch Aufkl&auml;rung zu dem kursierenden&nbsp;Video.<\/p><p><strong>Fischer (AA)<\/strong><br>\nGenau. Ich habe meine Kolleginnen und Kollegen im Hintergrund gebeten, sich dieses Video doch einmal anzuschauen. Es ist so, wie ich gesagt habe. Es stammt nicht aus Indien. Es gibt Behauptungen, es stamme aus China. Auch das ist falsch. Es ist die&nbsp;Landung der Au&szlig;enministerin&nbsp;in Malaysia. Dort hat durch ein Missverst&auml;ndnis das Flugzeug nicht da geparkt hat, wo es h&auml;tte parken sollen. Dadurch war das Begr&uuml;&szlig;ungskomitee an einer anderen Stelle aufgebaut als der, an der das Flugzeug zum Stehen gekommen ist. Insofern musste die Au&szlig;enministerin ein paar Schritte gehen, um dann in Empfang genommen zu werden.<\/p><p><small>Titelbild: Screenshot NachDenkSeiten, Bundespressekonferenz 28.10.2024<\/small><\/p><div class=\"moreLikeThis\">\n<strong>Mehr zum Thema:<\/strong>\n<p><a href=\"https:\/\/www.nachdenkseiten.de\/?p=110662\">Die fragw&uuml;rdige Finanzierung von Correctiv: US-Oligarchen und Bundesbeh&ouml;rden<\/a><\/p>\n<p><a href=\"https:\/\/www.nachdenkseiten.de\/?p=112023\">Faktencheck der Faktenchecker: Wie Correctiv seine Leser &uuml;ber den Taurus-Mitschnitt desinformiert<\/a><\/p>\n<p><a href=\"https:\/\/www.nachdenkseiten.de\/?p=119315\">Propaganda mit Preisen &ndash; Heute: Schon wieder &bdquo;Correctiv&ldquo;<\/a><\/p>\n<p><a href=\"https:\/\/www.nachdenkseiten.de\/?p=123473\">&bdquo;Russisches Desinformations&ouml;kosystem&ldquo; &ndash; Ausw&auml;rtiges Amt weigert sich, UN-Expertin Belege f&uuml;r Baerbocks Gaza-&Auml;u&szlig;erung zu pr&auml;sentieren<\/a>\n<\/p><\/div><p><img loading=\"lazy\" decoding=\"async\" src=\"https:\/\/vg07.met.vgwort.de\/na\/445eae5d5e4545f09184b206bb41b2ab\" width=\"1\" height=\"1\" alt=\"\"><\/p>\n","protected":false},"excerpt":{"rendered":"<p>Seit letzter Woche kursiert ein Video, welches zeigen soll, wie die bundesdeutsche Au&szlig;enministerin allein aus dem Regierungsflieger steigt und sich irritiert umschaut, weil weit und breit keine sonst &uuml;bliche Empfangsdelegation sichtbar ist. Laut dem Clip soll dies wahlweise beim Besuch in Indien oder China geschehen sein. Die <em>NachDenkSeiten<\/em> fragten beim Ausw&auml;rtigen Amt nach, ob dieses<\/p>\n<div class=\"readMore\"><a class=\"moretag\" href=\"https:\/\/www.nachdenkseiten.de\/?p=124292\">Weiterlesen<\/a><\/div>\n","protected":false},"author":15,"featured_media":124293,"comment_status":"closed","ping_status":"closed","sticky":false,"template":"","format":"standard","meta":{"spay_email":"","footnotes":""},"categories":[107,188,183],"tags":[2665,2503,2036,2005,840,1919],"class_list":["post-124292","post","type-post","status-publish","format-standard","has-post-thumbnail","hentry","category-audio-podcast","category-bundesregierung","category-medienkritik","tag-baerbock-annalena","tag-bundespressekonferenz","tag-correctiv","tag-fake-news","tag-focus","tag-lueckenpresse"],"jetpack_featured_media_url":"https:\/\/www.nachdenkseiten.de\/wp-content\/uploads\/2024\/11\/241028-BPK-Titelbild-Clip-3-Baerbock-in-Malaysia-NDS.jpg","_links":{"self":[{"href":"https:\/\/www.nachdenkseiten.de\/index.php?rest_route=\/wp\/v2\/posts\/124292","targetHints":{"allow":["GET"]}}],"collection":[{"href":"https:\/\/www.nachdenkseiten.de\/index.php?rest_route=\/wp\/v2\/posts"}],"about":[{"href":"https:\/\/www.nachdenkseiten.de\/index.php?rest_route=\/wp\/v2\/types\/post"}],"author":[{"embeddable":true,"href":"https:\/\/www.nachdenkseiten.de\/index.php?rest_route=\/wp\/v2\/users\/15"}],"replies":[{"embeddable":true,"href":"https:\/\/www.nachdenkseiten.de\/index.php?rest_route=%2Fwp%2Fv2%2Fcomments&post=124292"}],"version-history":[{"count":7,"href":"https:\/\/www.nachdenkseiten.de\/index.php?rest_route=\/wp\/v2\/posts\/124292\/revisions"}],"predecessor-version":[{"id":124308,"href":"https:\/\/www.nachdenkseiten.de\/index.php?rest_route=\/wp\/v2\/posts\/124292\/revisions\/124308"}],"wp:featuredmedia":[{"embeddable":true,"href":"https:\/\/www.nachdenkseiten.de\/index.php?rest_route=\/wp\/v2\/media\/124293"}],"wp:attachment":[{"href":"https:\/\/www.nachdenkseiten.de\/index.php?rest_route=%2Fwp%2Fv2%2Fmedia&parent=124292"}],"wp:term":[{"taxonomy":"category","embeddable":true,"href":"https:\/\/www.nachdenkseiten.de\/index.php?rest_route=%2Fwp%2Fv2%2Fcategories&post=124292"},{"taxonomy":"post_tag","embeddable":true,"href":"https:\/\/www.nachdenkseiten.de\/index.php?rest_route=%2Fwp%2Fv2%2Ftags&post=124292"}],"curies":[{"name":"wp","href":"https:\/\/api.w.org\/{rel}","templated":true}]}}