{"id":125358,"date":"2024-11-28T10:00:59","date_gmt":"2024-11-28T09:00:59","guid":{"rendered":"https:\/\/www.nachdenkseiten.de\/?p=125358"},"modified":"2026-01-27T11:48:12","modified_gmt":"2026-01-27T10:48:12","slug":"erklaerung-der-aussenminister-liest-sich-wie-gruendungsdokument-fuer-den-dritten-weltkrieg","status":"publish","type":"post","link":"https:\/\/www.nachdenkseiten.de\/?p=125358","title":{"rendered":"Erkl\u00e4rung der Au\u00dfenminister liest sich wie Gr\u00fcndungsdokument f\u00fcr den dritten Weltkrieg"},"content":{"rendered":"<p>Es wirkt wie ein &bdquo;Gr&uuml;ndungsdokument&ldquo; f&uuml;r den dritten Weltkrieg: Die <a href=\"https:\/\/www.auswaertiges-amt.de\/de\/newsroom\/-\/2685616\">gemeinsame Erkl&auml;rung der Au&szlig;enminister Deutschlands, Frankreichs, Polens, Italiens und Spaniens zu den &bdquo;sicherheitspolitischen Herausforderungen Europas&ldquo;<\/a> hinterl&auml;sst Entsetzen. Die ohnehin seit Langem aufgehende Saat der Konfrontation zwischen Russland und NATO wird noch weiter ged&uuml;ngt. Ein zeithistorisches Dokument liegt vor, das in seiner diplomatischen Ignoranz, seiner inhaltlichen Einf&auml;ltigkeit und seiner politischen Unverantwortlichkeit zum Abbild einer Politik geworden ist, die in den Abgrund des Kriegs f&uuml;hrt. Ein Kommentar von <strong>Marcus Kl&ouml;ckner<\/strong>.<\/p><p><em>Dieser Beitrag ist auch als Audio-Podcast verf&uuml;gbar.<\/em><br>\n<!--more--><br>\n<\/p><div class=\"powerpress_player\" id=\"powerpress_player_8051\"><!--[if lt IE 9]><script>document.createElement('audio');<\/script><![endif]-->\n<audio class=\"wp-audio-shortcode\" id=\"audio-125358-1\" preload=\"none\" style=\"width: 100%;\" controls=\"controls\"><source type=\"audio\/mpeg\" src=\"https:\/\/www.nachdenkseiten.de\/upload\/podcast\/241128-Erklaerung-der-Aussenminister-NDS.mp3?_=1\"><\/source><a href=\"https:\/\/www.nachdenkseiten.de\/upload\/podcast\/241128-Erklaerung-der-Aussenminister-NDS.mp3\">https:\/\/www.nachdenkseiten.de\/upload\/podcast\/241128-Erklaerung-der-Aussenminister-NDS.mp3<\/a><\/audio><\/div><p class=\"powerpress_links powerpress_links_mp3\">Podcast: <a href=\"https:\/\/www.nachdenkseiten.de\/upload\/podcast\/241128-Erklaerung-der-Aussenminister-NDS.mp3\" class=\"powerpress_link_pinw\" target=\"_blank\" title=\"Play in new window\" onclick=\"return powerpress_pinw('https:\/\/www.nachdenkseiten.de\/?powerpress_pinw=125358-podcast');\" rel=\"nofollow\">Play in new window<\/a> | <a href=\"https:\/\/www.nachdenkseiten.de\/upload\/podcast\/241128-Erklaerung-der-Aussenminister-NDS.mp3\" class=\"powerpress_link_d\" title=\"Download\" rel=\"nofollow\" download=\"241128-Erklaerung-der-Aussenminister-NDS.mp3\">Download<\/a><\/p><p>Da waren sie zusammengekommen, die Au&szlig;enminister zentraler europ&auml;ischer L&auml;nder. Sie redeten &uuml;ber die Ukraine, Russland, den Krieg oder, wie es in ihrer gemeinsamen Abschlusserkl&auml;rung hei&szlig;t: &uuml;ber &bdquo;die sicherheitspolitischen Herausforderungen Europas&ldquo;. Wenn auf diese Weise formuliert wird, l&auml;sst sich erahnen, in welche Richtung der politische Zug fahren soll. In der gesamten Erkl&auml;rung kommt der Begriff &bdquo;Verhandlungen&ldquo; insgesamt null Mal vor. Das ist in Anbetracht der gegenw&auml;rtigen Situation, die mit der Kuba-Krise vergleichbar ist, eine politische Bankrotterkl&auml;rung &ndash; und eine diplomatische ohnehin.<\/p><p>Dem Leser der Erkl&auml;rung wird schnell klar: Die Ergebnisse aus dem Treffen der Au&szlig;enminister werden nicht zu einem Hoffnungsschimmer f&uuml;r den Frieden. Im Gegenteil, nach beinahe drei Jahren Krieg, Hunderttausenden von Toten, Verst&uuml;mmelten und Traumatisierten soll die Politik der harten Hand gegen&uuml;ber Russland fortgef&uuml;hrt werden. Die fatale Richtung &ndash; sie bleibt eingeschlagen.<\/p><p>Gleich zu Beginn der Erkl&auml;rung hei&szlig;t es: &bdquo;Russland attackiert systematisch die europ&auml;ische Sicherheitsarchitektur.&ldquo;<\/p><p>So steht sie da, diese Aussage &ndash; gepr&auml;gt und durchtr&auml;nkt von einer kaum zu ertragenden Ignoranz. Im besten Fall beruht Derartiges auf schierer Unwissenheit. Doch eine solche Unwissenheit w&auml;re in Anbetracht der Erwartungen, die an Au&szlig;enminister gesteckt werden d&uuml;rfen, unfassbar &ndash; von weiteren in Betracht zu ziehenden M&ouml;glichkeiten f&uuml;r die Ignoranz ganz zu schweigen.<\/p><p>Wer hat, so m&ouml;chte man fragen, die europ&auml;ische Sicherheitsarchitektur &bdquo;attackiert&ldquo;? Wie war das nochmal mit dem &bdquo;Euro-Maidan&ldquo;, mit den <a href=\"https:\/\/www.telepolis.de\/features\/Blutbad-am-Maidan-Wer-waren-die-Todesschuetzen-3364803.html?seite=all\">Scharfsch&uuml;tzen<\/a> und: <a href=\"https:\/\/www.nytimes.com\/2024\/02\/25\/world\/europe\/cia-ukraine-intelligence-russia-war.html\">Seit wann hat die CIA in der Ukraine agiert?<\/a> Wie sah der Einfluss westlicher Tiefenpolitik in der Ukraine seit 2014 aus?<\/p><p>Es ist erm&uuml;dend, auf das immer und immer wieder Durchgekaute einzugehen. Und wer bisher noch nicht begriffen hat, dass der Kampf um die Ukraine ein Kampf zwischen Russland und der NATO auf Ebene der Geostrategie ist, wird es ohnehin nicht mehr begreifen. Doch die Einseitigkeit, mit der Politik, Medien und Expertentum hierzulande den Krieg erfassen, ist atemberaubend. Und diese Einseitigkeit trieft aus allen Poren der Erkl&auml;rung der Au&szlig;enminister.<\/p><p>&bdquo;In den vergangenen 1.000 Tagen&ldquo;, so hei&szlig;t es weiter, &bdquo;hat Russland in seinem Angriffskrieg gegen die Ukraine Abertausende Menschen get&ouml;tet und immer wieder das V&ouml;lkerrecht gebrochen.&ldquo; Die Au&szlig;enminister reden von &bdquo;Russlands ruchlosem Revisionismus&ldquo; und einer &bdquo;beharrlichen Weigerung, die Aggression zu beenden&ldquo;.<\/p><p>Wie soll auf diese Worte Diplomatie bauen? Ja, diese Worte, &uuml;berhaupt: Die gesamte Erkl&auml;rung wirkt so, als ginge es gerade darum, <em>nicht<\/em> auf Diplomatie zu bauen; als ginge es darum, die Ecksteine der Diplomatie noch weiter zu zerschlagen.<\/p><p>Dass Russland die Ukraine angegriffen hat, ist unbesstritten. Das zu kritisieren und auch zu verurteilen versteht sich von selbst. <\/p><p>Allerdings: Was bringen an der Stelle, an der sich der Konflikt mittlerweile befindet, diese immer und immer und immer wieder vorgetragenen Anschuldigungen gegen Russland? Wenn deutsche Journalisten, Politiker und &bdquo;Experten&ldquo; immer wieder von einem &bdquo;Angriffskrieg&ldquo; sprechen, fragt man sich, warum bei US-Kriegen nicht ebenso von Angriffskriegen gesprochen wurde. Die Einseitigkeit, die Stimmungsmache, die Propaganda: Sie kommen zum Vorschein. <\/p><p>Jeder, der auch nur einen Hauch von Diplomatie und von Konfliktl&ouml;sung beherzigt, versteht: Dem Gegner Anschuldigungen direkt ins Gesicht zu schlagen, tr&auml;gt selten zu einer Entspannung bei &ndash; ob auf zwischenmenschlicher Ebene, in der Gesch&auml;ftswelt und insbesondere auf Ebene der Politik: Wer ein Interesse an der Beendigung von Konflikten hat, muss &ndash; auch wenn das mitunter bitter ist &ndash; &bdquo;gesichtswahrend&ldquo; vorgehen. Er muss dem Gegner eine T&uuml;r offen lassen, er muss ihm immer noch eine gewisse Achtung zollen &ndash; im Sinne des Ziels. Pers&ouml;nliche Befindlichkeiten und der moralische Zeigefinger sind etwas f&uuml;r den Sandkasten und nicht f&uuml;r eine Situation, in der ein dritter Weltkrieg der Realit&auml;t nahe ist.<\/p><p>Doch in der gesamten Erkl&auml;rung lassen die Au&szlig;enminister keine T&uuml;r offen, sie bieten keine gesichtswahrende Optionen an. Was folgt, ist ein diplomatischer Albtraum:<\/p><p>&bdquo;Um dieser historischen Herausforderung gerecht zu werden, sind wir entschlossen, in Bezug auf die europ&auml;ische Sicherheit im Schulterschluss mit unseren europ&auml;ischen und transatlantischen Partnern in gro&szlig;en Ma&szlig;st&auml;ben zu denken und zu handeln&ldquo;, ist in der Erkl&auml;rung zu lesen.<\/p><p>F&uuml;r &bdquo;unabdingbar&ldquo; halten die Au&szlig;enminister und die L&auml;nder, f&uuml;r die sie stehen,<\/p><ul>\n<li>&bdquo;erneut die best&auml;ndige Rolle einer starken und geeinten NATO als Grundpfeiler der europ&auml;ischen Verteidigung und Sicherheit zu bekr&auml;ftigen&ldquo;,<\/li>\n<li>&bdquo;die NATO zu st&auml;rken, indem wir unsere Ausgaben f&uuml;r Sicherheit und Verteidigung entsprechend unseren bisherigen Zusagen erh&ouml;hen, wobei wir erneut bekr&auml;ftigen, dass in vielen F&auml;llen h&ouml;here Ausgaben als 2 % des BIP n&ouml;tig sein werden, um den wachsenden Sicherheitsbedrohungen zu begegnen&ldquo;,<\/li>\n<li>&bdquo;Europas Sicherheit und Verteidigung unter Nutzung aller uns zur Verf&uuml;gung stehenden Mittel zu st&auml;rken, (&hellip;), auch durch (&hellip;) die Ert&uuml;chtigung der europ&auml;ischen Industriebasis (&hellip;)<\/li>\n<li>in unsere kritischen milit&auml;rischen F&auml;higkeiten, darunter Flugabwehr, weitreichende Pr&auml;zisionswaffen (&hellip;) zu investieren und neue Technologien zu nutzen&ldquo; (&hellip;) die Widerstandsf&auml;higkeit unserer Gesellschaften zu f&ouml;rdern&ldquo;, &bdquo;unsere milit&auml;rische, wirtschaftliche und finanzielle Unterst&uuml;tzung der Ukraine weiter zu steigern&ldquo;.<\/li>\n<\/ul><p>Die Au&szlig;enminister wollen au&szlig;erdem Russland weiterhin abschrecken und &bdquo;Putins F&auml;higkeit zur Fortf&uuml;hrung seines Angriffskriegs (&hellip;) untergraben&ldquo;. Dar&uuml;ber hinaus wollen Deutschland und die anderen Staaten &bdquo;Russlands Aufbau milit&auml;rischer F&auml;higkeiten (&hellip;) beschr&auml;nken, auch durch restriktive Ma&szlig;nahmen&ldquo;.<\/p><p>Eine derartig ausgerichtete Politik hat sich von der Diplomatie verabschiedet. Die Erkl&auml;rung l&auml;sst sich geradezu wie ein Gr&uuml;ndungsdokument f&uuml;r den dritten Weltkrieg verstehen.<\/p><p><small>Titelbild: Alexandros Michailidis\/shutterstock.com<\/small><\/p>\n","protected":false},"excerpt":{"rendered":"<p>Es wirkt wie ein &bdquo;Gr&uuml;ndungsdokument&ldquo; f&uuml;r den dritten Weltkrieg: Die <a href=\"https:\/\/www.auswaertiges-amt.de\/de\/newsroom\/-\/2685616\">gemeinsame Erkl&auml;rung der Au&szlig;enminister Deutschlands, Frankreichs, Polens, Italiens und Spaniens zu den &bdquo;sicherheitspolitischen Herausforderungen Europas&ldquo;<\/a> hinterl&auml;sst Entsetzen. Die ohnehin seit Langem aufgehende Saat der Konfrontation zwischen Russland und NATO wird noch weiter ged&uuml;ngt. Ein zeithistorisches Dokument liegt vor, das in seiner diplomatischen Ignoranz, seiner<\/p>\n<div class=\"readMore\"><a class=\"moretag\" href=\"https:\/\/www.nachdenkseiten.de\/?p=125358\">Weiterlesen<\/a><\/div>\n","protected":false},"author":13,"featured_media":125359,"comment_status":"closed","ping_status":"closed","sticky":false,"template":"","format":"standard","meta":{"spay_email":"","footnotes":""},"categories":[169,107,172,171],"tags":[3293,3240,3360,3260,2301,466,690,259],"class_list":["post-125358","post","type-post","status-publish","format-standard","has-post-thumbnail","hentry","category-aussen-und-sicherheitspolitik","category-audio-podcast","category-aufruestung","category-militaereinsaetzekriege","tag-bellizismus","tag-diplomatische-verhandlungen","tag-europaeische-union","tag-feindbild","tag-konfrontationspolitik","tag-nato","tag-neusprech","tag-russland"],"jetpack_featured_media_url":"https:\/\/www.nachdenkseiten.de\/wp-content\/uploads\/2024\/11\/Shutterstock_1925099771.jpg","_links":{"self":[{"href":"https:\/\/www.nachdenkseiten.de\/index.php?rest_route=\/wp\/v2\/posts\/125358","targetHints":{"allow":["GET"]}}],"collection":[{"href":"https:\/\/www.nachdenkseiten.de\/index.php?rest_route=\/wp\/v2\/posts"}],"about":[{"href":"https:\/\/www.nachdenkseiten.de\/index.php?rest_route=\/wp\/v2\/types\/post"}],"author":[{"embeddable":true,"href":"https:\/\/www.nachdenkseiten.de\/index.php?rest_route=\/wp\/v2\/users\/13"}],"replies":[{"embeddable":true,"href":"https:\/\/www.nachdenkseiten.de\/index.php?rest_route=%2Fwp%2Fv2%2Fcomments&post=125358"}],"version-history":[{"count":8,"href":"https:\/\/www.nachdenkseiten.de\/index.php?rest_route=\/wp\/v2\/posts\/125358\/revisions"}],"predecessor-version":[{"id":125402,"href":"https:\/\/www.nachdenkseiten.de\/index.php?rest_route=\/wp\/v2\/posts\/125358\/revisions\/125402"}],"wp:featuredmedia":[{"embeddable":true,"href":"https:\/\/www.nachdenkseiten.de\/index.php?rest_route=\/wp\/v2\/media\/125359"}],"wp:attachment":[{"href":"https:\/\/www.nachdenkseiten.de\/index.php?rest_route=%2Fwp%2Fv2%2Fmedia&parent=125358"}],"wp:term":[{"taxonomy":"category","embeddable":true,"href":"https:\/\/www.nachdenkseiten.de\/index.php?rest_route=%2Fwp%2Fv2%2Fcategories&post=125358"},{"taxonomy":"post_tag","embeddable":true,"href":"https:\/\/www.nachdenkseiten.de\/index.php?rest_route=%2Fwp%2Fv2%2Ftags&post=125358"}],"curies":[{"name":"wp","href":"https:\/\/api.w.org\/{rel}","templated":true}]}}