{"id":126965,"date":"2025-01-09T12:55:31","date_gmt":"2025-01-09T11:55:31","guid":{"rendered":"https:\/\/www.nachdenkseiten.de\/?p=126965"},"modified":"2025-03-27T12:55:51","modified_gmt":"2025-03-27T11:55:51","slug":"rentenkuerzungen-fuer-hochruestung-ja-sind-wir-jetzt-vollkommen-durchgedreht","status":"publish","type":"post","link":"https:\/\/www.nachdenkseiten.de\/?p=126965","title":{"rendered":"\u201eRentenk\u00fcrzungen f\u00fcr Hochr\u00fcstung\u201c \u2013 ja sind wir jetzt vollkommen durchgedreht?"},"content":{"rendered":"<p>Derzeit &uuml;bertreffen sich der designierte US-Pr&auml;sident Trump und deutsche Oppositionspolitiker <a href=\"https:\/\/www.nachdenkseiten.de\/?p=126915\">gegenseitig mit Forderungen<\/a>, die R&uuml;stungsausgaben zu erh&ouml;hen. Gr&uuml;nen-Kandidat Habeck 3,5 Prozent und der AfD-Kandidatin Weidel sind selbst Trumps 5 Prozent <a href=\"https:\/\/x.com\/MarcusPretzell\/status\/1877121829552161239\">zu gering<\/a> &ndash; mehr als dies sei &bdquo;sehr wahrscheinlich&ldquo; n&ouml;tig, wenn man es, so Weidel, &bdquo;ernst nehme mit der Ert&uuml;chtigung der Bundeswehr und der eigenen Landesverteidigung&ldquo;. Da bleibt einem die Spucke weg. Woher das Geld &ndash; folgt man Weidels Aussagen, w&auml;ren das immerhin mehr als 200 Milliarden Euro &ndash; kommen soll, d&uuml;rfte wohl erst nach den Wahlen ernsthaft diskutiert werden; getreu dem De-Maizi&egrave;re-Bonmot: &bdquo;Ein Teil dieser Antworten w&uuml;rde die Bev&ouml;lkerung verunsichern&ldquo;. Der in Regierungskreisen bestens vernetzte &Ouml;konom Moritz Schularick hat da in einem Interview mit dem <em>SPIEGEL<\/em> schon so eine Idee: <a href=\"https:\/\/www.spiegel.de\/wirtschaft\/interview-mit-oekonom-moritz-schularick-die-alten-sollten-fuer-verteidigungsausgaben-aufkommen-a-405c145a-4343-4feb-bcc9-341d65b77351\">&bdquo;Die Zeche sollten auch die Alten zahlen&ldquo;<\/a>. Die Renten sollten gek&uuml;rzt, das Renteneintrittsalter erh&ouml;ht werden. Da verschl&auml;gt es einem endg&uuml;ltig den Atem. Ein Kommentar von <strong>Jens Berger<\/strong>.<\/p><p><em>Dieser Beitrag ist auch als Audio-Podcast verf&uuml;gbar.<\/em><br>\n<!--more--><br>\n<\/p><div class=\"powerpress_player\" id=\"powerpress_player_252\"><!--[if lt IE 9]><script>document.createElement('audio');<\/script><![endif]-->\n<audio class=\"wp-audio-shortcode\" id=\"audio-126965-1\" preload=\"none\" style=\"width: 100%;\" controls=\"controls\"><source type=\"audio\/mpeg\" src=\"https:\/\/www.nachdenkseiten.de\/upload\/podcast\/250109_Rentenkuerzungen_fuer_Hochruestung_ja_sind_wir_jetzt_vollkommen_durchgedreht_NDS.mp3?_=1\"><\/source><a href=\"https:\/\/www.nachdenkseiten.de\/upload\/podcast\/250109_Rentenkuerzungen_fuer_Hochruestung_ja_sind_wir_jetzt_vollkommen_durchgedreht_NDS.mp3\">https:\/\/www.nachdenkseiten.de\/upload\/podcast\/250109_Rentenkuerzungen_fuer_Hochruestung_ja_sind_wir_jetzt_vollkommen_durchgedreht_NDS.mp3<\/a><\/audio><\/div><p class=\"powerpress_links powerpress_links_mp3\">Podcast: <a href=\"https:\/\/www.nachdenkseiten.de\/upload\/podcast\/250109_Rentenkuerzungen_fuer_Hochruestung_ja_sind_wir_jetzt_vollkommen_durchgedreht_NDS.mp3\" class=\"powerpress_link_pinw\" target=\"_blank\" title=\"Play in new window\" onclick=\"return powerpress_pinw('https:\/\/www.nachdenkseiten.de\/?powerpress_pinw=126965-podcast');\" rel=\"nofollow\">Play in new window<\/a> | <a href=\"https:\/\/www.nachdenkseiten.de\/upload\/podcast\/250109_Rentenkuerzungen_fuer_Hochruestung_ja_sind_wir_jetzt_vollkommen_durchgedreht_NDS.mp3\" class=\"powerpress_link_d\" title=\"Download\" rel=\"nofollow\" download=\"250109_Rentenkuerzungen_fuer_Hochruestung_ja_sind_wir_jetzt_vollkommen_durchgedreht_NDS.mp3\">Download<\/a><\/p><p>Auf die faktisch nicht vorhandene Notwendigkeit, die ohnehin schon massive milit&auml;rische &Uuml;berlegenheit der NATO durch noch h&ouml;here R&uuml;stungsausgaben in einen neuen R&uuml;stungswettlauf ausarten zu lassen, muss man zumindest auf den <em>NachDenkSeiten<\/em> sicherlich nicht mehr hinweisen. Erst vor einem <a href=\"https:\/\/www.nachdenkseiten.de\/?p=125796\">Monat berichteten wir<\/a> &uuml;ber eine Greenpeace-Studie, deren Zahlen in ihrer Bedeutung unstrittig sind. Vor einigen Monaten wies der NachDenkSeiten-Autor Karsten Montag in einem gut <a href=\"https:\/\/www.nachdenkseiten.de\/?p=118897\">recherchierten Artikel<\/a> darauf hin, dass die Erz&auml;hlung von einer angeblichen &bdquo;russischen Bedrohung&ldquo; nur auf Vermutungen und Behauptungen basiert und in sich unlogisch ist. Derlei Widerspr&uuml;che st&ouml;ren die Falken in Politik, Medien und Wissenschaft jedoch nicht.<\/p><p>Moritz Schularick, seines Zeichens Pr&auml;sident des steuerfinanzierten Kiel Instituts f&uuml;r Weltwirtschaft (IfW), hat sich als Falke in den letzten Jahren einen Namen gemacht und geh&ouml;rt zu den lautesten Stimmen, wenn es darum geht, h&ouml;here R&uuml;stungsausgaben zu fordern. Daher war es prinzipiell auch eine gute Idee, den Mann einmal zu fragen, wie und wer die Zeche daf&uuml;r eigentlich zahlen soll. Schularicks Antworten dazu sind in ihrer Dreistigkeit verbl&uuml;ffend ehrlich.<\/p><blockquote><p>\n&bdquo;<em>Kurzfristig werden deshalb neue Kredite notwendig sein. Mittel- und langfristig wird es nicht ohne K&uuml;rzungen und Umschichtungen im Haushalt gehen. Um nennenswerte Summen zu erreichen, wird man auch an das Rentensystem herangehen m&uuml;ssen. [&hellip;]<br>\nEs war die &auml;ltere Generation, die es vers&auml;umt hat, in den vergangenen Jahrzehnten ausreichend in unsere Sicherheit zu investieren. Stattdessen hat sie die Friedensdividende konsumiert. Sie hat es zudem vers&auml;umt, das Rentensystem zukunftssicher zu machen. Deshalb w&auml;re es schwierig, wenn die &Auml;lteren nun ihren Beitrag zur St&auml;rkung der Verteidigung verweigern w&uuml;rden. Zumal die J&uuml;ngeren ja schon die Kredite bedienen m&uuml;ssen, die daf&uuml;r jetzt notwendig werden.&ldquo;<\/em><br>\n&ndash;<em>Moritz Schularick im SPIEGEL-Interview<\/em>\n<\/p><\/blockquote><p>So denkt ein deutscher &Ouml;konom Jahrgang 1975 heutzutage. Die Dreistigkeit dieser Denkweise ist freilich f&uuml;r Normaldenkende unertr&auml;glich. Doch wer denkt heute noch normal? Beim <em>SPIEGEL<\/em> offenbar niemand, kritische Nachfragen blieben aus. Dabei sind Schularicks Ausf&uuml;hrungen selbst dann wirr und schlichtweg falsch, wenn man einmal die &bdquo;R&uuml;stungslogik&ldquo; herausl&auml;sst. Unser Rentensystem ist ein in sich geschlossenes Umlagesystem, bei dem Mitglieder Anwartschaften erwerben. Diese Anwartschaften kann man nicht einfach so mir nichts, dir nichts als variable Staatsausgaben in die R&uuml;stung umlenken. <\/p><p>Es ist auch Unsinn, hier einen Generationenkonflikt zu spinnen. Nicht nur die J&uuml;ngeren m&uuml;ssen Kredite bedienen, auch die Rentner selbst, zahlen sie doch selbstverst&auml;ndlich auch direkte und indirekte Steuern, aus denen diese Kredite bedient werden. Ein Vorziehen des Renteneintrittsalters w&uuml;rde &uuml;brigens ganz nebenbei nicht die &bdquo;Alten&ldquo;, die laut Schularick ja so viel falsch gemacht haben, als sie ihre &bdquo;Friedensdividende&ldquo; kassierten, belasten, sondern ausschlie&szlig;lich die &bdquo;J&uuml;ngeren&ldquo;.<\/p><p>Aber was soll man da noch ernsthaft sagen? Das ist der ewig gleiche alte Wein, der nun in neuen Schl&auml;uchen aufgetischt wird. Die momentan in bestimmten Kreisen angesagte Forderung nach h&ouml;heren R&uuml;stungsausgaben wird instrumentalisiert, um das Rentensystem weiter unter Beschuss zu nehmen und der Privatisierung der Rente Vorschub zu leisten. Waren es sonst die &bdquo;Lohnnebenkosten&ldquo;, der &bdquo;demografische Wandel&ldquo; oder der &bdquo;Fachkr&auml;ftemangel&ldquo;, so ist es jetzt auch noch die &bdquo;Bedrohung durch Russland&ldquo;, die daf&uuml;r herhalten muss, das Rentensystem unter Beschuss zu nehmen. <\/p><p>Als kleine Erinnerung am Rande &ndash; nicht, dass das irgendwas mit dem Thema zu tun h&auml;tte: Als Deutschland 1957 die jetzige Form der Umlagefinanzierung im Rentensystem verankerte, hatte Deutschland 4,1 Prozent R&uuml;stungsausgaben. Dass der <em>SPIEGEL<\/em> da keine kritischen Nachfragen stellt, ist verst&auml;ndlich, hat er doch auch bei allen anderen Angriffen auf das Rentensystem nicht nur mitgemacht, sondern diese Angriffe selbst (mit)er&ouml;ffnet.<\/p><p>Dennoch verschl&auml;gt die Dreistigkeit einem den Atem. Wir haben zwei vollkommen absurde Debatten &ndash; die der geforderten Hochr&uuml;stung und die der K&uuml;rzung der Renten. In beiden Debatten f&uuml;hrt Schularick absurde Forderungen ins Feld. Doch Minus mal Minus ist ja bei dieser Argumentf&uuml;hrung nicht gleich Plus. Was &uuml;brig bleibt, ist der Eindruck, dass wir uns mittlerweile vollends in einem Tollhaus befinden, in einer postfaktischen &Auml;ra, in der &Ouml;konomen jeden Unsinn verbreiten k&ouml;nnen und Journalisten ihnen nicht widersprechen, sondern ganz im Gegenteil sogar die passende Plattform daf&uuml;r bieten. Als kritischer &Ouml;konom und Journalist wei&szlig; man gar nicht mehr, wo man da mit seiner Kritik &uuml;berhaupt noch ansetzen soll &ndash; Tollhaus eben. Aber vielleicht ist dies ja der tiefere Sinn solcher Interviews, so sie denn &uuml;berhaupt einen Sinn haben &ndash; die letzten &bdquo;Normaldenkenden&ldquo; glauben zu machen, sie seien die Verr&uuml;ckten. Doch seien Sie sich gewiss, liebe Leser. Es ist genau umgekehrt.<\/p><p><small>Titelbild: Kiselev Andrey Valerevich\/shutterstock.com<\/small><img loading=\"lazy\" decoding=\"async\" src=\"http:\/\/vg04.met.vgwort.de\/na\/74e46aff32d54119aef31f2dee19aa62\" width=\"1\" height=\"1\" alt=\"\"><\/p>\n","protected":false},"excerpt":{"rendered":"<p>Derzeit &uuml;bertreffen sich der designierte US-Pr&auml;sident Trump und deutsche Oppositionspolitiker <a href=\"https:\/\/www.nachdenkseiten.de\/?p=126915\">gegenseitig mit Forderungen<\/a>, die R&uuml;stungsausgaben zu erh&ouml;hen. Gr&uuml;nen-Kandidat Habeck 3,5 Prozent und der AfD-Kandidatin Weidel sind selbst Trumps 5 Prozent <a href=\"https:\/\/x.com\/MarcusPretzell\/status\/1877121829552161239\">zu gering<\/a> &ndash; mehr als dies sei &bdquo;sehr wahrscheinlich&ldquo; n&ouml;tig, wenn man es, so Weidel, &bdquo;ernst nehme mit der Ert&uuml;chtigung der Bundeswehr und<\/p>\n<div class=\"readMore\"><a class=\"moretag\" href=\"https:\/\/www.nachdenkseiten.de\/?p=126965\">Weiterlesen<\/a><\/div>\n","protected":false},"author":8,"featured_media":126966,"comment_status":"closed","ping_status":"closed","sticky":false,"template":"","format":"standard","meta":{"spay_email":"","footnotes":""},"categories":[107,172,123,39],"tags":[625,1367,301,3541,420],"class_list":["post-126965","post","type-post","status-publish","format-standard","has-post-thumbnail","hentry","category-audio-podcast","category-aufruestung","category-kampagnentarnworteneusprech","category-rente","tag-ifw","tag-ruestungsausgaben","tag-rentenalter","tag-schularick-moritz","tag-spiegel"],"jetpack_featured_media_url":"https:\/\/www.nachdenkseiten.de\/wp-content\/uploads\/2025\/01\/Shutterstock_1095807857.jpg","_links":{"self":[{"href":"https:\/\/www.nachdenkseiten.de\/index.php?rest_route=\/wp\/v2\/posts\/126965","targetHints":{"allow":["GET"]}}],"collection":[{"href":"https:\/\/www.nachdenkseiten.de\/index.php?rest_route=\/wp\/v2\/posts"}],"about":[{"href":"https:\/\/www.nachdenkseiten.de\/index.php?rest_route=\/wp\/v2\/types\/post"}],"author":[{"embeddable":true,"href":"https:\/\/www.nachdenkseiten.de\/index.php?rest_route=\/wp\/v2\/users\/8"}],"replies":[{"embeddable":true,"href":"https:\/\/www.nachdenkseiten.de\/index.php?rest_route=%2Fwp%2Fv2%2Fcomments&post=126965"}],"version-history":[{"count":7,"href":"https:\/\/www.nachdenkseiten.de\/index.php?rest_route=\/wp\/v2\/posts\/126965\/revisions"}],"predecessor-version":[{"id":126985,"href":"https:\/\/www.nachdenkseiten.de\/index.php?rest_route=\/wp\/v2\/posts\/126965\/revisions\/126985"}],"wp:featuredmedia":[{"embeddable":true,"href":"https:\/\/www.nachdenkseiten.de\/index.php?rest_route=\/wp\/v2\/media\/126966"}],"wp:attachment":[{"href":"https:\/\/www.nachdenkseiten.de\/index.php?rest_route=%2Fwp%2Fv2%2Fmedia&parent=126965"}],"wp:term":[{"taxonomy":"category","embeddable":true,"href":"https:\/\/www.nachdenkseiten.de\/index.php?rest_route=%2Fwp%2Fv2%2Fcategories&post=126965"},{"taxonomy":"post_tag","embeddable":true,"href":"https:\/\/www.nachdenkseiten.de\/index.php?rest_route=%2Fwp%2Fv2%2Ftags&post=126965"}],"curies":[{"name":"wp","href":"https:\/\/api.w.org\/{rel}","templated":true}]}}