{"id":130529,"date":"2025-03-21T15:00:12","date_gmt":"2025-03-21T14:00:12","guid":{"rendered":"https:\/\/www.nachdenkseiten.de\/?p=130529"},"modified":"2025-03-21T13:30:18","modified_gmt":"2025-03-21T12:30:18","slug":"leserbriefe-zu-nominierung-von-baerbock-fuer-zweithoechsten-un-posten-und-desinformationen-des-auswaertigen-amts","status":"publish","type":"post","link":"https:\/\/www.nachdenkseiten.de\/?p=130529","title":{"rendered":"Leserbriefe zu \u201eNominierung von Baerbock f\u00fcr zweith\u00f6chsten UN-Posten und Desinformationen des Ausw\u00e4rtigen Amts\u201c"},"content":{"rendered":"<p><a href=\"https:\/\/www.nachdenkseiten.de\/?p=130463\">In diesem Beitrag<\/a> hat <strong>Florian Warweg<\/strong> die Nominierung von Au&szlig;enministerin Annalena Baerbock als zuk&uuml;nftige Pr&auml;sidentin der UN-Generalversammlung durch die nur noch gesch&auml;ftsf&uuml;hrend t&auml;tige Bundesregierung hinterfragt. Gefragt wurde insbesondere, &bdquo;welche fachlichen Kompetenzen Baerbock f&uuml;r diesen Posten einbringt, die es rechtfertigen, daf&uuml;r die eigentlich vorgesehene Kandidatin, die deutsche Spitzendiplomatin Helga Schmid, abzuservieren&ldquo;. Das Ausw&auml;rtige Amt habe gezeigt, dass es nicht in der Lage sei, das zu begr&uuml;nden. Der AA-Sprecher habe angesichts fehlender Sachargumente jedoch Desinformation &uuml;ber die <em>NachDenkSeiten<\/em> verbreitet. Wir danken f&uuml;r die interessanten Zuschriften, die wir hierzu erhalten haben. Es folgt nun eine Auswahl der Leserbriefe, die <strong>Christian Reimann<\/strong> f&uuml;r Sie zusammengestellt hat.<br>\n<!--more--><\/p><div class=\"hr_wrap\">\n<hr>\n<\/div><p><strong>1. Leserbrief<\/strong><\/p><p>Guten Abend,<\/p><p>Daumen hoch, Herr Warweg!!!<\/p><p>Und mit Verlaub, was f&uuml;r ein arrogantes A&hellip; des Ausw&auml;rtigen Amtes!!!<\/p><p>Es wird immer schlimmer im besten Deutschland aller Zeiten.<\/p><p>Mit freundlichen Gr&uuml;&szlig;en<br>\nRonald Kleinsorge<\/p><div class=\"hr_wrap\">\n<hr>\n<\/div><p><strong>2. Leserbrief<\/strong><\/p><p>Hallo Herr Warweg,<\/p><p>zu AA-Sprecher Fischers Bemerkung&hellip; &ldquo;Ihre Zuschauerinnen und Zuschauer steigen ja im Regelfall nach 20 oder 30 Sekunden aus Ihrer Show aus&hellip;&rdquo;<\/p><p>Sorry, aber der Mann hat Recht!<\/p><p>Sie sollten ihm jedoch &ndash; auch im Namen eines ehem. Sprechers und Botschafters, der nach 30 Sek. ebenfalls aussteigt &ndash; klarmachen, dass dies nicht aufgrund bohrenden Warweg-Fragen geschieht, sondern tats&auml;chlich aufgrund der meistens unbefriedigenden und langweiligen Antworten &ndash; l&auml;ngeres Zusehen w&auml;re letztendlich Zeitverschwendung. Ich darf &ndash; zitatf&auml;hig &ndash; auf meinen erste NDS-Artikel &uuml;ber die Ersetzbarkeit von Pressesprechern durch KI verweisen.<\/p><p>Damit beste Gr&uuml;&szlig;e und ein gutes Wochenende,<br>\nH. Rudolf<\/p><div class=\"hr_wrap\">\n<hr>\n<\/div><p><strong>3. Leserbrief: <\/strong><\/p><p>Lieber Herr Warweg,<\/p><p>ich z. B. lese regelm&auml;&szlig;ig Ihre verschriftlichen Berichte von der BPK. Die Videos sehe ich mir deshalb nur selten an, weil ich die Peinlichkeit des Agierens der Leute auf der Sprechertrib&uuml;ne nicht ertragen kann. Wie halten Sie das nur aus!?<\/p><p>Mit freundlichen Gr&uuml;&szlig;en<br>\nHeinz Voigt<\/p><div class=\"hr_wrap\">\n<hr>\n<\/div><p><strong>4. Leserbrief<\/strong><\/p><p>Sehr geehrter Herr Warweg,<\/p><p>sagt der Fischer zu Ihnen:<\/p><blockquote><p>\n&ldquo;Eine technische Anmerkung nur: Ihre Zuschauerinnen und Zuschauer steigen ja im Regelfall nach 20 oder 30 Sekunden aus Ihrer Show aus. Insofern frage ich mich, wer denn jetzt &uuml;berhaupt meine Antwort schaut.&rdquo;\n<\/p><\/blockquote><p>Ihre Berichte aus der BPK lese ich regelm&auml;&szlig;ig. Habe auch schon mehrfach in Leserbriefen darauf hingewiesen, wie wichtig ich sie finde. Allerdings schaue ich die Videos fast nie, sondern lese den Text. Warum? Damit kann ich leicht das nichtssagende, unversch&auml;mte, arrogante und irref&uuml;hrende Gelaber der Herren Fischer &amp;Co. auf das Wesentliche eindampfen. Und meistens, eigentlich in der Regel, bleibt als Wesentliches nichts &uuml;brig, au&szlig;er L&uuml;gen und belanglose, ablenkende Geschichten, die die Herren (die HerrInnen nat&uuml;rlich auch) besser ihren Friseuren erz&auml;hlt h&auml;tten.<\/p><p>Armer Florian, was hast Du Dir da angetan!<\/p><p>Tr&ouml;stliche Gr&uuml;&szlig;e,<br>\nRolf Henze<\/p><div class=\"hr_wrap\">\n<hr>\n<\/div><p><strong>5. Leserbrief<\/strong><\/p><p>Hallo Herr Warweg,<\/p><p>Vielen Dank f&uuml;r Ihre Arbeit und Ihr bewundernswertes Durchhalteverm&ouml;gen.&nbsp;<\/p><p>Herr Fischer (AA) hat Recht. Sicher geht es vielen so, dass man sp&auml;testens nach ein paar Sekunden der Antworten gesundheitliche (W&uuml;rge-)Probleme bekommt und abbrechen muss. Ich schaffe es zumindest, alles zu lesen. Die Qualit&auml;t der Antworten und die unbeschreibliche Arroganz ist nur sehr schwer zu ertragen.<\/p><p>&Uuml;brigens verstehe ich nicht, wie es zu einem einheitlichen Beschluss kommen kann, ohne dass ein Vorschlag gemacht wird. Na ja, wir verstehen ja langsam wie das alles l&auml;uft.<\/p><p>Viele Gr&uuml;&szlig;e und weiter so<br>\nJ&ouml;rg Willing<\/p><div class=\"hr_wrap\">\n<hr>\n<\/div><p><strong>6. Leserbrief<\/strong><\/p><p>Danke NDS, insbesondere &ndash; und immer wieder &ndash; Herrn Warweg.<\/p><p>Die Antworten von Herrn Fischer, AA, zeigen, dass<\/p><ol type=\"a\">\n<li>mit einer langen Redeschleife, die angrenzende Themen u. andere mit einbindet, eine pr&auml;zise Antwort umgangen wird,<\/li>\n<li>die abwertende Polemik zeigt (&ldquo;NDS schaut eh kaum jemand etc.) seine Unsicherheit zeigt,<\/li>\n<li>das Niveau der fachlich politischen Kompetenz des Ausw&auml;rtigen Amtes (und beteiligter Politgremien), Frau Baerbock als hoch geeignete Person f&uuml;r das bedeutende Amt in der UN zu installieren, erschreckend ist.<\/li>\n<\/ol><p>Nat&uuml;rlich wissen die Befragten um die beschr&auml;nkte Qualifikation ihrer &ldquo;Klientin&rdquo;. Aber man braucht die willf&auml;hrigen Kollaborateure. Es ist auch ein Gradmesser, wie weit sich die Mehrheit der Bev&ouml;lkerung&nbsp; das gefallen l&auml;sst.<\/p><p>Ich habe einmal den Landessteil Deutschlands, die DDR, verlassen, das &ldquo;Geseiche&rdquo;, die &ldquo;Vera&hellip;&rdquo;&nbsp; etc. des Politb&uuml;ros der DDR waren nicht mehr ertr&auml;glich. Wenn ich j&uuml;nger w&auml;re, h&auml;tte ich diesem, nun ebenso das in Indoktrination und Volksverdummung herabsinkende Land l&auml;ngst den R&uuml;cken gekehrt.<\/p><p>Denn mir schwant schlimmes. Die Anf&auml;nge der geistigen Einschr&auml;nkungen, wie Auftrittsverbote, Rausw&uuml;rfe und Strafanzeigen beleidigter &ldquo;Leberw&uuml;rste&rdquo; (Habeck 800 Strafanzeigen) werden zunehmen. Au&szlig;erdem waren schon einmal Berufsverbote und Ausgrenzungen en woke. &ndash;<br>\nDie Fasces, die B&uuml;ndelung doktrin&auml;rer Macht kommt aus dem Inneren einer sich im Abgang befindlichen Machtelite, aus ihr erw&auml;chst ebenso ein Faschismus. Er setzt sich stetig, wenn auch langsam durch, weil er &uuml;ber alle Mittel der Macht und der Propaganda verf&uuml;gt. Andere Gruppierungen k&ouml;nnten nur &uuml;ber einen Putsch an die Macht eines Staates kommen und brauchen milit&auml;rische, m&ouml;glichst unkontrollierte Kr&auml;fte dazu. Die haben (ausreichend) weder die Neonazis, noch die Reichsb&uuml;rger, auch nicht die AfD. Doch parlamentarische Putsche geschahen m. M.* im Th&uuml;ringer Landtag 2024 und jetzt durch Friedrich Merz am 3. Februar und j&uuml;ngst am 18. M&auml;rz 2025.<br>\nUnd wenn sich Onkel Donald, alias Sam, ohnehin jetzt faschisiert, dann wird es Europa auch nachmachen, nur mit vielen Feigenbl&auml;ttchen.<\/p><p>NDS mach dennoch weiter so! Lege den Finger in die schwelenden Wunden.<\/p><p>*auf Grund eines analytischen Hinweises eines Politikwissenschaftlers<\/p><p>Lothar Gonschor<\/p><div class=\"hr_wrap\">\n<hr>\n<\/div><p><strong>Anmerkung zur Korrespondenz mit den NachDenkSeiten<\/strong><\/p><p>Die NachDenkSeiten freuen sich &uuml;ber Ihre Zuschriften, am besten in einer angemessenen L&auml;nge und mit einem eindeutigen Betreff.<\/p><p>Es gibt die folgenden E-Mail-Adressen:<\/p><ul>\n<li><a href=\"mailto:leserbriefe@nachdenkseiten.de\">leserbriefe(at)nachdenkseiten.de<\/a> f&uuml;r Kommentare zum Inhalt von Beitr&auml;gen.<\/li>\n<li><a href=\"mailto:hinweise@nachdenkseiten.de\">hinweise(at)nachdenkseiten.de<\/a> wenn Sie Links zu Beitr&auml;gen in anderen Medien haben.<\/li>\n<li><a href=\"mailto:videohinweise@nachdenkseiten.de\">videohinweise(at)nachdenkseiten.de<\/a> f&uuml;r die Verlinkung von interessanten Videos.<\/li>\n<li><a href=\"mailto:redaktion@nachdenkseiten.de\">redaktion(at)nachdenkseiten.de<\/a> f&uuml;r Organisatorisches und Fragen an die Redaktion.<\/li>\n<\/ul><p>Weitere Details zu diesem Thema finden Sie in unserer &bdquo;<a href=\"https:\/\/www.nachdenkseiten.de\/?page_id=47939\">Gebrauchsanleitung<\/a>&ldquo;.<\/p>\n","protected":false},"excerpt":{"rendered":"<p><a href=\"https:\/\/www.nachdenkseiten.de\/?p=130463\">In diesem Beitrag<\/a> hat <strong>Florian Warweg<\/strong> die Nominierung von Au&szlig;enministerin Annalena Baerbock als zuk&uuml;nftige Pr&auml;sidentin der UN-Generalversammlung durch die nur noch gesch&auml;ftsf&uuml;hrend t&auml;tige Bundesregierung hinterfragt. Gefragt wurde insbesondere, &bdquo;welche fachlichen Kompetenzen Baerbock f&uuml;r diesen Posten einbringt, die es rechtfertigen, daf&uuml;r die eigentlich vorgesehene Kandidatin, die deutsche Spitzendiplomatin Helga Schmid, abzuservieren&ldquo;. Das Ausw&auml;rtige Amt habe<\/p>\n<div class=\"readMore\"><a class=\"moretag\" href=\"https:\/\/www.nachdenkseiten.de\/?p=130529\">Weiterlesen<\/a><\/div>\n","protected":false},"author":11,"featured_media":0,"comment_status":"closed","ping_status":"closed","sticky":false,"template":"","format":"standard","meta":{"spay_email":"","footnotes":""},"categories":[103],"tags":[],"class_list":["post-130529","post","type-post","status-publish","format-standard","hentry","category-leserbriefe"],"jetpack_featured_media_url":"","_links":{"self":[{"href":"https:\/\/www.nachdenkseiten.de\/index.php?rest_route=\/wp\/v2\/posts\/130529","targetHints":{"allow":["GET"]}}],"collection":[{"href":"https:\/\/www.nachdenkseiten.de\/index.php?rest_route=\/wp\/v2\/posts"}],"about":[{"href":"https:\/\/www.nachdenkseiten.de\/index.php?rest_route=\/wp\/v2\/types\/post"}],"author":[{"embeddable":true,"href":"https:\/\/www.nachdenkseiten.de\/index.php?rest_route=\/wp\/v2\/users\/11"}],"replies":[{"embeddable":true,"href":"https:\/\/www.nachdenkseiten.de\/index.php?rest_route=%2Fwp%2Fv2%2Fcomments&post=130529"}],"version-history":[{"count":2,"href":"https:\/\/www.nachdenkseiten.de\/index.php?rest_route=\/wp\/v2\/posts\/130529\/revisions"}],"predecessor-version":[{"id":130531,"href":"https:\/\/www.nachdenkseiten.de\/index.php?rest_route=\/wp\/v2\/posts\/130529\/revisions\/130531"}],"wp:attachment":[{"href":"https:\/\/www.nachdenkseiten.de\/index.php?rest_route=%2Fwp%2Fv2%2Fmedia&parent=130529"}],"wp:term":[{"taxonomy":"category","embeddable":true,"href":"https:\/\/www.nachdenkseiten.de\/index.php?rest_route=%2Fwp%2Fv2%2Fcategories&post=130529"},{"taxonomy":"post_tag","embeddable":true,"href":"https:\/\/www.nachdenkseiten.de\/index.php?rest_route=%2Fwp%2Fv2%2Ftags&post=130529"}],"curies":[{"name":"wp","href":"https:\/\/api.w.org\/{rel}","templated":true}]}}