{"id":1337,"date":"2006-06-06T17:58:14","date_gmt":"2006-06-06T15:58:14","guid":{"rendered":"http:\/\/www.nachdenkseiten.de\/v2\/?p=1337"},"modified":"2016-02-06T11:12:24","modified_gmt":"2016-02-06T10:12:24","slug":"mal-was-anderes-stoibar-macht-den-erklarbar-zu-problembar","status":"publish","type":"post","link":"https:\/\/www.nachdenkseiten.de\/?p=1337","title":{"rendered":"Mal was anderes: \u201eStoib\u00e4r macht den Erkl\u00e4rbar zu Problemb\u00e4r\u201c"},"content":{"rendered":"<p>Montag, 29. Mai 2006 &ndash; Der &uuml;beraus gewandte Rhetoriker Edmund Stoiber, im Hauptberuf Ministerpr&auml;sident und verhinderter Bundeskanzler, gab mal wieder den Erkl&auml;rbar ab.<br>\nIn der letzten Woche gab er eine Erkl&auml;rung zum neuen pelzigen Bewohner Bayerns ab:<br>\n<!--more--><\/p><blockquote><p>&Auml;h, nat&uuml;rlich freuen wir uns, das ist gar keine Frage, freuen wir uns, und die Reaktion war v&ouml;llig richtig, einen, &auml;h, sich normal verhaltenden B&auml;r in Bayern zu haben, &auml;h, ja das ist gar net zum Lachen. &Auml;h, und der B&auml;r im Normalfall, ich muss mich ja auch, &auml;h, Werner Schnappauf hat sich hier intensiv mit so genannten Experten ausgetauscht und austauschen, &auml;h, m&uuml;ssen. Nun haben wir, der normal verhaltende B&auml;r lebt im Wald, geht niemals raus und rei&szlig;t vielleicht ein bis zwei Schafe im Jahr. &Auml;h, wir haben dann einen Unterschied zwischen dem normal sich verhaltenden B&auml;ren, dem Schadb&auml;r und dem Problemb&auml;r. Und, &auml;h, es ist ganz klar, dass, &auml;h, dieser B&auml;r, &auml;h, ein Problemb&auml;r ist und es ist im &Uuml;brigen auch, im Grunde genommen, durchaus ein gewisses Gl&uuml;ck gewesen, er hat um 1 Uhr nachts praktisch diese H&uuml;hner gerissen. Und Gott sei Dank war in dem Haus, &auml;h, war, also jedenfalls ist das nicht bemerkt worden. Auf Grund von, &auml;h, es ist nicht bemerkt worden. Stellen Sie sich mal vor, der war ja mittendrin, stellen Sie sich mal vor, die Leute w&auml;ren raus und w&auml;ren praktisch jetzt, &auml;h, dem B&auml;r praktisch begegnet. &Auml;h, was da h&auml;tte passieren k&ouml;nnen.<\/p><\/blockquote><p>Besser als das nur zu lesen ist es diese Erkl&auml;rung zu <a href=\"upload\/mp3\/problembaer.mp3\">h&ouml;ren<\/a>.\t<\/p>\n","protected":false},"excerpt":{"rendered":"<p>Montag, 29. Mai 2006 &ndash; Der &uuml;beraus gewandte Rhetoriker Edmund Stoiber, im Hauptberuf Ministerpr&auml;sident und verhinderter Bundeskanzler, gab mal wieder den Erkl&auml;rbar ab.<br \/> In der letzten Woche gab er eine Erkl&auml;rung zum neuen pelzigen Bewohner Bayerns ab:<\/p>\n","protected":false},"author":2,"featured_media":0,"comment_status":"closed","ping_status":"open","sticky":false,"template":"","format":"standard","meta":{"spay_email":"","footnotes":""},"categories":[198],"tags":[983],"class_list":["post-1337","post","type-post","status-publish","format-standard","hentry","category-einzelne-politiker-personen-der-zeitgeschichte","tag-stoiber-edmund"],"jetpack_featured_media_url":"","_links":{"self":[{"href":"https:\/\/www.nachdenkseiten.de\/index.php?rest_route=\/wp\/v2\/posts\/1337","targetHints":{"allow":["GET"]}}],"collection":[{"href":"https:\/\/www.nachdenkseiten.de\/index.php?rest_route=\/wp\/v2\/posts"}],"about":[{"href":"https:\/\/www.nachdenkseiten.de\/index.php?rest_route=\/wp\/v2\/types\/post"}],"author":[{"embeddable":true,"href":"https:\/\/www.nachdenkseiten.de\/index.php?rest_route=\/wp\/v2\/users\/2"}],"replies":[{"embeddable":true,"href":"https:\/\/www.nachdenkseiten.de\/index.php?rest_route=%2Fwp%2Fv2%2Fcomments&post=1337"}],"version-history":[{"count":1,"href":"https:\/\/www.nachdenkseiten.de\/index.php?rest_route=\/wp\/v2\/posts\/1337\/revisions"}],"predecessor-version":[{"id":30964,"href":"https:\/\/www.nachdenkseiten.de\/index.php?rest_route=\/wp\/v2\/posts\/1337\/revisions\/30964"}],"wp:attachment":[{"href":"https:\/\/www.nachdenkseiten.de\/index.php?rest_route=%2Fwp%2Fv2%2Fmedia&parent=1337"}],"wp:term":[{"taxonomy":"category","embeddable":true,"href":"https:\/\/www.nachdenkseiten.de\/index.php?rest_route=%2Fwp%2Fv2%2Fcategories&post=1337"},{"taxonomy":"post_tag","embeddable":true,"href":"https:\/\/www.nachdenkseiten.de\/index.php?rest_route=%2Fwp%2Fv2%2Ftags&post=1337"}],"curies":[{"name":"wp","href":"https:\/\/api.w.org\/{rel}","templated":true}]}}