{"id":136602,"date":"2025-07-29T09:00:39","date_gmt":"2025-07-29T07:00:39","guid":{"rendered":"https:\/\/www.nachdenkseiten.de\/?p=136602"},"modified":"2026-01-27T11:54:08","modified_gmt":"2026-01-27T10:54:08","slug":"aufruestung-des-militaerflughafens-buechel-was-laeuft-hier-fuer-ein-wahnsinn-ab","status":"publish","type":"post","link":"https:\/\/www.nachdenkseiten.de\/?p=136602","title":{"rendered":"Aufr\u00fcstung des Milit\u00e4rflughafens B\u00fcchel: Was l\u00e4uft hier f\u00fcr ein Wahnsinn ab?"},"content":{"rendered":"<p>Der Umbau des Milit&auml;rflughafens B&uuml;chel in der Eifel wird teurer als geplant. Rund 800 Millionen mehr werden nun veranschlagt. Die Kosten sollten eigentlich 1,2 Milliarden Euro betragen. Das berichtet der Nachrichtensender <em>n-tv<\/em>. Der Flughafen soll f&uuml;r die von der Bundeswehr bestellten US-Kampfjets vom Typ F-35 angepasst werden. Die Flugzeuge sind daf&uuml;r gedacht, im Kriegsfall US-amerikanische Atombomben zu transportieren und abzuwerfen. Die Kosten f&uuml;r ein Milit&auml;rprojekt werden hier also fast verdoppelt. Aufr&uuml;stung auf Kosten der Steuerzahler. Gleichzeitig soll am B&uuml;rgergeld gespart und l&auml;nger gearbeitet werden. Die Unversch&auml;mtheit der Politik kennt keine Grenzen mehr. Ein Kommentar von <strong>Marcus Kl&ouml;ckner<\/strong>. <\/p><p><em>Dieser Beitrag ist auch als Audio-Podcast verf&uuml;gbar.<\/em><br>\n<!--more--><br>\n<\/p><div class=\"powerpress_player\" id=\"powerpress_player_8299\"><!--[if lt IE 9]><script>document.createElement('audio');<\/script><![endif]-->\n<audio class=\"wp-audio-shortcode\" id=\"audio-136602-1\" preload=\"none\" style=\"width: 100%;\" controls=\"controls\"><source type=\"audio\/mpeg\" src=\"https:\/\/www.nachdenkseiten.de\/upload\/podcast\/250729_Aufruestung_des_Militaerflughafens_Buechel_Was_laeuft_hier_fuer_ein_Wahnsinn_ab_NDS.mp3?_=1\"><\/source><a href=\"https:\/\/www.nachdenkseiten.de\/upload\/podcast\/250729_Aufruestung_des_Militaerflughafens_Buechel_Was_laeuft_hier_fuer_ein_Wahnsinn_ab_NDS.mp3\">https:\/\/www.nachdenkseiten.de\/upload\/podcast\/250729_Aufruestung_des_Militaerflughafens_Buechel_Was_laeuft_hier_fuer_ein_Wahnsinn_ab_NDS.mp3<\/a><\/audio><\/div><p class=\"powerpress_links powerpress_links_mp3\">Podcast: <a href=\"https:\/\/www.nachdenkseiten.de\/upload\/podcast\/250729_Aufruestung_des_Militaerflughafens_Buechel_Was_laeuft_hier_fuer_ein_Wahnsinn_ab_NDS.mp3\" class=\"powerpress_link_pinw\" target=\"_blank\" title=\"Play in new window\" onclick=\"return powerpress_pinw('https:\/\/www.nachdenkseiten.de\/?powerpress_pinw=136602-podcast');\" rel=\"nofollow\">Play in new window<\/a> | <a href=\"https:\/\/www.nachdenkseiten.de\/upload\/podcast\/250729_Aufruestung_des_Militaerflughafens_Buechel_Was_laeuft_hier_fuer_ein_Wahnsinn_ab_NDS.mp3\" class=\"powerpress_link_d\" title=\"Download\" rel=\"nofollow\" download=\"250729_Aufruestung_des_Militaerflughafens_Buechel_Was_laeuft_hier_fuer_ein_Wahnsinn_ab_NDS.mp3\">Download<\/a><\/p><p>Mehr, noch mehr, noch viel mehr: Die Aufr&uuml;stung der Bundesrepublik ist zu einem Fass ohne Boden geworden. &Uuml;ber eine Billion Euro sollen &ndash; bis jetzt &ndash; f&uuml;r das Projekt Kriegst&uuml;chtigkeit bereitgestellt werden. Und jetzt erf&auml;hrt die &Ouml;ffentlichkeit, dass sich die Kosten f&uuml;r den Umbau des Flughafens B&uuml;chel in der Eifel  von 1,2 Milliarden Euro auf rund zwei Milliarden fast verdoppeln, <a href=\"https:\/\/www.n-tv.de\/politik\/Umbau-fuer-neue-Atom-Jets-verursacht-Kostenexplosion-article25927308.html\">wie <em>n-tv<\/em> berichtet<\/a>. Also: Vorl&auml;ufig! Weitere Kostensteigerungen sind m&ouml;glich. W&auml;hrend die Politik gerade auf die &Auml;rmsten der Gesellschaft fokussiert, den Rotstift ans B&uuml;rgergeld ansetzen will und die B&uuml;rger l&auml;nger arbeiten sollen, gilt in Sachen Aufr&uuml;stung das Gie&szlig;kannenprinzip. <\/p><p>Zwei Milliarden daf&uuml;r, dass von der Bundeswehr gekaufte US-amerikanische Kampfjets im Ernstfall mit Atombomben starten und sich am Nuklearkrieg gegen Russland beteiligen k&ouml;nnen? Was l&auml;uft hier f&uuml;r ein Wahnsinn ab? Bei einem Atomkrieg zwischen NATO und Russland w&uuml;rde aller Voraussicht nach von Deutschland nichts &uuml;brig bleiben. Die Kampfjets sollen &ndash; Achtung, Propagandasprech &ndash; zur &bdquo;nuklearen Abschreckung&ldquo; der NATO gegen&uuml;ber Russland beitragen. Wir schreiben das Jahr 2025 und r&uuml;ckw&auml;rtsgewandte Politiker muten der Bev&ouml;lkerung eine Politik aus der Hochzeit des Kalten Krieges aus dem vergangenen Jahrhundert zu. <\/p><p>Was den Umbau des Flughafens B&uuml;chels angeht: Hier wirft die Politik im wahrsten Sinne des Wortes das Geld der Steuerzahler mit beiden H&auml;nden aus dem Fenster. Ein Bild, das f&uuml;r das gesamte Vorhaben Kriegst&uuml;chtigkeit gilt. Von welch einer &bdquo;nuklearen Abschreckung&ldquo; fantasiert hier die Politik? &bdquo;Schreckt&ldquo; die NATO nicht ohnehin Russland bereits genug nuklear ab? Russland hat die NATO nie angegriffen.<\/p><p>Sowohl NATO als auch Russland sind atomar bis zum Anschlag bewaffnet. Was soll es bringen, wenn nun in der Eifel ein Milit&auml;rflugplatz umgebaut wird, auf dem Flugzeuge mit Atomwaffen starten und landen k&ouml;nnen? In den K&ouml;pfen der Milit&auml;rs und einer Politik, die jede Bodenhaftung verloren, daf&uuml;r aber ein Feindbild im Kopf hat, mag die Aufr&uuml;stung in B&uuml;chel Sinn ergeben. Au&szlig;erhalb der geistigen Horizonte der Kalten Krieger 2.0 tut sie das nicht. Vonseiten des Bundesverteidigungsministeriums hei&szlig;t es laut <em>n-tv<\/em>:<\/p><blockquote><p>\n<em>&bdquo;Die zugrundeliegende Kalkulation umfasst alle heute absehbaren Aufwandspositionen und Kostenfaktoren einschlie&szlig;lich Risikozuschl&auml;gen, kann aber aufgrund der besonderen Herausforderungen des Vorhabens keinen abschlie&szlig;enden Festpreis darstellen.<\/em>&ldquo;\n<\/p><\/blockquote><p>Und <em>n-tv<\/em> weiter: Weitere Preissteigerungen, zum Beispiel wegen personeller Verst&auml;rkungen zur Einhaltung der &bdquo;extrem ambitionierten zeitlichen Vorgaben&ldquo; k&ouml;nnten nicht ausgeschlossen werden.<\/p><p>&bdquo;Die Gesamtkosten werden nach Abschluss des Projekts 2027 ermittelt&ldquo;, so das Ministerium. Die Kostensteigerung sei zu Beginn des Projekts nicht absehbar gewesen, sagte eine Ministeriumssprecherin. Sie f&uuml;hrt laut <em>n-tv<\/em> die &bdquo;enormen Sicherheitsvorgaben, die die USA auch noch im Laufe des Prozesses&ldquo; gemacht h&auml;tten, als Ursachen an. Au&szlig;erdem hei&szlig;t es: &bdquo;Eine Verz&ouml;gerung des Projekts, um h&ouml;here Ausgaben zu verhindern, war und ist hingegen keine Option, weil die Zeitlinie f&uuml;r die Stationierung der F-35 ab 2027 nicht verschiebbar ist.&ldquo;<\/p><p>Fast eine Milliarde Euro mehr, weil man sich an die &bdquo;Zeitlinie&ldquo; halten will. Und &uuml;berhaupt: Das Geld muss offensichtlich flie&szlig;en. <\/p><p><small>Titelbild: e-crow \/ Shutterstock<\/small><\/p>\n","protected":false},"excerpt":{"rendered":"<p>Der Umbau des Milit&auml;rflughafens B&uuml;chel in der Eifel wird teurer als geplant. Rund 800 Millionen mehr werden nun veranschlagt. Die Kosten sollten eigentlich 1,2 Milliarden Euro betragen. Das berichtet der Nachrichtensender <em>n-tv<\/em>. Der Flughafen soll f&uuml;r die von der Bundeswehr bestellten US-Kampfjets vom Typ F-35 angepasst werden. Die Flugzeuge sind daf&uuml;r gedacht, im Kriegsfall US-amerikanische<\/p>\n<div class=\"readMore\"><a class=\"moretag\" href=\"https:\/\/www.nachdenkseiten.de\/?p=136602\">Weiterlesen<\/a><\/div>\n","protected":false},"author":13,"featured_media":136603,"comment_status":"closed","ping_status":"closed","sticky":false,"template":"","format":"standard","meta":{"spay_email":"","footnotes":""},"categories":[107,172,135],"tags":[2035,1519,2204,694,466,259],"class_list":["post-136602","post","type-post","status-publish","format-standard","has-post-thumbnail","hentry","category-audio-podcast","category-aufruestung","category-finanzpolitik","tag-abschreckungsstrategie","tag-atomwaffen","tag-buechel","tag-milliardengrab","tag-nato","tag-russland"],"jetpack_featured_media_url":"https:\/\/www.nachdenkseiten.de\/wp-content\/uploads\/2025\/07\/shutterstock_2553358607.jpg","_links":{"self":[{"href":"https:\/\/www.nachdenkseiten.de\/index.php?rest_route=\/wp\/v2\/posts\/136602","targetHints":{"allow":["GET"]}}],"collection":[{"href":"https:\/\/www.nachdenkseiten.de\/index.php?rest_route=\/wp\/v2\/posts"}],"about":[{"href":"https:\/\/www.nachdenkseiten.de\/index.php?rest_route=\/wp\/v2\/types\/post"}],"author":[{"embeddable":true,"href":"https:\/\/www.nachdenkseiten.de\/index.php?rest_route=\/wp\/v2\/users\/13"}],"replies":[{"embeddable":true,"href":"https:\/\/www.nachdenkseiten.de\/index.php?rest_route=%2Fwp%2Fv2%2Fcomments&post=136602"}],"version-history":[{"count":8,"href":"https:\/\/www.nachdenkseiten.de\/index.php?rest_route=\/wp\/v2\/posts\/136602\/revisions"}],"predecessor-version":[{"id":136649,"href":"https:\/\/www.nachdenkseiten.de\/index.php?rest_route=\/wp\/v2\/posts\/136602\/revisions\/136649"}],"wp:featuredmedia":[{"embeddable":true,"href":"https:\/\/www.nachdenkseiten.de\/index.php?rest_route=\/wp\/v2\/media\/136603"}],"wp:attachment":[{"href":"https:\/\/www.nachdenkseiten.de\/index.php?rest_route=%2Fwp%2Fv2%2Fmedia&parent=136602"}],"wp:term":[{"taxonomy":"category","embeddable":true,"href":"https:\/\/www.nachdenkseiten.de\/index.php?rest_route=%2Fwp%2Fv2%2Fcategories&post=136602"},{"taxonomy":"post_tag","embeddable":true,"href":"https:\/\/www.nachdenkseiten.de\/index.php?rest_route=%2Fwp%2Fv2%2Ftags&post=136602"}],"curies":[{"name":"wp","href":"https:\/\/api.w.org\/{rel}","templated":true}]}}