{"id":14063,"date":"2012-08-06T13:49:18","date_gmt":"2012-08-06T11:49:18","guid":{"rendered":"http:\/\/www.nachdenkseiten.de\/?p=14063"},"modified":"2015-04-24T11:06:38","modified_gmt":"2015-04-24T09:06:38","slug":"beim-vergleich-des-verbrechens-der-nadja-drygalla-mit-rechtsradikalen-auserungen-von-soder-und-gesinnungsfreunden-stost-man-auf-einen-interessanten-meinungsbildungsprozess","status":"publish","type":"post","link":"https:\/\/www.nachdenkseiten.de\/?p=14063","title":{"rendered":"Beim Vergleich des \u201eVerbrechens\u201c der Nadja Drygalla mit rechtsradikalen \u00c4u\u00dferungen von S\u00f6der und Gesinnungsfreunden st\u00f6\u00dft man auf einen interessanten Meinungsbildungsprozess"},"content":{"rendered":"<p>Olympia-Rudererin Nadja Drygalla hat das Olympische Dorf verlassen, als verbreitet wurde, sie sei mit einem Mitglied und Funktion&auml;r der NPD befreundet. Man kann sich mit Recht dar&uuml;ber wundern, dass die Li&auml;son mit einem NPD-Funktion&auml;r einen solchen Schatten auf einen Menschen wirft, wie das im Falle der Rudererin Drygalla geschehen ist, obwohl sie sich von der <a href=\"http:\/\/www.spiegel.de\/panorama\/ruderin-drygalla-distanziert-sich-von-rechter-szene-a-848352-druck.html\">Neonazis-Szene distanziert<\/a>. Die <a href=\"http:\/\/www.nachdenkseiten.de\/?p=14055\">rechtsradikalen und fremdenfeindlichen &Auml;u&szlig;erungen etablierter Politiker wie S&ouml;der<\/a>, und die Kampagnen zum Beispiel der Bild-Zeitung gegen andere V&ouml;lker wie gegen die Griechen und die Volksverhetzung, die in diesen Kreisen schon bei der Asylrechtsdebatte Anfang der neunziger Jahre sichtbar wurde, sind jedenfalls um vieles schlimmer als das &ldquo;Vergehen&rdquo; der Nadja Drygalla. Eine Person wie S&ouml;der und viele seiner Parteifreunde und ihrer Gesinnungsgenossen in den Medien nutzen die Distanzierung von der NPD und anderen Rechtsradikalen wie einen Paravent. <strong>Albrecht M&uuml;ller<\/strong>.<br>\n<!--more--><br>\nJe mehr gegen die NPD und ihre Freunde wenigstens gelegentlich eingeschritten und durchgegriffen wird, umso mehr gewinnen die rechtskonservativen und rechtsradikalen etablierten Kreise in den traditionellen konservativen Parteien an Spielraum. Sie k&ouml;nnen sich wirklich menschenverachtend und volksverhetzend &auml;u&szlig;ern. An ihnen bleibt in der breiten &Ouml;ffentlichkeit nichts an rechtsradikalem Verdacht h&auml;ngen. Dieser wird auf Personen wie Drygulla und ihr Umfeld gerichtet. Diese Art von Meinungsbildung funktioniert. Man kann sie an sich selbst studieren.<\/p>\n","protected":false},"excerpt":{"rendered":"<p>Olympia-Rudererin Nadja Drygalla hat das Olympische Dorf verlassen, als verbreitet wurde, sie sei mit einem Mitglied und Funktion&auml;r der NPD befreundet. Man kann sich mit Recht dar&uuml;ber wundern, dass die Li&auml;son mit einem NPD-Funktion&auml;r einen solchen Schatten auf einen Menschen wirft, wie das im Falle der Rudererin Drygalla geschehen ist, obwohl sie sich von der<\/p>\n<div class=\"readMore\"><a class=\"moretag\" href=\"https:\/\/www.nachdenkseiten.de\/?p=14063\">Weiterlesen<\/a><\/div>\n","protected":false},"author":2,"featured_media":0,"comment_status":"closed","ping_status":"open","sticky":false,"template":"","format":"standard","meta":{"spay_email":"","footnotes":""},"categories":[126,159,11],"tags":[1555,956,1373,1215],"class_list":["post-14063","post","type-post","status-publish","format-standard","hentry","category-erosion-der-demokratie","category-fremdenfeindlichkeit-rassismus","category-strategien-der-meinungsmache","tag-griechenland","tag-npd","tag-olympia","tag-soeder-markus"],"jetpack_featured_media_url":"","_links":{"self":[{"href":"https:\/\/www.nachdenkseiten.de\/index.php?rest_route=\/wp\/v2\/posts\/14063","targetHints":{"allow":["GET"]}}],"collection":[{"href":"https:\/\/www.nachdenkseiten.de\/index.php?rest_route=\/wp\/v2\/posts"}],"about":[{"href":"https:\/\/www.nachdenkseiten.de\/index.php?rest_route=\/wp\/v2\/types\/post"}],"author":[{"embeddable":true,"href":"https:\/\/www.nachdenkseiten.de\/index.php?rest_route=\/wp\/v2\/users\/2"}],"replies":[{"embeddable":true,"href":"https:\/\/www.nachdenkseiten.de\/index.php?rest_route=%2Fwp%2Fv2%2Fcomments&post=14063"}],"version-history":[{"count":4,"href":"https:\/\/www.nachdenkseiten.de\/index.php?rest_route=\/wp\/v2\/posts\/14063\/revisions"}],"predecessor-version":[{"id":25816,"href":"https:\/\/www.nachdenkseiten.de\/index.php?rest_route=\/wp\/v2\/posts\/14063\/revisions\/25816"}],"wp:attachment":[{"href":"https:\/\/www.nachdenkseiten.de\/index.php?rest_route=%2Fwp%2Fv2%2Fmedia&parent=14063"}],"wp:term":[{"taxonomy":"category","embeddable":true,"href":"https:\/\/www.nachdenkseiten.de\/index.php?rest_route=%2Fwp%2Fv2%2Fcategories&post=14063"},{"taxonomy":"post_tag","embeddable":true,"href":"https:\/\/www.nachdenkseiten.de\/index.php?rest_route=%2Fwp%2Fv2%2Ftags&post=14063"}],"curies":[{"name":"wp","href":"https:\/\/api.w.org\/{rel}","templated":true}]}}