{"id":140805,"date":"2025-10-20T11:00:14","date_gmt":"2025-10-20T09:00:14","guid":{"rendered":"https:\/\/www.nachdenkseiten.de\/?p=140805"},"modified":"2025-10-23T16:14:36","modified_gmt":"2025-10-23T14:14:36","slug":"unser-militaer-ist-dem-russischen-militaer-unendlich-ueberlegen-wieso-dann-die-ganze-aufruestung","status":"publish","type":"post","link":"https:\/\/www.nachdenkseiten.de\/?p=140805","title":{"rendered":"\u201eUnser Milit\u00e4r ist dem russischen Milit\u00e4r unendlich \u00fcberlegen\u201c \u2013 Wieso dann die ganze Aufr\u00fcstung?"},"content":{"rendered":"<p>NATO-Generalsekret&auml;r Mark Rutte hat bei der j&uuml;ngsten Jahrestagung der Parlamentarischen Versammlung der NATO in Slowenien erkl&auml;rt, die NATO sei Russland milit&auml;risch &bdquo;unendlich &uuml;berlegen&ldquo;, wirtschaftlich sei man 25-mal gr&ouml;&szlig;er und die russische Luftwaffe k&ouml;nne nicht einmal ansatzweise mit der der NATO mithalten. Die <em>NachDenkSeiten<\/em> wollten vor diesem Hintergrund wissen, ob Kanzler Merz und Verteidigungsminister Pistorius diese Einsch&auml;tzung teilen und wenn ja, wie sie dann den aktuellen Aufr&uuml;stungs- und Bedrohungsdiskurs der Bundesregierung rechtfertigen. Von <strong>Florian Warweg<\/strong>.<br>\n<!--more--><br>\n<div class=\"external-2click\" data-provider=\"Youtube\" data-provider-slug=\"youtube\"><div class=\"external-placeholder\"><p><strong>Externer Inhalt<\/strong><\/p><p>Beim Laden des Videos werden Daten an Youtube &uuml;bertragen.<\/p><button type=\"button\" class=\"external-load\">Inhalt von Youtube zulassen<\/button><\/div><div class=\"external-content\"><iframe loading=\"lazy\" width=\"560\" height=\"315\" src=\"\" frameborder=\"0\" allowfullscreen class=\"external-2click-target \" data-src=\"https:\/\/www.youtube-nocookie.com\/embed\/-nI5Nqhygag\"><\/iframe><\/div><div class=\"external-optout\"><a href=\"#\" data-revoke=\"youtube\">Inhalte von Youtube nicht mehr zulassen<\/a><\/div><\/div><\/p><blockquote><p>&bdquo;Als NATO sind wir 25-mal gr&ouml;&szlig;er als die russische Wirtschaft. Unser Milit&auml;r ist dem russischen Milit&auml;r unendlich &uuml;berlegen. Was unsere Luftwaffe angeht, so k&ouml;nnen die Russen mit ihren MiG-31 oder wie auch immer sie hei&szlig;en nicht einmal im Schatten mithalten, weil sie keine gut ausgebildeten Kampfpiloten sind.&ldquo;<\/p><\/blockquote><p>So die Aussage des amtierenden NATO-Generalsekret&auml;rs Mark Rutte im Wortlaut am 13. Oktober anl&auml;sslich der Jahrestagung der Parlamentarischen Versammlung der NATO in der slowenischen Hauptstadt Ljubljana:<\/p><div class=\"external-2click\" data-provider=\"X (Twitter)\" data-provider-slug=\"twitter\"><div class=\"external-placeholder\"><p><strong>Externer Inhalt<\/strong><\/p><p>Beim Laden des Tweets werden Daten an X (ehemals Twitter) &uuml;bertragen.<\/p><button type=\"button\" class=\"external-load\">Inhalt von X (Twitter) zulassen<\/button><\/div><div class=\"external-content\"><blockquote class=\"external-2click-target twitter-tweet\" data-media-max-width=\"560\">\n<p lang=\"de\" dir=\"ltr\">.<a href=\"https:\/\/twitter.com\/SecGenNATO?ref_src=twsrc%5Etfw\">@SecGenNATO<\/a> Rutte l&auml;stert beim aktuellen <a href=\"https:\/\/twitter.com\/hashtag\/NATO?src=hash&amp;ref_src=twsrc%5Etfw\">#NATO<\/a>-Treffen in Slowenien &uuml;ber <a href=\"https:\/\/twitter.com\/hashtag\/Russland?src=hash&amp;ref_src=twsrc%5Etfw\">#Russland<\/a> ab und erkl&auml;rt im Ton h&ouml;chster Arroganz, die NATO sei \"dem&#127479;&#127482;Milit&auml;r unendlich &uuml;berlegen\". <\/p>\n<p>Wenn dem so ist, wieso dann eigentlich die ganze Panikmache und gigantische Aufr&uuml;stung?&#129300; <\/p>\n<p>Im O-Ton:&hellip; <a href=\"https:\/\/t.co\/FmuLdHWQmk\">pic.twitter.com\/FmuLdHWQmk<\/a><\/p>\n<p>&mdash; Florian Warweg (@FWarweg) <a href=\"https:\/\/twitter.com\/FWarweg\/status\/1978367293571658136?ref_src=twsrc%5Etfw\">October 15, 2025<\/a><\/p><\/blockquote><\/div><div class=\"external-optout\"><a href=\"#\" data-revoke=\"twitter\">Inhalte von X (Twitter) nicht mehr zulassen<\/a><\/div><\/div><p> <\/p><p><strong>Auszug aus dem Wortprotokoll der Regierungspressekonferenz vom 17. Oktober 2025<\/strong><\/p><p><strong>Frage Warweg<\/strong><br>\nNATO-Generalsekret&auml;r Mark Rutte hat bei der j&uuml;ngsten Jahrestagung der Parlamentarischen Versammlung der NATO in Slowenien erkl&auml;rt, die NATO sei Russland milit&auml;risch unendlich &uuml;berlegen. Wirtschaftlich sei man 25 Mal gr&ouml;&szlig;er, und die russische Luftwaffe k&ouml;nne nicht einmal ansatzweise mit der der NATO mithalten. Da w&uuml;rde mich interessieren: Teilen denn der Kanzler und der Verteidigungsminister diese Einsch&auml;tzung der unendlichen &Uuml;berlegenheit der NATO gegen&uuml;ber Russland, wie vom Generalsekret&auml;r vorgetragen?<\/p><p><strong>M&uuml;ller (BMVg)<\/strong><br>\nRussland f&uuml;hrt seit mehr als drei Jahren einen v&ouml;lkerrechtswidrigen Angriffskrieg. Russland bedroht Europa. Russland bedroht die europ&auml;ische Friedensordnung. Deswegen ist es zuallererst nicht relevant, wie die strategischen Kr&auml;fteverh&auml;ltnisse sind, sondern relevant ist, dass Russland [M&uuml;ller sagte an dieser Stelle &bdquo;Europa&ldquo;; d. Red.] eine st&auml;ndige Bedrohung, eine gro&szlig;e Bedrohung f&uuml;r unsere Sicherheit ist. Dahingehend laufen unsere Bem&uuml;hungen ab, die europ&auml;ische und die NATO-Verteidigungsf&auml;higkeit gegen dieses aggressive Russland zu st&auml;rken. Das ist die Antwort.<\/p><p><strong>Zusatz Warweg<\/strong><br>\nIch hatte ja auch noch den Kanzler gefragt.<\/p><p><strong>SRS Meyer<\/strong><br>\nDer Aussage habe ich nichts hinzuzuf&uuml;gen.<\/p><p><strong>Zusatzfrage Warweg<\/strong><br>\nGut, aber die Frage bleibt ja trotzdem bestehen. Sie haben dem Generalsekret&auml;r, wenn ich es richtig verstanden habe, auch nicht widersprochen, als er von einer unendlichen milit&auml;rischen &Uuml;berlegenheit schon nach dem Status quo sprach. Wie rechtfertigt dann die Bundesregierung diese massiven R&uuml;stungsausgaben hinsichtlich eines Gegners, dem man bereits jetzt unendlich &uuml;berlegen ist? Was w&auml;re dann die Steigerungsform von &bdquo;unendlich &uuml;berlegen&ldquo;?<\/p><p><strong>M&uuml;ller (BMVg)<\/strong><br>\nWenn Sie fragen, wie die Bundesregierung die aktuellen Bem&uuml;hungen rechtfertigt, dann brauche ich nur in die Ukraine zu schauen und zu sehen, welche Angriffe und welche brutale Gewalt Russland gegen die Ukraine und vor allem gegen die ukrainische Zivilbev&ouml;lkerung jeden Tag anwendet. Das ist f&uuml;r uns Grund genug, alles zu tun, um die Sicherheit Europas und der NATO und unseres Landes zu st&auml;rken.<\/p><p><small>Titelbild: Screenshot NachDenkSeiten, Bundespressekonferenz 17.10.2025<\/small><\/p><div class=\"moreLikeThis\">\n<strong>Mehr zum Thema:<\/strong>\n<p><a href=\"https:\/\/www.nachdenkseiten.de\/?p=140360\">Wieso stachelt Kanzler Merz faktenfrei die Drohnenhysterie in Deutschland an?<\/a><\/p>\n<p><a href=\"https:\/\/www.nachdenkseiten.de\/?p=139646\">&bdquo;Russische Luftraumverletzung&ldquo; im Finnischen Meerbusen und ungekl&auml;rte v&ouml;lkerrechtliche Fragen<\/a><\/p>\n<p><a href=\"https:\/\/www.nachdenkseiten.de\/?p=138794\">Eigene Erkenntnisse der Bundesregierung zum Drohnenvorfall: &bdquo;Nicht f&uuml;r die &ouml;ffentliche Diskussion bestimmt&ldquo;<\/a><\/p>\n<p><a href=\"https:\/\/www.nachdenkseiten.de\/?p=136788\">Verst&ouml;&szlig;t das 5-Prozent-Ziel f&uuml;r Milit&auml;rausgaben gegen das im Grundgesetz verankerte Sozialstaatsprinzip?<\/a><\/p>\n<p><a href=\"https:\/\/www.nachdenkseiten.de\/?p=140999\">Leserbriefe zu &ldquo;&bdquo;Unser Milit&auml;r ist dem russischen Milit&auml;r unendlich &uuml;berlegen&ldquo; &ndash; Wieso dann die ganze Aufr&uuml;stung?<\/a>\n<\/p><\/div>\n","protected":false},"excerpt":{"rendered":"<p>NATO-Generalsekret&auml;r Mark Rutte hat bei der j&uuml;ngsten Jahrestagung der Parlamentarischen Versammlung der NATO in Slowenien erkl&auml;rt, die NATO sei Russland milit&auml;risch &bdquo;unendlich &uuml;berlegen&ldquo;, wirtschaftlich sei man 25-mal gr&ouml;&szlig;er und die russische Luftwaffe k&ouml;nne nicht einmal ansatzweise mit der der NATO mithalten. Die <em>NachDenkSeiten<\/em> wollten vor diesem Hintergrund wissen, ob Kanzler Merz und Verteidigungsminister Pistorius diese<\/p>\n<div class=\"readMore\"><a class=\"moretag\" href=\"https:\/\/www.nachdenkseiten.de\/?p=140805\">Weiterlesen<\/a><\/div>\n","protected":false},"author":15,"featured_media":140806,"comment_status":"closed","ping_status":"closed","sticky":false,"template":"","format":"standard","meta":{"spay_email":"","footnotes":""},"categories":[169,172],"tags":[2503,466,1367,259,2930],"class_list":["post-140805","post","type-post","status-publish","format-standard","has-post-thumbnail","hentry","category-aussen-und-sicherheitspolitik","category-aufruestung","tag-bundespressekonferenz","tag-nato","tag-ruestungsausgaben","tag-russland","tag-rutte-mark"],"jetpack_featured_media_url":"https:\/\/www.nachdenkseiten.de\/wp-content\/uploads\/2025\/10\/251017-BPK-Clip-1-Rutte-NATO-Russland-ueberlegen-Titelbild-NDS.jpg","_links":{"self":[{"href":"https:\/\/www.nachdenkseiten.de\/index.php?rest_route=\/wp\/v2\/posts\/140805","targetHints":{"allow":["GET"]}}],"collection":[{"href":"https:\/\/www.nachdenkseiten.de\/index.php?rest_route=\/wp\/v2\/posts"}],"about":[{"href":"https:\/\/www.nachdenkseiten.de\/index.php?rest_route=\/wp\/v2\/types\/post"}],"author":[{"embeddable":true,"href":"https:\/\/www.nachdenkseiten.de\/index.php?rest_route=\/wp\/v2\/users\/15"}],"replies":[{"embeddable":true,"href":"https:\/\/www.nachdenkseiten.de\/index.php?rest_route=%2Fwp%2Fv2%2Fcomments&post=140805"}],"version-history":[{"count":7,"href":"https:\/\/www.nachdenkseiten.de\/index.php?rest_route=\/wp\/v2\/posts\/140805\/revisions"}],"predecessor-version":[{"id":141001,"href":"https:\/\/www.nachdenkseiten.de\/index.php?rest_route=\/wp\/v2\/posts\/140805\/revisions\/141001"}],"wp:featuredmedia":[{"embeddable":true,"href":"https:\/\/www.nachdenkseiten.de\/index.php?rest_route=\/wp\/v2\/media\/140806"}],"wp:attachment":[{"href":"https:\/\/www.nachdenkseiten.de\/index.php?rest_route=%2Fwp%2Fv2%2Fmedia&parent=140805"}],"wp:term":[{"taxonomy":"category","embeddable":true,"href":"https:\/\/www.nachdenkseiten.de\/index.php?rest_route=%2Fwp%2Fv2%2Fcategories&post=140805"},{"taxonomy":"post_tag","embeddable":true,"href":"https:\/\/www.nachdenkseiten.de\/index.php?rest_route=%2Fwp%2Fv2%2Ftags&post=140805"}],"curies":[{"name":"wp","href":"https:\/\/api.w.org\/{rel}","templated":true}]}}