{"id":141243,"date":"2025-10-29T12:00:38","date_gmt":"2025-10-29T11:00:38","guid":{"rendered":"https:\/\/www.nachdenkseiten.de\/?p=141243"},"modified":"2025-10-29T11:55:04","modified_gmt":"2025-10-29T10:55:04","slug":"leserbriefe-zu-schon-wieder-hausdurchsuchung-wegen-falscher-meinung-diese-einschuechterungen-muessen-aufhoeren","status":"publish","type":"post","link":"https:\/\/www.nachdenkseiten.de\/?p=141243","title":{"rendered":"Leserbriefe zu \u201eSchon wieder Hausdurchsuchung wegen \u201efalscher\u201c Meinung: Diese Einsch\u00fcchterungen m\u00fcssen aufh\u00f6ren!\u201c"},"content":{"rendered":"<p><!--more--><br>\n<a href=\"https:\/\/www.nachdenkseiten.de\/?p=141035\">In diesem Beitrag<\/a> kommentiert <strong>Tobias Riegel<\/strong> die Hausdurchsuchung beim Publizisten Norbert Bolz durch die Polizei im Auftrag der Berliner Staatsanwaltschaft. Das sei wegen eines offensichtlich satirischen Meinungsbeitrags geschehen. Diese skandal&ouml;se Praxis der Einsch&uuml;chterung Andersdenkender durch Hausdurchsuchungen nutze doppelte Standards und sie folge dem Motto: &bdquo;Bestrafe Einen, erziehe Hundert&ldquo;. Der EU-Abgeordnete Fabio De Masi (BSW) habe dazu u.a. geschrieben, dass es &bdquo;zunehmend an einen autorit&auml;ren Einsch&uuml;chterungsstaat&ldquo; erinnere, &bdquo;wenn sie politisch Andersdenkende treffen!&ldquo; Wir danken f&uuml;r die interessanten E-Mails hierzu. Es folgt nun eine Leserbrief-Auswahl, die <strong>Christian Reimann<\/strong> f&uuml;r Sie zusammengestellt hat.<\/p><div class=\"hr_wrap\">\n<hr>\n<\/div><p><strong>1. Leserbrief<\/strong><\/p><p>Sehr gut Herr Riegel, diese &Uuml;berschrift mit Ausrufezeichen, genau richtig. M&uuml;sste eigentlich noch rabiater geschrieben werden, aber dann stehen evtl. die Herren vom BKA morgens um 6 Uhr vor ihrer T&uuml;r, aber nicht um frische Br&ouml;tchen zu bringen. Was mich sehr erschrocken hat, dass sogar die Gr&uuml;nen emp&ouml;rt sind: ja ist es denn schon so schlimm?! Das Petzen-Portal &bdquo;HessenGegenHetze&ldquo; f&uuml;ttert prima die &ldquo;Zentrale Meldestelle f&uuml;r strafbare Inhalte im Internet (ZMI)&rdquo;.<\/p><p>Funktioniert ja doch noch etwas gut in diesem Land auch wenn es nur die Bespitzelung ist.<\/p><p>Obwohl, ge&uuml;bt wurde ja auch lange genug, ab 1933 und in der Stasi-Zeit. Es sind momentan ca. 900 000 Vollstreckungs&ndash;Ma&szlig;nahmen nicht vollzogen, wegen &Uuml;berlastung. Also &rdquo; Falsche Meinung&rdquo; steht demnach auf der Priorit&auml;ten-Liste ganz oben.<\/p><p>Venceremos amigo<br>\nN. Arbeiter<\/p><div class=\"hr_wrap\">\n<hr>\n<\/div><p><strong>2. Leserbrief<\/strong><\/p><p>Hallo,<\/p><p>diese Meldestellen sind letztlich daf&uuml;r da, Menschen die darauf hinweisen, das die aktuelle &bdquo;woke&ldquo; Politik die mit Unterst&uuml;tzung der Mainstreammedien wieder stramm den faschistischen Weg geht, zum schweigen zu bringen.<\/p><p>Sie fungieren als neue Stasi oder Gestapo. Passen tut beides.<\/p><p>Gr&uuml;&szlig;e<br>\nT. Rath<\/p><div class=\"hr_wrap\">\n<hr>\n<\/div><p><strong>3. Leserbrief<\/strong><\/p><p>Sehr geehrter Herr Riegel,<\/p><p>zu Ihrem heutigen Bericht &uuml;ber den Umstand, dass in diesem Land wegen unliebsamer &Auml;usserungen wieder im Morgengrauen laut an Haust&uuml;ren geklopft wird, m&ouml;chte ich nur folgenden Witz wiedergeben, den ein niederl&auml;ndischer Kommilitone Ende der 1980er\/Anfang der 1990er Jahr einiger meiner in den Niederlanden studierenden Freunde auf einer WG-Party erz&auml;hlte:<\/p><p>&ldquo;Wie isst ein Deutscher Austern?<\/p><p>POCH! POCH! POCH! AUFMACHEN!!!&rdquo;<\/p><p>Wie man sieht, verliert dieser Witz offenbar niemals an Brisanz und Aktualit&auml;t.<\/p><p>Nachdenkliche Gr&uuml;sse,<br>\nKK <\/p><div class=\"hr_wrap\">\n<hr>\n<\/div><p><strong>4. Leserbrief<\/strong><\/p><p>Sehr geehrter Herr Riegel,<\/p><p>im Zusammenhang mit den Einsch&uuml;chterungen einzelner Menschen, &uuml;ber die Sie aktuell heute in den NDS schreiben, m&ouml;chte ich Sie auf eine in den Jahren 2005-2006 bundesweit mit viel Aufwand und gro&szlig;er Pr&auml;senz in der &Ouml;ffentlichkeit durchgef&uuml;hrte Kampagne &ldquo;Du bist Deutschland&rdquo; hinweisen. Ich habe einen alten Wikipedia-Artikel von 2013 zu dieser Kampagne, wei&szlig; aber nicht, ob der noch existiert.<\/p><p>Ist Ihnen bzw. anderen Autoren der NDS bekannt, dass es in den 1930er Jahre ein Kampagne &auml;hnlichen Namens gab? Obigem Slogan war lediglich ein &ldquo;Denn &hellip;&rdquo; vorangestellt.<br>\nEin Foto dieser Kampagne gibt es im Rotfuchs Nr. 97 (Februar 2006) auf der S. 8.<br>\nDas k&ouml;nnte vielleicht in der aktuellen Situation durchaus interessant sein.<\/p><p>Hoffentlich konnte ich Ihnen mit dieser kleinen Info ein wenig bei Ihrer Arbeit behilflich sein.<\/p><p>Herzlichst und mit allen guten W&uuml;nschen f&uuml;r Ihre weitere Arbeit.<\/p><p>Brunhild Kr&uuml;ger<\/p><div class=\"hr_wrap\">\n<hr>\n<\/div><p><strong>5. Leserbrief<\/strong><\/p><p>Sehr geehrter Herr Riegel,<\/p><p>wer sind die Feinde der Demokratie tats&auml;chlich? Sind es die, die angeblich Parolen der Nationalsozialisten verwenden?<\/p><p>Sind die Feinde der Demokratie nicht diejenigen, die Meldestellen &ndash; institutionalisiert als fester Bestandteil des Machtapparates &ndash; und damit ein Kontroll- und Herrschaftselement einrichten?<\/p><p>Sind die Feinde der Demokratie nicht diejenigen, die versuchen die freie Meinungs&auml;u&szlig;erung einzugrenzen in dem sie durch Abmahnungen, Anzeigen, Strafverfolgungen bis hin zu unverh&auml;ltnism&auml;&szlig;igen Hausdurchsuchungen ihre Kritiker (nicht nur) einzusch&uuml;chtern versuchen?<\/p><p>Sind die Feinde der Demokratie nicht diejenigen, die soziales Mobbing auch durch unsere Medien zulassen, wo man einzelne Personen vorf&uuml;hrt die irgendwas angeblich gemacht haben, was politisch unerw&uuml;nscht erscheint? <\/p><p>Sind die Feinde der Demokratie nicht diejenigen, die ihre Kritiker mundtot machen in dem sie ihnen die Arbeit und\/oder die Konten k&uuml;ndigen oder sogar ihnen die im GG garantierten Grundrechte entziehen?<\/p><p>Sind die Feinde der Demokratie nicht diejenigen, die, anstatt ihre Politik &ndash; die immer weniger Zustimmung bei den B&uuml;rgern findet &ndash; zu ver&auml;ndern, andere Parteien verbieten lassen wollen?<\/p><p>Sind die Feinde der Demokratie nicht diejenigen, die sich ungeniert der Sprache der Nationalsozialisten bedienen und sich f&uuml;r Kriegst&uuml;chtigkeit aussprechen, sich daf&uuml;r aber nicht verantworten m&uuml;ssen?<\/p><p>Sind die Feinde der Demokratie nicht diejenigen, die sich durch ihre Doppelmoral unglaubw&uuml;rdig machen?<\/p><p>Sind die Feinde der Demokratie nicht diejenigen, die ihre Kritiker als Feinde der Demokratie bezeichnen? <\/p><p>Wann wird man je verstehen?<\/p><p>Mit freundlichen Gr&uuml;&szlig;en<br>\nRalf Glahn<\/p><div class=\"hr_wrap\">\n<hr>\n<\/div><p><strong>6. Leserbrief<\/strong><\/p><p>Liebe Redaktion,<\/p><p>Udo Brandes hatte in Artikeln auf den nachdenkseiten vor dieser Faschisierung gewarnt!<\/p><p><a href=\"https:\/\/www.nachdenkseiten.de\/?p=101803\"><strong>&ldquo;Warum wir uns vor Moralisten h&uuml;ten sollten<\/strong><\/a><\/p><p>Die Geschichte zeigt immer wieder, dass Menschen, die &uuml;berzeugt sind, f&uuml;r das Gute und Richtige zu k&auml;mpfen, und sich im Besitz der Wahrheit w&auml;hnen, das schlimmste Unheil angerichtet haben. Es ist kein Zufall, dass die christlichen Kirchen, die f&uuml;r sich in Anspruch nehmen, anderen Menschen Moral predigen zu k&ouml;nnen, die schlimmsten Verbrechen begangen haben. <\/p><p>und<\/p><p><a href=\"https:\/\/www.nachdenkseiten.de\/?p=113124\"><strong>&ldquo;Die Machttechniken der modernen Spie&szlig;er<\/strong><\/a><\/p><p><strong>Gendern &ndash; ein Baustein der ideologischen Disziplinierung<\/strong><\/p><p>So gesehen ist der Streit ums Gendern keineswegs ein unwichtiger Nebenschauplatz, sondern ein nicht zu untersch&auml;tzender Baustein der ideologischen Disziplinierung.<\/p><p>Das gilt nicht nur f&uuml;r Gendern, wie das Video Dr. Gysi bei Markus Lanz zeigt !<\/p><p>Die Reaktion von Markus Lanz aufgrund eines Wortes, obwohl ganz eindeutig sichtbar ist, das Dr. Gysi das im Kontext einer scharfen Kritik gegen den Rassismus verwandte !<\/p><p>In dieser faschistischen Disziplinierungsideologie geht es nicht um Kontext, sondern darum, dass jemand angegriffen wird, wenn er ein falsches Wort sagt.<\/p><p>Und es geht nicht um das Wort, sondern um unbequeme Personen medial fertig zu machen !<\/p><p><a href=\"https:\/\/www.youtube.com\/watch?v=0-z9JoNObho\"><strong>&ldquo;Gregor Gysi verdreht ein Zitat, nutzt das N-Wort und Markus muss helfen | InStream Clips&rdquo;<\/strong><\/a><\/p><p>Gr&uuml;&szlig;e<br>\nDieter Gabriel<\/p><div class=\"hr_wrap\">\n<hr>\n<\/div><p><strong>Anmerkung zur Korrespondenz mit den NachDenkSeiten<\/strong><\/p><p>Die NachDenkSeiten freuen sich &uuml;ber Ihre Zuschriften, am besten in einer angemessenen L&auml;nge und mit einem eindeutigen Betreff.<\/p><p>Es gibt die folgenden E-Mail-Adressen:<\/p><ul>\n<li><a href=\"mailto:leserbriefe@nachdenkseiten.de\">leserbriefe(at)nachdenkseiten.de<\/a> f&uuml;r Kommentare zum Inhalt von Beitr&auml;gen.<\/li>\n<li><a href=\"mailto:hinweise@nachdenkseiten.de\">hinweise(at)nachdenkseiten.de<\/a> wenn Sie Links zu Beitr&auml;gen in anderen Medien haben.<\/li>\n<li><a href=\"mailto:videohinweise@nachdenkseiten.de\">videohinweise(at)nachdenkseiten.de<\/a> f&uuml;r die Verlinkung von interessanten Videos.<\/li>\n<li><a href=\"mailto:redaktion@nachdenkseiten.de\">redaktion(at)nachdenkseiten.de<\/a> f&uuml;r Organisatorisches und Fragen an die Redaktion.<\/li>\n<\/ul><p>Weitere Details zu diesem Thema finden Sie in unserer &bdquo;<a href=\"https:\/\/www.nachdenkseiten.de\/?page_id=47939\">Gebrauchsanleitung<\/a>&ldquo;.<\/p>\n","protected":false},"excerpt":{"rendered":"","protected":false},"author":11,"featured_media":0,"comment_status":"closed","ping_status":"closed","sticky":false,"template":"","format":"standard","meta":{"spay_email":"","footnotes":""},"categories":[103],"tags":[],"class_list":["post-141243","post","type-post","status-publish","format-standard","hentry","category-leserbriefe"],"jetpack_featured_media_url":"","_links":{"self":[{"href":"https:\/\/www.nachdenkseiten.de\/index.php?rest_route=\/wp\/v2\/posts\/141243","targetHints":{"allow":["GET"]}}],"collection":[{"href":"https:\/\/www.nachdenkseiten.de\/index.php?rest_route=\/wp\/v2\/posts"}],"about":[{"href":"https:\/\/www.nachdenkseiten.de\/index.php?rest_route=\/wp\/v2\/types\/post"}],"author":[{"embeddable":true,"href":"https:\/\/www.nachdenkseiten.de\/index.php?rest_route=\/wp\/v2\/users\/11"}],"replies":[{"embeddable":true,"href":"https:\/\/www.nachdenkseiten.de\/index.php?rest_route=%2Fwp%2Fv2%2Fcomments&post=141243"}],"version-history":[{"count":3,"href":"https:\/\/www.nachdenkseiten.de\/index.php?rest_route=\/wp\/v2\/posts\/141243\/revisions"}],"predecessor-version":[{"id":141246,"href":"https:\/\/www.nachdenkseiten.de\/index.php?rest_route=\/wp\/v2\/posts\/141243\/revisions\/141246"}],"wp:attachment":[{"href":"https:\/\/www.nachdenkseiten.de\/index.php?rest_route=%2Fwp%2Fv2%2Fmedia&parent=141243"}],"wp:term":[{"taxonomy":"category","embeddable":true,"href":"https:\/\/www.nachdenkseiten.de\/index.php?rest_route=%2Fwp%2Fv2%2Fcategories&post=141243"},{"taxonomy":"post_tag","embeddable":true,"href":"https:\/\/www.nachdenkseiten.de\/index.php?rest_route=%2Fwp%2Fv2%2Ftags&post=141243"}],"curies":[{"name":"wp","href":"https:\/\/api.w.org\/{rel}","templated":true}]}}