{"id":1427,"date":"2006-07-21T10:11:53","date_gmt":"2006-07-21T08:11:53","guid":{"rendered":"http:\/\/www.nachdenkseiten.de\/v2\/?p=1427"},"modified":"2016-02-01T16:42:16","modified_gmt":"2016-02-01T15:42:16","slug":"joachim-jahnke-die-hauptursachen-fur-das-defizit-der-gesetzlichen-rentenversicherung-sind-der-ruckgang-versicherungspflichtiger-beschaftigungsverhaltnisse-die-negative-reallohnentwicklung-und-niedrige","status":"publish","type":"post","link":"https:\/\/www.nachdenkseiten.de\/?p=1427","title":{"rendered":"Joachim Jahnke: Die Hauptursachen f\u00fcr das Defizit der gesetzlichen Rentenversicherung sind: Der R\u00fcckgang versicherungspflichtiger Besch\u00e4ftigungsverh\u00e4ltnisse, die negative Reallohnentwicklung und niedriges Beitragsaufkommen aus den Neuen L\u00e4ndern."},"content":{"rendered":"<p>Was werden uns st&auml;ndig f&uuml;r Begr&uuml;ndungen f&uuml;r die fortlaufenden Renten-&bdquo;Reformen&ldquo; genannt: Demographische Entwicklung, &Uuml;beralterung, &uuml;berzogene Rentenanspr&uuml;che, Unbezahlbarkeit des Sozialstaates aufgrund der knappen &ouml;ffentlichen Kassen usw. usf. Mit einer &bdquo;Reform&ldquo; nach der anderen, mit Nullrunden, mit Rentenk&uuml;rzungen durch den sog. Nachhaltigkeitsfaktor, mit der Besteuerung der Renten, mit h&ouml;heren Krankenversicherungsbeitr&auml;gen anderen Einschnitten wird an den Symptomen des Finanzierungsdefizits der gesetzlichen Rentenversicherung herumgedoktert.<br>\nJoachim Jahnke hat dagegen einmal die Beziehung zwischen dem R&uuml;ckgang der versicherungspflichtigen Besch&auml;ftigungsverh&auml;ltnisse und den Defiziten der Rentenkasse <a href=\"http:\/\/www.jjahnke.net\/rundbr12.html#renten\" title=\"Externer Link zu http:\/\/www.jjahnke.net\/rundbr12.html#renten\">dargestellt<\/a>.<br>\n<!--more--><br>\nSolange die Politik nicht an den Ursachen der Rentenmisere ansetzt und nicht zu mehr Wachstum und sozialversicherungspflichtiger Besch&auml;ftigung beitr&auml;gt und die L&ouml;hne und &ndash; damit korrespondierend &ndash; die Rentenversicherungsbeitr&auml;ge nicht steigen, wird eine Renten-&bdquo;Reform&ldquo; nach der anderen scheitern und die gesetzliche Rente vollends ruiniert.<br>\nIst das so schwer zu begreifen? Warum wird uns von den &bdquo;Reformern&ldquo; mit irref&uuml;hrenden Argumenten immer wieder nur Sand in die Augen gestreut?<\/p><p>F&uuml;r die marktradikalen politischen Kr&auml;fte ist die Senkung der Rente auf eine minimale Grundsicherung vor Altersarmut schlicht politisch gewollt. Damit l&auml;sst sich die Senkung der Lohnnebenkosten durchsetzen, damit kann man die L&ouml;hne weiter senken, damit kann man den Arbeitsmarkt weiter deregulieren und flexibilisieren und immer mehr sozialversicherungspflichtige Arbeitspl&auml;tze abbauen und sie im besten Falle durch Billigjobs oder Niedrigstl&ouml;hner ersetzen.<br>\nDas sind die wichtigsten Hebel, um den Sozialstaat abzubauen, die Staatsquote zu senken und die &bdquo;Eigenverantwortung&ldquo;, sprich die Privatisierung der sozialen Sicherungssysteme durchzusetzen. Deswegen erhebt man die neoliberale angebotsorientierte Wirtschaftspolitik zur Steigerung von Gewinnen und Dividenden zum Dogma und erkl&auml;rt nachfrageorientierte Ans&auml;tze zur Ankurbelung der Wirtschaft, die seit den drei&szlig;iger Jahren bis in die achtziger Jahre des zwanzigsten Jahrhunderts &bdquo;Wohlstand f&uuml;r alle&ldquo; und mehr soziale Gerechtigkeit erm&ouml;glicht haben, f&uuml;r &uuml;berholt.\t<\/p>\n","protected":false},"excerpt":{"rendered":"<p>Was werden uns st&auml;ndig f&uuml;r Begr&uuml;ndungen f&uuml;r die fortlaufenden Renten-&bdquo;Reformen&ldquo; genannt: Demographische Entwicklung, &Uuml;beralterung, &uuml;berzogene Rentenanspr&uuml;che, Unbezahlbarkeit des Sozialstaates aufgrund der knappen &ouml;ffentlichen Kassen usw. usf. Mit einer &bdquo;Reform&ldquo; nach der anderen, mit Nullrunden, mit Rentenk&uuml;rzungen durch den sog. Nachhaltigkeitsfaktor, mit der Besteuerung der Renten, mit h&ouml;heren Krankenversicherungsbeitr&auml;gen anderen Einschnitten wird an den Symptomen des<\/p>\n<div class=\"readMore\"><a class=\"moretag\" href=\"https:\/\/www.nachdenkseiten.de\/?p=1427\">Weiterlesen<\/a><\/div>\n","protected":false},"author":3,"featured_media":0,"comment_status":"closed","ping_status":"open","sticky":false,"template":"","format":"standard","meta":{"spay_email":"","footnotes":""},"categories":[39],"tags":[745,1803,319,288],"class_list":["post-1427","post","type-post","status-publish","format-standard","hentry","category-rente","tag-erwerbstaetige","tag-jahnke-joachim","tag-lohnentwicklung","tag-prekaere-beschaeftigung"],"jetpack_featured_media_url":"","_links":{"self":[{"href":"https:\/\/www.nachdenkseiten.de\/index.php?rest_route=\/wp\/v2\/posts\/1427","targetHints":{"allow":["GET"]}}],"collection":[{"href":"https:\/\/www.nachdenkseiten.de\/index.php?rest_route=\/wp\/v2\/posts"}],"about":[{"href":"https:\/\/www.nachdenkseiten.de\/index.php?rest_route=\/wp\/v2\/types\/post"}],"author":[{"embeddable":true,"href":"https:\/\/www.nachdenkseiten.de\/index.php?rest_route=\/wp\/v2\/users\/3"}],"replies":[{"embeddable":true,"href":"https:\/\/www.nachdenkseiten.de\/index.php?rest_route=%2Fwp%2Fv2%2Fcomments&post=1427"}],"version-history":[{"count":1,"href":"https:\/\/www.nachdenkseiten.de\/index.php?rest_route=\/wp\/v2\/posts\/1427\/revisions"}],"predecessor-version":[{"id":30777,"href":"https:\/\/www.nachdenkseiten.de\/index.php?rest_route=\/wp\/v2\/posts\/1427\/revisions\/30777"}],"wp:attachment":[{"href":"https:\/\/www.nachdenkseiten.de\/index.php?rest_route=%2Fwp%2Fv2%2Fmedia&parent=1427"}],"wp:term":[{"taxonomy":"category","embeddable":true,"href":"https:\/\/www.nachdenkseiten.de\/index.php?rest_route=%2Fwp%2Fv2%2Fcategories&post=1427"},{"taxonomy":"post_tag","embeddable":true,"href":"https:\/\/www.nachdenkseiten.de\/index.php?rest_route=%2Fwp%2Fv2%2Ftags&post=1427"}],"curies":[{"name":"wp","href":"https:\/\/api.w.org\/{rel}","templated":true}]}}