{"id":14419,"date":"2012-09-12T17:15:00","date_gmt":"2012-09-12T15:15:00","guid":{"rendered":"http:\/\/www.nachdenkseiten.de\/?p=14419"},"modified":"2015-04-28T09:26:28","modified_gmt":"2015-04-28T07:26:28","slug":"wie-nationale-uberheblichkeit-gezuchtet-wird-beispiel-fusball","status":"publish","type":"post","link":"https:\/\/www.nachdenkseiten.de\/?p=14419","title":{"rendered":"Wie nationale \u00dcberheblichkeit gez\u00fcchtet wird. Beispiel Fu\u00dfball."},"content":{"rendered":"<p>Wenn man als junger Mensch wohltuend erlebt hat, wie zahlreiche junge Deutsche nach dem Zweiten Weltkrieg in europ&auml;ische L&auml;nder ausschw&auml;rmten und die Internationalit&auml;t genossen, dann wundert man sich immer wieder &uuml;ber den in der politischen Debatte &uuml;blich gewordenen herablassenden Umgang mit unseren Nachbarn: Pleitegriechen, faule S&uuml;dl&auml;nder usw.. Gestern konnte man in der ARD-&Uuml;bertragung des Fu&szlig;ballspiels der deutschen gegen die &ouml;sterreichische Mannschaft praktisch mit erleben, wie diese herablassende Haltung gez&uuml;chtet und gef&ouml;rdert wird. Als die &ouml;sterreichische Mannschaftsaufstellung bekannt gegeben wurde, wurde in Bild und Ton jeweils hinzugef&uuml;gt, in welcher deutschen Bundesligamannschaft die &ouml;sterreichischen Spieler t&auml;tig sind. Eigentlich, so der Unterton, sind sie ja nur so gut, weil sie bei uns spielen. Von <strong>Albrecht M&uuml;ller<\/strong><br>\n<!--more--><br>\nIn der ARD- &Uuml;bertragung des Spiels selbst hie&szlig; es dann zum Beispiel &uuml;ber die &ouml;sterreichischen Spieler: &bdquo;Christian Fuchs von Schalke&ldquo;, oder: &bdquo;der Bremer Arnautovic&ldquo;, oder &bdquo;der Bremer setzt sich durch&ldquo;, gemeint war aber der &ouml;sterreichische Spieler. Oder: &bdquo;Starkes Spiel vom Wolfsburger &hellip;&ldquo; Oder: &bdquo;Der Mainzer &hellip;,  und auch da waren zwei &Ouml;sterreicher gemeint.<\/p><p>Das war so penetrant, dass man davon ausgehen muss, dass die Sportredaktion der ARD bewusst und geplant diesen Unsinn betreibt, um das deutsche &Uuml;berheblichkeitsgef&uuml;hl zu f&ouml;rdern. Denn wo die &ouml;sterreichischen Spieler als Berufsspieler engagiert sind, war f&uuml;r das gestrige Spiel v&ouml;llig unerheblich. Es wurde ja auch bei den deutschen Spielern nicht, jedenfalls nicht konsequent, dazu gesagt, wo die Kloses usw. beruflich t&auml;tig sind.<\/p><p>In anderen Medien &uuml;brigens die gleiche Methode, hier nur ein Beispiel aus der <a href=\"http:\/\/www.rp-online.de\/sport\/fussball-wm\/andere-teams\/arnautovic-will-deutschland-weh-tun-1.2988483\">Rheinischen Post<\/a>.<\/p><p>Man muss davon ausgehen, dass die F&ouml;rderung dieser &Uuml;berheblichkeit auch der Stabilisierung der politisch Herrschenden dienen soll. Wir sollen uns wohl f&uuml;hlen, das ist die Basis des Wahlkampfes der Angela Merkel und ihrer Koalition.<\/p>\n","protected":false},"excerpt":{"rendered":"<p>Wenn man als junger Mensch wohltuend erlebt hat, wie zahlreiche junge Deutsche nach dem Zweiten Weltkrieg in europ&auml;ische L&auml;nder ausschw&auml;rmten und die Internationalit&auml;t genossen, dann wundert man sich immer wieder &uuml;ber den in der politischen Debatte &uuml;blich gewordenen herablassenden Umgang mit unseren Nachbarn: Pleitegriechen, faule S&uuml;dl&auml;nder usw.. Gestern konnte man in der ARD-&Uuml;bertragung des Fu&szlig;ballspiels<\/p>\n<div class=\"readMore\"><a class=\"moretag\" href=\"https:\/\/www.nachdenkseiten.de\/?p=14419\">Weiterlesen<\/a><\/div>\n","protected":false},"author":2,"featured_media":0,"comment_status":"closed","ping_status":"open","sticky":false,"template":"","format":"standard","meta":{"spay_email":"","footnotes":""},"categories":[183,11],"tags":[1546,339,834],"class_list":["post-14419","post","type-post","status-publish","format-standard","hentry","category-medienkritik","category-strategien-der-meinungsmache","tag-ard","tag-chauvinismus","tag-fussball"],"jetpack_featured_media_url":"","_links":{"self":[{"href":"https:\/\/www.nachdenkseiten.de\/index.php?rest_route=\/wp\/v2\/posts\/14419","targetHints":{"allow":["GET"]}}],"collection":[{"href":"https:\/\/www.nachdenkseiten.de\/index.php?rest_route=\/wp\/v2\/posts"}],"about":[{"href":"https:\/\/www.nachdenkseiten.de\/index.php?rest_route=\/wp\/v2\/types\/post"}],"author":[{"embeddable":true,"href":"https:\/\/www.nachdenkseiten.de\/index.php?rest_route=\/wp\/v2\/users\/2"}],"replies":[{"embeddable":true,"href":"https:\/\/www.nachdenkseiten.de\/index.php?rest_route=%2Fwp%2Fv2%2Fcomments&post=14419"}],"version-history":[{"count":2,"href":"https:\/\/www.nachdenkseiten.de\/index.php?rest_route=\/wp\/v2\/posts\/14419\/revisions"}],"predecessor-version":[{"id":25859,"href":"https:\/\/www.nachdenkseiten.de\/index.php?rest_route=\/wp\/v2\/posts\/14419\/revisions\/25859"}],"wp:attachment":[{"href":"https:\/\/www.nachdenkseiten.de\/index.php?rest_route=%2Fwp%2Fv2%2Fmedia&parent=14419"}],"wp:term":[{"taxonomy":"category","embeddable":true,"href":"https:\/\/www.nachdenkseiten.de\/index.php?rest_route=%2Fwp%2Fv2%2Fcategories&post=14419"},{"taxonomy":"post_tag","embeddable":true,"href":"https:\/\/www.nachdenkseiten.de\/index.php?rest_route=%2Fwp%2Fv2%2Ftags&post=14419"}],"curies":[{"name":"wp","href":"https:\/\/api.w.org\/{rel}","templated":true}]}}