{"id":147595,"date":"2026-03-12T11:00:51","date_gmt":"2026-03-12T10:00:51","guid":{"rendered":"https:\/\/www.nachdenkseiten.de\/?p=147595"},"modified":"2026-03-12T14:46:11","modified_gmt":"2026-03-12T13:46:11","slug":"unerhoert-ein-buendnis-trommelt-fuer-gerechten-sozialstaat-aber-keiner-kriegts-mit","status":"publish","type":"post","link":"https:\/\/www.nachdenkseiten.de\/?p=147595","title":{"rendered":"Unerh\u00f6rt! Ein B\u00fcndnis trommelt f\u00fcr gerechten Sozialstaat, aber keiner kriegt\u2018s mit"},"content":{"rendered":"<p>Eine Allianz aus Sozialverb&auml;nden und Gewerkschaften will die staatlichen Sicherungssysteme vor &Uuml;bergriffen bewahren und der Entsolidarisierung der Gesellschaft entgegentreten. Das ist richtig, wichtig und h&ouml;chste Zeit. Allerdings hat die Sache zwei Haken: Die Initiatoren schweigen zur forcierten Militarisierung und die deutschen Leitmedien berichten nicht. Echter Widerstand geht anders. Von <strong>Ralf Wurzbacher<\/strong>.<\/p><p><em>Dieser Beitrag ist auch als Audio-Podcast verf&uuml;gbar.<\/em><br>\n<!--more--><br>\n<\/p><div class=\"powerpress_player\" id=\"powerpress_player_9319\"><!--[if lt IE 9]><script>document.createElement('audio');<\/script><![endif]-->\n<audio class=\"wp-audio-shortcode\" id=\"audio-147595-1\" preload=\"none\" style=\"width: 100%;\" controls=\"controls\"><source type=\"audio\/mpeg\" src=\"https:\/\/www.nachdenkseiten.de\/upload\/podcast\/260312_Unerhoert_Ein_Buendnis_trommelt_fuer_gerechten_Sozialstaat_aber_keiner_kriegt_s_mit_NDS.mp3?_=1\"><\/source><a href=\"https:\/\/www.nachdenkseiten.de\/upload\/podcast\/260312_Unerhoert_Ein_Buendnis_trommelt_fuer_gerechten_Sozialstaat_aber_keiner_kriegt_s_mit_NDS.mp3\">https:\/\/www.nachdenkseiten.de\/upload\/podcast\/260312_Unerhoert_Ein_Buendnis_trommelt_fuer_gerechten_Sozialstaat_aber_keiner_kriegt_s_mit_NDS.mp3<\/a><\/audio><\/div><p class=\"powerpress_links powerpress_links_mp3\">Podcast: <a href=\"https:\/\/www.nachdenkseiten.de\/upload\/podcast\/260312_Unerhoert_Ein_Buendnis_trommelt_fuer_gerechten_Sozialstaat_aber_keiner_kriegt_s_mit_NDS.mp3\" class=\"powerpress_link_pinw\" target=\"_blank\" title=\"Play in new window\" onclick=\"return powerpress_pinw('https:\/\/www.nachdenkseiten.de\/?powerpress_pinw=147595-podcast');\" rel=\"nofollow\">Play in new window<\/a> | <a href=\"https:\/\/www.nachdenkseiten.de\/upload\/podcast\/260312_Unerhoert_Ein_Buendnis_trommelt_fuer_gerechten_Sozialstaat_aber_keiner_kriegt_s_mit_NDS.mp3\" class=\"powerpress_link_d\" title=\"Download\" rel=\"nofollow\" download=\"260312_Unerhoert_Ein_Buendnis_trommelt_fuer_gerechten_Sozialstaat_aber_keiner_kriegt_s_mit_NDS.mp3\">Download<\/a><\/p><p>Wenn der Bundeskanzler poltert, der deutsche Sozialstaat sei &bdquo;nicht mehr finanzierbar&ldquo;, l&auml;uft das &uuml;ber alle Kan&auml;le. Sagen Sozialverb&auml;nde und Gewerkschaften das Gegenteil, geht dies praktisch unter. Dieser Tage ist ein neu gegr&uuml;ndetes B&uuml;ndnis aus 14 zivilgesellschaftlichen Organisationen auf den Plan getreten, um dem leidigen Geschrei der Sozialk&uuml;rzer und -kahlschl&auml;ger aus Politik und Wirtschaft Paroli zu bieten. Am Dienstagmorgen gab in der <a href=\"https:\/\/www.youtube.com\/watch?v=Jsz8mIrPUaU\">Bundespressekonferenz<\/a> die Pr&auml;sidentin des Sozialverbands VdK, Verena Bentele, den Ton vor: &bdquo;Der von uns allen gemeinsam getragene, genutzte und finanzierte Sozialstaat ist ein Gewinner- und kein Auslaufmodell.&ldquo;<\/p><p>Der Vorsto&szlig; erfolgte auf immer neue Attacken seitens Politik und Kapitallobbyisten gegen die sozialen Sicherungssysteme, angef&uuml;hrt von Friedrich Merz (CDU), der seit seinem Amtsantritt pausenlos gegen &bdquo;Arbeitsverweigerer&ldquo;, &bdquo;Lifestyle-Teilzeit&ldquo; und vermeintlich ausufernde Kosten beim B&uuml;rgergeld agitiert. Die ewig gleiche Leier: Deutschland kann sich das Versorgungsniveau bei Renten, Gesundheit und Pflege nicht l&auml;nger leisten, weniger soziale Sicherheit und Mehrarbeit sind die Gebote der Stunde. &bdquo;Gef&uuml;hlt wird jedes Wochenende eine neue Sau durchs Dorf gejagt, und es gibt immer neue Vorschl&auml;ge, Leistungen abzuschaffen oder Risiken von der Gemeinschaft auf den Einzelnen zu verlagern&ldquo;, bemerkte Bentele, die &bdquo;zunehmende Verleumdungen&ldquo; beklagte. So seien anders als vielfach dargestellt die staatlichen Zusch&uuml;sse f&uuml;r die Rentenkassen in den vergangenen Jahrzehnten nicht gestiegen, sondern gemessen an der Wirtschaftsleistung sogar gesunken.<\/p><p><strong>Geschlossene Verteidigungslinie?<\/strong><\/p><p>Die st&auml;ndigen &Uuml;bergriffe h&auml;tten auch mit der schlechten Wirtschaftslage zu tun, befand Hans-J&uuml;rgen Urban, Sozialvorstand bei der Industriegewerkschaft Metall (IGM) in einer <a href=\"https:\/\/www.igmetall.de\/politik-und-gesellschaft\/sozialpolitik\/buendnis-fuer-zukunftssicheren-sozialstaat\">Medienmitteilung<\/a>. &bdquo;Vor allem aber damit, dass Arbeitgeber sich aus der Verantwortung stehlen wollen. Sie wittern eine gute Gelegenheit, um Kosten zu senken und Schutzregeln f&uuml;r Arbeitnehmer loszuwerden.&ldquo; Neben Bentele auf dem Podium sa&szlig; der Vorsitzende der Dienstleistungsgewerkschaft ver.di, Frank Werneke. Er sprach von einem &bdquo;Trommelfeuer&ldquo; durch Unternehmerverb&auml;nde und neoliberale Wirtschaftsinstitute. &bdquo;Lohnfortzahlung, K&uuml;ndigungsschutz, Rentenniveau, das Recht auf Teilzeit, alles wird angegriffen.&ldquo; Aber: &bdquo;Der Sozialstaat ist kein Bremsklotz, sondern die Voraussetzung f&uuml;r eine leistungsf&auml;hige Wirtschaft.&ldquo;<\/p><p>Es wurde h&ouml;chste Zeit, dass sich gegen die Phalanx der Miesmacher eine geschlossene Verteidigungslinie formiert. Der neuen Sozialallianz geh&ouml;ren alle namhaften Sozialverb&auml;nde an: neben dem VdK der Caritasverband, der Parit&auml;tische Gesamtverband, der Sozialverband Deutschland (SoVD), die Volkssolidarit&auml;t, der Arbeiter-Samariter-Bund, die Arbeiterwohlfahrt, die Diakonie, Zentralwohlfahrtsstelle der Juden in Deutschland. Dazu kommen ver.di, die IG Metall, der Deutsche Gewerkschaftsbund (DGB), der Deutsche Mieterbund (DMB) und der Bund f&uuml;r Umwelt und Naturschutz Deutschland (BUND).<\/p><p>Zusammen repr&auml;sentieren die Mitstreiter &uuml;ber 20 Millionen Mitglieder, Besch&auml;ftigte, ehrenamtlich Aktive und Ratsuchende, also rund ein Viertel der Bev&ouml;lkerung. Bis dato beschr&auml;nkten sich die Proteste auf einzelne Stimmen zu diesem und jenem Thema, das gerade die Runde machte. Nun wird aus der Kakophonie ein Orchester konzertierter Widerworte. Zumindest ist das zu hoffen.<\/p><p><strong>Mehrheit will Zusammenhalt<\/strong><\/p><p>&bdquo;Der Sozialstaat ist die beste Idee, die wir je hatten&ldquo;, &auml;u&szlig;erte sich DGB-Vorstandsmitglied Anja Piel in einem <a href=\"https:\/\/www.dgb.de\/presse\/pressemitteilungen\/pressemitteilung\/20millionen-stimmen-fordern-einen-gerechten-sozialstaat\/\">Pressestatement<\/a>. Er sei &bdquo;essentiell f&uuml;r sozialen Frieden, wirtschaftliche Teilhabe und demokratische Stabilit&auml;t&ldquo;. Die Mehrheit der Menschen im Land sieht das offenbar genauso. Die Initiatoren haben beim Meinungsforschungsinstitut YouGov eine Umfrage beauftragt.<\/p><p>Gem&auml;&szlig; den <a href=\"https:\/\/www.vdk.de\/aktuelles\/aktuelle-meldungen\/artikel\/sozialstaatsbuendnis-umfrage-grosse-mehrheit-fuer-starken-sozialstaat\/\">Ergebnissen<\/a> stimmten 79 Prozent der Aussage zu, dass ein leistungsf&auml;higer Sozialstaat den gesellschaftlichen Zusammenhalt st&auml;rkt. 73 Prozent sprachen sich daf&uuml;r aus, Reiche und Wohlhabende steuerlich st&auml;rker zu belasten. 95 Prozent pl&auml;dierten f&uuml;r eine menschenw&uuml;rdige station&auml;re und ambulante Versorgung, die niemanden finanziell &uuml;berfordert. Ferner w&auml;ren 55 Prozent der Befragten bereit, f&uuml;r eine bessere Alterssicherung h&ouml;here Rentenbeitr&auml;ge zu zahlen. 77 Prozent w&uuml;nschen sich eine strikte Gleichbehandlung von gesetzlich und privat Versicherten. F&uuml;r 91 Prozent sollte der Staat mehr daf&uuml;r tun, dass es bezahlbaren Wohnraum f&uuml;r alle gibt. Und 56 Prozent lehnen Pl&auml;ne der Bundesregierung ab, die t&auml;gliche durch eine w&ouml;chentliche H&ouml;chstarbeitszeit zu ersetzen.<\/p><p>Statt Sozialabbau m&uuml;sse es darum gehen, den Sozialstaat durch &bdquo;kluge Reformen zu stabilisieren&ldquo;, sagte die Pr&auml;sidentin des Caritasverbands, Eva Maria Welskop-Deffaa. Vor allem brauche es erreichbare Angebote der sozialen Daseinsvorsorge in Stadt und Land, in der Schuldner- und Erziehungsberatung, in der ambulanten Pflege und in der Kinderbetreuung. <a href=\"https:\/\/www.caritas.de\/presse\/pressemeldungen-dcv\/20-millionen-stimmen-fordern-einen-gerechten-sozialstaat-651d2fba-ebbb-481e-9908-f1a1fd16a383\">&bdquo;Wer hier in Zeiten wachsender gesellschaftlicher Anspannungen, &ouml;konomischer Unsicherheiten und demographischer Herausforderungen spart, nimmt der Feuerwehr den R&uuml;stwagen bei akuter Brandgefahr.&ldquo;<\/a><\/p><p>Die SoVD-Vorstandsvorsitzende Michaela Engelmeier sekundierte: &bdquo;Die eigentliche Ungerechtigkeit ist doch, dass gro&szlig;e Verm&ouml;gen immer weiter wachsen, w&auml;hrend viele Menschen jeden Euro zweimal umdrehen m&uuml;ssen.&ldquo; Deshalb m&uuml;ssten Erstere &bdquo;st&auml;rker zum Gemeinwohl beitragen&ldquo;.<\/p><p><strong>Mainstream nicht interessiert<\/strong><\/p><p>Konkret setzt sich die Initiative f&uuml;r Verbesserungen auf f&uuml;nf Handlungsfeldern ein. Dazu z&auml;hlen ein gerechteres Steuersystem, eine leistungsf&auml;hige &ouml;ffentliche Daseinsvorsorge &bdquo;von Bildung, &uuml;ber Gesundheit bis Wohnraum&ldquo;, eine &bdquo;verl&auml;ssliche Finanzierung guter Renten, Gesundheitssysteme und Pflege&ldquo;, St&auml;rkung der Tarifbindung, faire Mindestl&ouml;hne und Arbeitsbedingungen, Unterst&uuml;tzung beim industriellen Wandel, die Bek&auml;mpfung von Armut und eine sozial gerecht gestaltete &ouml;kologische Transformation &bdquo;mit fairer Lastenverteilung und sicheren &Uuml;berg&auml;ngen f&uuml;r Besch&auml;ftigte und Regionen&ldquo;. Mit Argwohn blicken die Beteiligten dagegen auf die von Union und SPD eingesetzten Reformkommissionen, in denen etwa bei der Frage nach der Zukunft der staatlichen Altersvorsorge Sozialpartner und Verb&auml;nde nicht einmal vertreten sind.<\/p><p>Gro&szlig;en Stellenwert genie&szlig;en die Kritiker auch in der &ouml;ffentlichen Wahrnehmung nicht. Obwohl die Akteure zum Gr&uuml;ndungstermin gewiss die gesamte Hauptstadtpresse eingeladen hatten, blieb ihr Auftritt in der Medienberichterstattung nahezu unber&uuml;cksichtigt. Von den gro&szlig;en H&auml;usern nahm sich lediglich der <a href=\"https:\/\/www.stern.de\/news\/breites-buendnis-pocht-auf-starken-und-verlaesslichen-sozialstaat-37207832.html\"><em>Stern<\/em><\/a> ihrer Sache an. F&uuml;r <em>Spiegel<\/em>, <em>S&uuml;ddeutsche Zeitung<\/em> und <em>Handelsblatt<\/em> ist der Vorgang wohl schlicht zu unwichtig, als dass man die Leser damit irritieren m&uuml;sste.<\/p><p>Schlie&szlig;lich diktiert der Zeitgeist ja aktuell, der Sozialstaat sei am Ende, geh&ouml;re umgebaut, abgebaut, aber mitnichten ausgebaut. Regierungsuntreue wollen sich auch und gerade die &Ouml;ffentlich-Rechtlichen nicht nachsagen lassen. Einzig der <em>Mitteldeutsche Rundfunk (MDR) <\/em>hat sich zu einem <a href=\"https:\/\/www.mdr.de\/video\/mdr-videos\/a\/video-996498.html\">100-Sekunden-Videobeitrag<\/a> herabgelassen. Anders &bdquo;Tagesschau&ldquo; und &bdquo;Heute&ldquo;, die journalistischen Flaggschiffe des &Ouml;RR. Dort findet das vielleicht gr&ouml;&szlig;te Sozialstaatsb&uuml;ndnis, das Deutschland je (nicht) gesehen hat, einfach nicht statt.<\/p><p><strong>Gesch&auml;fte &uuml;ber Moral<\/strong><\/p><p>Und noch etwas fehlt: Zur mit Vehemenz forcierten Militarisierung der Gesellschaft verloren die Sozialstaatsbewahrer von Sozialverb&auml;nden und Gewerkschaften kein Wort, weder vor der Kamera noch in den vielen begleitenden Erkl&auml;rungen. So als h&auml;tte das eine mit dem anderen nichts zu tun und w&auml;ren die Abrissarbeiten bei Rente, Gesundheit und Pflege nicht auch der Preis, den die Hunderte Milliarden Euro teure Aufr&uuml;stungskampagne f&uuml;r die Bundeswehr kostet. Den Gewerkschaften, vorneweg der Rheinmetall zugeneigten IG-Metall-F&uuml;hrung, gehen die Gesch&auml;fte, sprich &bdquo;Besch&auml;ftigungssicherung&ldquo;, mithin eben doch &uuml;ber die Moral.<\/p><p>Und dass die Initiatoren bereit sind, zur Durchsetzung ihrer Forderungen Massen zu mobilisieren, muss ohnehin bezweifelt werden. &bdquo;20 Millionen gegen Sozialkahlschlag und Kriegsert&uuml;chtigung&ldquo; &ndash; das h&auml;tte einen fetzigen Slogan abgegeben. Nicht mit dieser &bdquo;Zivilgesellschaft&ldquo;.<\/p><p><small>Titelbild: Shutterstock AI<\/small><img decoding=\"async\" src=\"http:\/\/vg05.met.vgwort.de\/na\/1bc3e6cb7bcb42bcb05d3348c16b7fd4\" alt=\"\" title=\"\"><\/p>\n","protected":false},"excerpt":{"rendered":"<p>Eine Allianz aus Sozialverb&auml;nden und Gewerkschaften will die staatlichen Sicherungssysteme vor &Uuml;bergriffen bewahren und der Entsolidarisierung der Gesellschaft entgegentreten. Das ist richtig, wichtig und h&ouml;chste Zeit. Allerdings hat die Sache zwei Haken: Die Initiatoren schweigen zur forcierten Militarisierung und die deutschen Leitmedien berichten nicht. Echter Widerstand geht anders. Von <strong>Ralf Wurzbacher<\/strong>.<\/p>\n<p><em>Dieser Beitrag ist auch als<\/em><\/p>\n<div class=\"readMore\"><a class=\"moretag\" href=\"https:\/\/www.nachdenkseiten.de\/?p=147595\">Weiterlesen<\/a><\/div>\n","protected":false},"author":11,"featured_media":147597,"comment_status":"closed","ping_status":"closed","sticky":false,"template":"","format":"standard","meta":{"spay_email":"","footnotes":""},"categories":[107,35,122,183,145],"tags":[1302,1759,1903,1919,893,291],"class_list":["post-147595","post","type-post","status-publish","format-standard","has-post-thumbnail","hentry","category-audio-podcast","category-aufbau-gegenoeffentlichkeit","category-demoskopieumfragen","category-medienkritik","category-sozialstaat","tag-daseinsvorsorge","tag-entsolidarisierung","tag-gemeinwohl","tag-lueckenpresse","tag-militarisierung","tag-verteilungsgerechtigkeit"],"jetpack_featured_media_url":"https:\/\/www.nachdenkseiten.de\/wp-content\/uploads\/2026\/03\/shutterstock_2568777035.jpg","_links":{"self":[{"href":"https:\/\/www.nachdenkseiten.de\/index.php?rest_route=\/wp\/v2\/posts\/147595","targetHints":{"allow":["GET"]}}],"collection":[{"href":"https:\/\/www.nachdenkseiten.de\/index.php?rest_route=\/wp\/v2\/posts"}],"about":[{"href":"https:\/\/www.nachdenkseiten.de\/index.php?rest_route=\/wp\/v2\/types\/post"}],"author":[{"embeddable":true,"href":"https:\/\/www.nachdenkseiten.de\/index.php?rest_route=\/wp\/v2\/users\/11"}],"replies":[{"embeddable":true,"href":"https:\/\/www.nachdenkseiten.de\/index.php?rest_route=%2Fwp%2Fv2%2Fcomments&post=147595"}],"version-history":[{"count":5,"href":"https:\/\/www.nachdenkseiten.de\/index.php?rest_route=\/wp\/v2\/posts\/147595\/revisions"}],"predecessor-version":[{"id":147622,"href":"https:\/\/www.nachdenkseiten.de\/index.php?rest_route=\/wp\/v2\/posts\/147595\/revisions\/147622"}],"wp:featuredmedia":[{"embeddable":true,"href":"https:\/\/www.nachdenkseiten.de\/index.php?rest_route=\/wp\/v2\/media\/147597"}],"wp:attachment":[{"href":"https:\/\/www.nachdenkseiten.de\/index.php?rest_route=%2Fwp%2Fv2%2Fmedia&parent=147595"}],"wp:term":[{"taxonomy":"category","embeddable":true,"href":"https:\/\/www.nachdenkseiten.de\/index.php?rest_route=%2Fwp%2Fv2%2Fcategories&post=147595"},{"taxonomy":"post_tag","embeddable":true,"href":"https:\/\/www.nachdenkseiten.de\/index.php?rest_route=%2Fwp%2Fv2%2Ftags&post=147595"}],"curies":[{"name":"wp","href":"https:\/\/api.w.org\/{rel}","templated":true}]}}