{"id":149706,"date":"2026-04-28T12:00:13","date_gmt":"2026-04-28T10:00:13","guid":{"rendered":"https:\/\/www.nachdenkseiten.de\/?p=149706"},"modified":"2026-04-28T14:42:18","modified_gmt":"2026-04-28T12:42:18","slug":"die-menschen-in-deutschland-haben-ein-kanzler-problem-o-toene-zu-merz-aeusserungen-ueber-renten-aussichten-und-arbeitsmoral-der-deutschen","status":"publish","type":"post","link":"https:\/\/www.nachdenkseiten.de\/?p=149706","title":{"rendered":"\u201eDie Menschen in Deutschland haben ein Kanzler-Problem\u201c \u2013 O-T\u00f6ne zu Merz\u2018 \u00c4u\u00dferungen \u00fcber Renten-Aussichten und Arbeitsmoral der Deutschen"},"content":{"rendered":"<p>Immer wieder &ndash; und in letzter Zeit immer &ouml;fter &ndash; liefert Bundeskanzler Friedrich Merz &Auml;u&szlig;erungen, die nicht wirklich durchdacht erscheinen und dem ohnehin stark angeschlagenen Ansehen des Kanzlers weiter schaden. So hat er jetzt den Deutschen vorgeworfen, sie seien in ihrer Arbeit &bdquo;zu bequem&ldquo; geworden und sollten sich in puncto Flei&szlig; an den Chinesen ein Beispiel nehmen. Faktisch im gleichen Kontext &auml;u&szlig;erte er, die gesetzliche Rentenversicherung allein w&uuml;rde in Zukunft nur noch &bdquo;als Basisabsicherung&ldquo; angesehen, womit Merz die bisherige Arbeit der werkt&auml;tigen Deutschen und die von ihnen gezahlten Beitr&auml;ge eigentlich abwertete. Eine neue Ausgabe der O-T&ouml;ne. Zusammenfassung von <strong>Valeri Schiller<\/strong>.<br>\n<!--more--><\/p><div class=\"hr_wrap\">\n<hr>\n<\/div><p><div class=\"external-2click\" data-provider=\"Youtube\" data-provider-slug=\"youtube\"><div class=\"external-placeholder\"><p><strong>Externer Inhalt<\/strong><\/p><p>Beim Laden des Videos werden Daten an Youtube &uuml;bertragen.<\/p><button type=\"button\" class=\"external-load\">Inhalt von Youtube zulassen<\/button><\/div><div class=\"external-content\"><iframe loading=\"lazy\" width=\"560\" height=\"auto\" style=\"aspect-ratio: 16 \/ 9\" src=\"\" frameborder=\"0\" allowfullscreen class=\"external-2click-target \" data-src=\"https:\/\/www.youtube-nocookie.com\/embed\/EvTh2NJcCvs\"><\/iframe><\/div><div class=\"external-optout\"><a href=\"#\" data-revoke=\"youtube\">Inhalte von Youtube nicht mehr zulassen<\/a><\/div><\/div><\/p><div class=\"hr_wrap\">\n<hr>\n<\/div><p><strong>Bundeskanzler Friedrich Merz am 20. April 2026<\/strong><\/p><p>&bdquo;Wir haben uns ausgeruht. Wir sind ein bisschen zu bequem geworden. Und wenn man heute nach China schaut, selbst wenn man nach Amerika schaut: Die Dynamik, die in diesen Volkswirtschaften nach wie vor oder jetzt vor allen Dingen in China vorhanden ist, die fehlt uns. Wir m&uuml;ssen uns anstrengen, wir m&uuml;ssen jetzt die &Auml;rmel aufkrempeln und wir m&uuml;ssen Schritt f&uuml;r Schritt dieses Land wieder fit machen.&ldquo;<\/p><p>(Quelle: <a href=\"https:\/\/www.youtube.com\/watch?v=GCkMxq5muf4\">WELT<\/a>, ab Minute 0:45)<\/p><div class=\"hr_wrap\">\n<hr>\n<\/div><p><strong>Unternehmer Carsten Maschmeyer am 21. April 2026<\/strong><\/p><p>&bdquo;Die Deutschen arbeiten zu wenig? Ernsthaft, Friedrich Merz? Die Menschen in Deutschland stehen morgens fr&uuml;h auf, zahlen Steuern und Abgaben, halten diesen Laden am Laufen. Und dann kommt der Kanzler und erkl&auml;rt seinen B&uuml;rgerinnen und B&uuml;rgern, sie seien zu faul. Wie realit&auml;tsfern ist das eigentlich? Nicht die Deutschen arbeiten zu wenig, sondern Arbeiten lohnt sich zu wenig. Und gerade dar&uuml;ber m&uuml;sste ein Kanzler reden und eine L&ouml;sung pr&auml;sentieren. (&hellip;)<\/p><p>Die Menschen in Deutschland haben kein Arbeitsmoral-Problem, sie haben leider ein Kanzler-Problem. Denn ein Kanzler sollte seine B&uuml;rgerinnen und B&uuml;rger starkreden und nicht schlechtreden.&ldquo;<\/p><p>(Quelle: <a href=\"https:\/\/www.tvo.de\/mediathek\/video\/sind-die-deutschen-zu-faul-unternehmer-maschmeyer-kritisiert-bundeskanzler-merz\/\">tvo<\/a>, ab Beginn und ab Minute 0:44)<\/p><div class=\"hr_wrap\">\n<hr>\n<\/div><p><strong>AfD-Co-Vorsitzender Tino Chrupalla am 22. April 2026<\/strong><\/p><p>&bdquo;&sbquo;Die w&uuml;rden sich ausruhen, die Deutschen, die arbeiten, seien bequem geworden&lsquo; &ndash; das ist die Antwort des Bundeskanzlers. Wahrscheinlich eine Selbstreflexion auf die Arbeit seiner eigenen Regierung, die er damit meint.&ldquo;<\/p><p>(Quelle: <a href=\"https:\/\/x.com\/letsgoalicew\/status\/2047178656003346783?s=51&amp;t=3mNcACpxh4x_s3AC9gArsg\">@letsgoallicew<\/a>)<\/p><div class=\"hr_wrap\">\n<hr>\n<\/div><p><strong>Bundeskanzler Friedrich Merz am 20. April 2026<\/strong><\/p><p>&bdquo;Die gesetzliche Rentenversicherung allein wird allenfalls noch die Basisabsicherung sein f&uuml;r das Alter. Sie wird nicht mehr ausreichen, auf Dauer den Lebensstandard zu sichern. Es m&uuml;ssen kapitalgedeckte Elemente einer betrieblichen und privaten Altersversorgung hinzutreten, und zwar in weit gr&ouml;&szlig;erem Umfang, als wir sie gegenw&auml;rtig weitgehend auf der Basis von Freiwilligkeit haben.&ldquo;<\/p><p>(Quelle: <a href=\"https:\/\/www.youtube.com\/watch?v=G2rxVjFj4Gw\">FAZ<\/a>, ab Minute 0:18)<\/p><div class=\"hr_wrap\">\n<hr>\n<\/div><p><strong>SPD-Fraktionschef Matthias Miersch am 20. April 2026<\/strong><\/p><p>&bdquo;Die Rente in Deutschland ist keine Sozialhilfe. Sie ist eine Leistung, eine versprochene Leistung f&uuml;r die Lebensleistung der Besch&auml;ftigten in diesem Land. Viele viele Millionen Menschen haben Jahrzehnte durch ihre Beitragszahlung darauf vertraut, dass es auch eine ad&auml;quate Rente gibt.&ldquo;<\/p><p>(Quelle: <a href=\"https:\/\/www.youtube.com\/watch?v=G2rxVjFj4Gw\">FAZ<\/a>, ab Minute 1:06)<\/p><div class=\"hr_wrap\">\n<hr>\n<\/div><p><strong>Bundesarbeitsministerin B&auml;rbel Bas am 21. April 2026<\/strong><\/p><p>&bdquo;Die Kommission hat den Auftrag bekommen, eine Lebensstandard sichernde Rente zu erarbeiten &uuml;ber verschiedene Modelle. Und deshalb fand ich diese, also die Aussage [von Friedrich Merz &ndash; Anm. d. Red.], das hat den Eindruck erweckt, als gehen wir in Richtung Grundsicherung. Und man muss ja einfach wissen, die Menschen zahlen ja daf&uuml;r ein. Das ist ja kein Almosen, sondern sie zahlen Beitr&auml;ge &ndash; und nicht wenig. So, und am Ende kommt wenig dabei raus. Und die Durchschnittsrente liegt beim Mann bei 1.400, bei Frauen ist es nur bei 940 ungef&auml;hr. So, und das l&auml;uft in die Richtung Altersarmut.&ldquo;<\/p><p>(Quelle: <a href=\"https:\/\/x.com\/maischberger\/status\/2047067412525183221?s=51&amp;t=3mNcACpxh4x_s3AC9gArsg\">@maischberger<\/a>)<\/p><div class=\"hr_wrap\">\n<hr>\n<\/div><p><strong>FDP-Vizechef Wolfgang Kubicki am 22. April 2026<\/strong><\/p><p>&bdquo;Also, es ist schlicht und ergreifend unversch&auml;mt, wie dieser Kanzler und diese Regierung in die Taschen anderer Leute greifen will und glaubt, damit durchkommen zu k&ouml;nnen. Das wird nicht funktionieren.&ldquo;<\/p><p>(Quelle: <a href=\"https:\/\/www.youtube.com\/watch?v=vM4RNJRTatQ\">WELT<\/a>, ab Minute 5:16)<\/p><div class=\"hr_wrap\">\n<hr>\n<\/div><p><small>Titelbild: Screenshots WELT, tvo, x.com\/letsgoalicew, FAZ, x.com\/maischberger<\/small><\/p>\n","protected":false},"excerpt":{"rendered":"<p>Immer wieder &ndash; und in letzter Zeit immer &ouml;fter &ndash; liefert Bundeskanzler Friedrich Merz &Auml;u&szlig;erungen, die nicht wirklich durchdacht erscheinen und dem ohnehin stark angeschlagenen Ansehen des Kanzlers weiter schaden. So hat er jetzt den Deutschen vorgeworfen, sie seien in ihrer Arbeit &bdquo;zu bequem&ldquo; geworden und sollten sich in puncto Flei&szlig; an den Chinesen ein<\/p>\n<div class=\"readMore\"><a class=\"moretag\" href=\"https:\/\/www.nachdenkseiten.de\/?p=149706\">Weiterlesen<\/a><\/div>\n","protected":false},"author":11,"featured_media":149707,"comment_status":"closed","ping_status":"closed","sticky":false,"template":"","format":"standard","meta":{"spay_email":"","footnotes":""},"categories":[123,156,145],"tags":[423,3139,3606,1592,1322,344,783,3484],"class_list":["post-149706","post","type-post","status-publish","format-standard","has-post-thumbnail","hentry","category-kampagnentarnworteneusprech","category-schulden-sparen","category-sozialstaat","tag-austeritaetspolitik","tag-bas-baerbel","tag-chrupalla-tino","tag-deutsche-rentenversicherung","tag-kubicki-wolfgang","tag-maschmeyer-carsten","tag-merz-friedrich","tag-o-toene"],"jetpack_featured_media_url":"https:\/\/www.nachdenkseiten.de\/wp-content\/uploads\/2026\/04\/260427-O-Toene-84-Titelbild-NDS.jpg","_links":{"self":[{"href":"https:\/\/www.nachdenkseiten.de\/index.php?rest_route=\/wp\/v2\/posts\/149706","targetHints":{"allow":["GET"]}}],"collection":[{"href":"https:\/\/www.nachdenkseiten.de\/index.php?rest_route=\/wp\/v2\/posts"}],"about":[{"href":"https:\/\/www.nachdenkseiten.de\/index.php?rest_route=\/wp\/v2\/types\/post"}],"author":[{"embeddable":true,"href":"https:\/\/www.nachdenkseiten.de\/index.php?rest_route=\/wp\/v2\/users\/11"}],"replies":[{"embeddable":true,"href":"https:\/\/www.nachdenkseiten.de\/index.php?rest_route=%2Fwp%2Fv2%2Fcomments&post=149706"}],"version-history":[{"count":4,"href":"https:\/\/www.nachdenkseiten.de\/index.php?rest_route=\/wp\/v2\/posts\/149706\/revisions"}],"predecessor-version":[{"id":149721,"href":"https:\/\/www.nachdenkseiten.de\/index.php?rest_route=\/wp\/v2\/posts\/149706\/revisions\/149721"}],"wp:featuredmedia":[{"embeddable":true,"href":"https:\/\/www.nachdenkseiten.de\/index.php?rest_route=\/wp\/v2\/media\/149707"}],"wp:attachment":[{"href":"https:\/\/www.nachdenkseiten.de\/index.php?rest_route=%2Fwp%2Fv2%2Fmedia&parent=149706"}],"wp:term":[{"taxonomy":"category","embeddable":true,"href":"https:\/\/www.nachdenkseiten.de\/index.php?rest_route=%2Fwp%2Fv2%2Fcategories&post=149706"},{"taxonomy":"post_tag","embeddable":true,"href":"https:\/\/www.nachdenkseiten.de\/index.php?rest_route=%2Fwp%2Fv2%2Ftags&post=149706"}],"curies":[{"name":"wp","href":"https:\/\/api.w.org\/{rel}","templated":true}]}}