{"id":155779,"date":"2026-09-04T11:00:32","date_gmt":"2026-09-04T09:00:32","guid":{"rendered":"https:\/\/www.nachdenkseiten.de\/?p=155779"},"modified":"2026-09-04T11:51:14","modified_gmt":"2026-09-04T09:51:14","slug":"soeder-hat-spass-bei-den-gebirgsjaegern-versteht-der-bayerische-ministerpraesident-dass-krieg-nicht-cool-ist","status":"publish","type":"post","link":"https:\/\/www.nachdenkseiten.de\/?p=155779","title":{"rendered":"S\u00f6der hat Spa\u00df bei den Gebirgsj\u00e4gern \u2013 Versteht der bayerische Ministerpr\u00e4sident, dass Krieg nicht \u201ecool\u201c ist?"},"content":{"rendered":"<p>Markus S&ouml;der ist unterwegs &ndash; mit den Gebirgsj&auml;gern. Nicht ohne Stolz <a href=\"https:\/\/x.com\/Markus_Soeder\/status\/2095479320659591552\">pr&auml;sentiert<\/a> der bayerische Ministerpr&auml;sident ein Foto und eine Videoaufnahme von sich im Hubschrauberflug auf seinem &bdquo;X&ldquo;-Kanal. In normalen Zeiten w&uuml;rde sich an der Stelle die Frage aufdr&auml;ngen: Wer? Und daran anschlie&szlig;end: Wer das wissen will? Da die Politik die gesamte Republik aber gerade kriegst&uuml;chtig machen will, dr&auml;ngen sich andere Fragen auf: Was soll das? Und: Begreift S&ouml;der &uuml;berhaupt, dass das Kerngesch&auml;ft von milit&auml;rischen Eliteeinheiten das T&ouml;ten ist? Versteht der Ministerpr&auml;sident: Krieg ist nicht &bdquo;cool&ldquo;? Ein Kommentar von <strong>Marcus Kl&ouml;ckner<\/strong>.<br>\n<!--more--><br>\nWer kennt sie nicht, die zahlreichen Filme und Serien, in denen haupts&auml;chlich US-amerikanische Eliteeinheiten in heldenhafter Mission unterwegs sind: Die Delta Force, Navy Seals, Rangers und wie die schlagkr&auml;ftigsten Truppen des US-Milit&auml;rs eben hei&szlig;en.<\/p><p>Nat&uuml;rlich steht es jedem frei, Filmerzeugnisse dieser Art mit Freude zu schauen oder abzulehnen. Nur, so oder so: Filme sind bekanntlich das Eine, die Realit&auml;t das Andere.<\/p><p>Im wirklichen Leben flie&szlig;t echtes Blut bei den Eins&auml;tzen der Spezialtruppen. Das Handwerk der milit&auml;rischen Elite ist das T&ouml;ten, das Morden. Wenn sie zum Einsatz kommen, wird die Luft schnell bleihaltig und es geht in Echt um Leben und Tod.<\/p><p>Markus S&ouml;der teilt auf der Plattform <em>X<\/em> ein Foto und eine Videoaufnahme von sich, wie er mit den Gebirgsj&auml;gern unterwegs ist.<\/p><p>Dazu schreibt S&ouml;der:<\/p><blockquote><p><em>Anflug mit dem Bundeswehr-Heli: Die #Gebirgsj&auml;ger sind die &bdquo;Special Forces&ldquo; der Berge. Darf heute eine alpine &Uuml;bung begleiten. Bayern steht zur #Bundeswehr: Unsere Soldatinnen und Soldaten verdienen Respekt, Wertsch&auml;tzung und R&uuml;ckendeckung.<\/em><\/p><\/blockquote><p>Auf diese Weise wendet sich S&ouml;der in einer Zeit an die &Ouml;ffentlichkeit, in der Politiker Deutschland kriegst&uuml;chtig machen und die Spannungen zwischen NATO und Russland immer bedrohlicher werden.<\/p><p>In der Ukraine herrscht seit bald f&uuml;nf Jahren Krieg. Mindestens hunderttausende Soldaten wurden get&ouml;tet, schwer verletzt oder sind traumatisiert. Je nach Messpunkt liegen zwischen M&uuml;nchen und der Front in der Ukraine 2.000 Kilometer. Dort ist das Grauen real.<\/p><p>S&ouml;der nimmer nur an einer &Uuml;bung teil &ndash; und bleibt von der Barbarei auf den Schlachtfeldern verschont. Als Politiker ist er in keinem Gefecht und er ist nicht im Krieg.<\/p><p>F&uuml;r ihn ist ein Tag bei den Gebirgsj&auml;gern ein spa&szlig;iges Ereignis, an dem er aufgrund seiner hervorgehobenen Position als ranghoher Politiker teilhaben darf.<\/p><p>Nichts spricht dagegen, dass ein &bdquo;Landesvater&ldquo; auch mal bei der Bundeswehr vorbeischaut. Allerding l&auml;sst die Politik gerade den Krieg an Deutschlands Haust&uuml;r anklopfen. Da verkommt der Wunsch S&ouml;ders, dass &bdquo;unsere Soldatinnen und Soldaten (&hellip;) Respekt, Wertsch&auml;tzung und R&uuml;ckendeckung (verdienen)&ldquo;, zu einem Akt der Propaganda.<\/p><p>Bei einem Krieg mit Russland k&auml;men auch die Gebirgsj&auml;ger zum Einsatz. Nur der liebe Gott wei&szlig;, wie viele von ihnen ihr junges Leben lassen m&uuml;ssten. Wie die meisten Kriege, so w&auml;re &ndash; Stand jetzt &ndash; ein Krieg mit Russland auf eine eiskalte, unverantwortliche Politik zur&uuml;ckzuf&uuml;hren.<\/p><p>S&ouml;ders Vorpreschen f&uuml;r die Bundeswehr ist billig. Aufnahmen wie diese unter den gegenw&auml;rtigen politischen Bedingungen reduzieren den Einsatz von Soldaten auf ein wohlf&uuml;hliges Ereignis. Ganz zu schweigen davon, dass S&ouml;ders Auftritt auch die enorme Gefahr eines realen Krieges, der im Hintergrund der Politik rauscht, ausblendet.<\/p><p>Klar ist: Im Ernstfall wird S&ouml;der an einem sicheren Ort sein &ndash; w&auml;hrend Soldaten der Bundeswehr sterben. Wenn die Politik &bdquo;Kriegst&uuml;chtigkeit&ldquo; ruft, sollten Soldaten auf billige PR f&uuml;r einen Politiker verzichten.<\/p><p>Diese Aufnahmen lassen n&auml;mlich erahnen: S&ouml;der steht nicht der Bundeswehr nahe, sondern politischer Idiotie und Verantwortungslosigkeit.<\/p><p><small>Titelbild: Scrennhot X-Kanal S&ouml;der<\/small><img loading=\"lazy\" decoding=\"async\" src=\"http:\/\/vg06.met.vgwort.de\/na\/94ac03769afa4ffb881f68fd8a5b0f06\" width=\"1\" height=\"1\" alt=\"\"><\/p>\n","protected":false},"excerpt":{"rendered":"<p>Markus S&ouml;der ist unterwegs &ndash; mit den Gebirgsj&auml;gern. Nicht ohne Stolz <a href=\"https:\/\/x.com\/Markus_Soeder\/status\/2095479320659591552\">pr&auml;sentiert<\/a> der bayerische Ministerpr&auml;sident ein Foto und eine Videoaufnahme von sich im Hubschrauberflug auf seinem &bdquo;X&ldquo;-Kanal. In normalen Zeiten w&uuml;rde sich an der Stelle die Frage aufdr&auml;ngen: Wer? Und daran anschlie&szlig;end: Wer das wissen will? Da die Politik die gesamte Republik aber gerade<\/p>\n<div class=\"readMore\"><a class=\"moretag\" href=\"https:\/\/www.nachdenkseiten.de\/?p=155779\">Weiterlesen<\/a><\/div>\n","protected":false},"author":13,"featured_media":155780,"comment_status":"closed","ping_status":"closed","sticky":false,"template":"","format":"standard","meta":{"spay_email":"","footnotes":""},"categories":[85,11],"tags":[358,893,1215],"class_list":["post-155779","post","type-post","status-publish","format-standard","has-post-thumbnail","hentry","category-pr","category-strategien-der-meinungsmache","tag-bundeswehr","tag-militarisierung","tag-soeder-markus"],"jetpack_featured_media_url":"https:\/\/www.nachdenkseiten.de\/wp-content\/uploads\/2026\/09\/260904_nds_soeder.jpg","_links":{"self":[{"href":"https:\/\/www.nachdenkseiten.de\/index.php?rest_route=\/wp\/v2\/posts\/155779","targetHints":{"allow":["GET"]}}],"collection":[{"href":"https:\/\/www.nachdenkseiten.de\/index.php?rest_route=\/wp\/v2\/posts"}],"about":[{"href":"https:\/\/www.nachdenkseiten.de\/index.php?rest_route=\/wp\/v2\/types\/post"}],"author":[{"embeddable":true,"href":"https:\/\/www.nachdenkseiten.de\/index.php?rest_route=\/wp\/v2\/users\/13"}],"replies":[{"embeddable":true,"href":"https:\/\/www.nachdenkseiten.de\/index.php?rest_route=%2Fwp%2Fv2%2Fcomments&post=155779"}],"version-history":[{"count":5,"href":"https:\/\/www.nachdenkseiten.de\/index.php?rest_route=\/wp\/v2\/posts\/155779\/revisions"}],"predecessor-version":[{"id":155794,"href":"https:\/\/www.nachdenkseiten.de\/index.php?rest_route=\/wp\/v2\/posts\/155779\/revisions\/155794"}],"wp:featuredmedia":[{"embeddable":true,"href":"https:\/\/www.nachdenkseiten.de\/index.php?rest_route=\/wp\/v2\/media\/155780"}],"wp:attachment":[{"href":"https:\/\/www.nachdenkseiten.de\/index.php?rest_route=%2Fwp%2Fv2%2Fmedia&parent=155779"}],"wp:term":[{"taxonomy":"category","embeddable":true,"href":"https:\/\/www.nachdenkseiten.de\/index.php?rest_route=%2Fwp%2Fv2%2Fcategories&post=155779"},{"taxonomy":"post_tag","embeddable":true,"href":"https:\/\/www.nachdenkseiten.de\/index.php?rest_route=%2Fwp%2Fv2%2Ftags&post=155779"}],"curies":[{"name":"wp","href":"https:\/\/api.w.org\/{rel}","templated":true}]}}