{"id":155791,"date":"2026-09-04T15:00:13","date_gmt":"2026-09-04T13:00:13","guid":{"rendered":"https:\/\/www.nachdenkseiten.de\/?p=155791"},"modified":"2026-09-04T16:59:51","modified_gmt":"2026-09-04T14:59:51","slug":"sanktionen-gegen-meinungsaeusserungen-wie-die-eu-rechtsstaat-und-meinungsfreiheit-untergraebt","status":"publish","type":"post","link":"https:\/\/www.nachdenkseiten.de\/?p=155791","title":{"rendered":"Sanktionen gegen Meinungs\u00e4u\u00dferungen. Wie die EU Rechtsstaat und Meinungsfreiheit untergr\u00e4bt"},"content":{"rendered":"<p>In K&uuml;rze erscheint das neue Buch von <a href=\"https:\/\/www.dietrich-murswiek.de\/\">Prof. Dr. Dietrich Murswiek<\/a> mit dem Titel &bdquo;Sanktionen gegen Meinungs&auml;u&szlig;erungen. Wie die EU Rechtsstaat und Meinungsfreiheit untergr&auml;bt&ldquo;. Wie <a href=\"https:\/\/www.nachdenkseiten.de\/?p=153992\">angek&uuml;ndigt<\/a> ver&ouml;ffentlichen wir hiermit seinen Vortrag beim 2. Bundestreffen der Gespr&auml;chskreise der <em>NachDenkSeiten<\/em> in Neudietendorf bei Erfurt. <strong>Albrecht M&uuml;ller<\/strong>.<br>\n<!--more--><br>\nDietrich Murswiek ist einer der profiliertesten deutschen Staats- und Verfassungsrechtler. Der emeritierte Freiburger Professor ist au&szlig;erdem im Verwaltungsrecht und V&ouml;lkerrecht t&auml;tig und war &uuml;ber Jahrzehnte als Gutachter und Prozessvertreter vor dem Bundesverfassungsgericht aktiv. Bekannt wurde er unter anderem durch seine juristische Arbeit f&uuml;r Peter Gauweiler &ndash; etwa zu Maastricht, dem Vertrag von Lissabon, dem Euro-Rettungsschirm, dem ESM und den Anleihekaufprogrammen der EZB.<\/p><p>Heute besch&auml;ftigt sich Murswiek intensiv mit der Meinungsfreiheit, Zensur und der zunehmenden Macht der EU. Besonders kritisch sieht er EU-Sanktionen gegen Personen wegen ihrer politischen Meinungs&auml;u&szlig;erungen. Am Beispiel des Schweizer Publizisten Jacques Baud kommt er zu dem Schluss, dass solche Sanktionen erhebliche rechtsstaatliche und grundrechtliche Probleme aufwerfen. <\/p><p>Auch den Digital Services Act (DSA) sieht Murswiek kritisch, weil er darin eine Gefahr f&uuml;r die Meinungsfreiheit im Internet erkennt. In diesem Vortrag bei dem Bundestreffen der Gespr&auml;chskreise der <em>NachDenkSeiten<\/em> in Neudietendorf erkl&auml;rt er, warum er die aktuelle Entwicklung als Gefahr f&uuml;r Rechtsstaat, Demokratie und freie Meinungs&auml;u&szlig;erung betrachtet.<\/p><p>Hier der <a href=\"https:\/\/www.youtube.com\/watch?v=_ZSg2FqPkUY\">Link zum Video<\/a>:<\/p><p><div class=\"external-2click\" data-provider=\"Youtube\" data-provider-slug=\"youtube\"><div class=\"external-placeholder\"><p><strong>Externer Inhalt<\/strong><\/p><p>Beim Laden des Videos werden Daten an Youtube &uuml;bertragen.<\/p><button type=\"button\" class=\"external-load\">Inhalt von Youtube zulassen<\/button><\/div><div class=\"external-content\"><iframe loading=\"lazy\" width=\"100%\" height=\"auto\" style=\"aspect-ratio: 16 \/ 9\" src=\"\" frameborder=\"0\" allowfullscreen class=\"external-2click-target \" data-src=\"https:\/\/www.youtube-nocookie.com\/embed\/_ZSg2FqPkUY\"><\/iframe><\/div><div class=\"external-optout\"><a href=\"#\" data-revoke=\"youtube\">Inhalte von Youtube nicht mehr zulassen<\/a><\/div><\/div><\/p><p>Inhalt:<br>\n00:00 Einleitung<br>\n01:57 Rechtsvortrag<br>\n44:48 Publikumsfragen<\/p><p>Website Dietrich Murswiek: <a href=\"https:\/\/www.dietrich-murswiek.de\/\">dietrich-murswiek.de<\/a><br>\nVideo: Harald Kaufmann<\/p><p><small>Titelbild: Screenshot<\/small><\/p><div class=\"moreLikeThis\">\n<strong>Mehr zum Beitrag:<\/strong>\n<p><a href=\"https:\/\/www.nachdenkseiten.de\/?p=153992\">Gespr&auml;chskreise &ndash; eine interessante und sympathische Erweiterung der NachDenkSeiten<\/a><\/p>\n<p><a href=\"https:\/\/www.nachdenkseiten.de\/?p=154242\">Tino Eisbrenner bei den NachDenkSeiten-Gespr&auml;chskreisen in Neudietendorf<\/a><\/p>\n<p><a href=\"https:\/\/www.nachdenkseiten.de\/?p=154568\">Der 10-Punkte-Plan zur Europ&auml;ischen Republik &ndash; Vortrag Ulrike Gu&eacute;rot beim Treffen der NDS-Gespr&auml;chskreise 2026<\/a><\/p>\n<p><a href=\"https:\/\/www.nachdenkseiten.de\/?p=155751\">Venedig wie ausgestorben &ndash; Die erschreckenden Parallelen zwischen Pest und Corona<\/a>\n<\/p><\/div>\n","protected":false},"excerpt":{"rendered":"<p>In K&uuml;rze erscheint das neue Buch von <a href=\"https:\/\/www.dietrich-murswiek.de\/\">Prof. Dr. Dietrich Murswiek<\/a> mit dem Titel &bdquo;Sanktionen gegen Meinungs&auml;u&szlig;erungen. Wie die EU Rechtsstaat und Meinungsfreiheit untergr&auml;bt&ldquo;. Wie <a href=\"https:\/\/www.nachdenkseiten.de\/?p=153992\">angek&uuml;ndigt<\/a> ver&ouml;ffentlichen wir hiermit seinen Vortrag beim 2. Bundestreffen der Gespr&auml;chskreise der <em>NachDenkSeiten<\/em> in Neudietendorf bei Erfurt. <strong>Albrecht M&uuml;ller<\/strong>.<\/p>\n","protected":false},"author":2,"featured_media":155792,"comment_status":"closed","ping_status":"closed","sticky":false,"template":"","format":"standard","meta":{"spay_email":"","footnotes":""},"categories":[126,11,211],"tags":[3223,3423,3360,1865,890,378,1019,220],"class_list":["post-155791","post","type-post","status-publish","format-standard","has-post-thumbnail","hentry","category-erosion-der-demokratie","category-strategien-der-meinungsmache","category-veranstaltungshinweiseveranstaltungen","tag-baud-jacques","tag-digital-services-act","tag-europaeische-union","tag-meinungsfreiheit","tag-menschenwuerde","tag-nds-gespraechskreis","tag-wirtschaftssanktionen","tag-zensur"],"jetpack_featured_media_url":"https:\/\/www.nachdenkseiten.de\/wp-content\/uploads\/2026\/09\/260902-Sanktionen-Murswiek-Neudietendorf-Titelbild.jpg","_links":{"self":[{"href":"https:\/\/www.nachdenkseiten.de\/index.php?rest_route=\/wp\/v2\/posts\/155791","targetHints":{"allow":["GET"]}}],"collection":[{"href":"https:\/\/www.nachdenkseiten.de\/index.php?rest_route=\/wp\/v2\/posts"}],"about":[{"href":"https:\/\/www.nachdenkseiten.de\/index.php?rest_route=\/wp\/v2\/types\/post"}],"author":[{"embeddable":true,"href":"https:\/\/www.nachdenkseiten.de\/index.php?rest_route=\/wp\/v2\/users\/2"}],"replies":[{"embeddable":true,"href":"https:\/\/www.nachdenkseiten.de\/index.php?rest_route=%2Fwp%2Fv2%2Fcomments&post=155791"}],"version-history":[{"count":3,"href":"https:\/\/www.nachdenkseiten.de\/index.php?rest_route=\/wp\/v2\/posts\/155791\/revisions"}],"predecessor-version":[{"id":155862,"href":"https:\/\/www.nachdenkseiten.de\/index.php?rest_route=\/wp\/v2\/posts\/155791\/revisions\/155862"}],"wp:featuredmedia":[{"embeddable":true,"href":"https:\/\/www.nachdenkseiten.de\/index.php?rest_route=\/wp\/v2\/media\/155792"}],"wp:attachment":[{"href":"https:\/\/www.nachdenkseiten.de\/index.php?rest_route=%2Fwp%2Fv2%2Fmedia&parent=155791"}],"wp:term":[{"taxonomy":"category","embeddable":true,"href":"https:\/\/www.nachdenkseiten.de\/index.php?rest_route=%2Fwp%2Fv2%2Fcategories&post=155791"},{"taxonomy":"post_tag","embeddable":true,"href":"https:\/\/www.nachdenkseiten.de\/index.php?rest_route=%2Fwp%2Fv2%2Ftags&post=155791"}],"curies":[{"name":"wp","href":"https:\/\/api.w.org\/{rel}","templated":true}]}}