{"id":155851,"date":"2026-09-04T16:12:07","date_gmt":"2026-09-04T14:12:07","guid":{"rendered":"https:\/\/www.nachdenkseiten.de\/?p=155851"},"modified":"2026-09-04T18:11:58","modified_gmt":"2026-09-04T16:11:58","slug":"mehr-als-die-haelfte-aller-deutschen-wagt-es-nicht-mehr-frei-ihre-meinung-zu-aeussern","status":"publish","type":"post","link":"https:\/\/www.nachdenkseiten.de\/?p=155851","title":{"rendered":"Mehr als die H\u00e4lfte aller Deutschen wagt es nicht mehr, frei ihre Meinung zu \u00e4u\u00dfern."},"content":{"rendered":"<p>Laut einer Allensbach-Umfrage gibt mehr als die H&auml;lfte der Deutschen an, ihre politische Meinung in der &Ouml;ffentlichkeit nicht mehr frei zu &auml;u&szlig;ern. F&uuml;r ein Land, in dem die freie Meinungs&auml;u&szlig;erung im Grundgesetz verankert ist, sind diese Zahlen niederschmetternd. Auf dem Festival der Meinungsfreiheit des BSW in Magdeburg bat <strong>Holger Gro&szlig;<\/strong> f&uuml;r die <em>NachDenkSeiten<\/em> einige der Podiumsg&auml;ste f&uuml;r ein kurzes Statement vor die Kamera.<br>\n<!--more--><br>\nDas B&uuml;ndnis Sahra Wagenknecht (BSW) lud im Vorfeld der Landtagswahlen in Sachsen-Anhalt am 30. August 2026 zu einem Tag der Meinungsfreiheit nach Magdeburg ein. Journalisten, Wissenschaftler, Schriftsteller, Verleger, Publizisten, K&uuml;nstler und Politiker folgten dem Aufruf, um in Podiumsgespr&auml;chen &uuml;ber die aktuelle Lage zu diskutieren.<\/p><p>Mehr als 1.500 G&auml;ste folgten den Ausf&uuml;hrungen auf der B&uuml;hne der Festung Mark. Der Beifall des Publikums war bisweilen frenetisch &ndash; ganz so, als w&uuml;rde vielen Menschen allein durch das Ansprechen der Probleme eine Last von der Seele fallen. <\/p><p>Holger Gro&szlig; bat f&uuml;r die <em>NachDenkSeiten<\/em> einige der Podiumsg&auml;ste vor seine Kamera, um pers&ouml;nlich ein kurzes Statement zu geben auf die Frage: &bdquo;Warum ist es &uuml;berhaupt notwendig, dass wir uns zu einem Festival der Meinungsfreiheit in Deutschland treffen m&uuml;ssen?&ldquo;<\/p><p>Hier der <a href=\"https:\/\/youtu.be\/TY48qCrz1Bg\">Link zum Video<\/a>.<\/p><p><div class=\"external-2click\" data-provider=\"Youtube\" data-provider-slug=\"youtube\"><div class=\"external-placeholder\"><p><strong>Externer Inhalt<\/strong><\/p><p>Beim Laden des Videos werden Daten an Youtube &uuml;bertragen.<\/p><button type=\"button\" class=\"external-load\">Inhalt von Youtube zulassen<\/button><\/div><div class=\"external-content\"><iframe loading=\"lazy\" width=\"100%\" height=\"auto\" style=\"aspect-ratio: 16 \/ 9\" src=\"\" frameborder=\"0\" allowfullscreen class=\"external-2click-target \" data-src=\"https:\/\/www.youtube-nocookie.com\/embed\/TY48qCrz1Bg\"><\/iframe><\/div><div class=\"external-optout\"><a href=\"#\" data-revoke=\"youtube\">Inhalte von Youtube nicht mehr zulassen<\/a><\/div><\/div><\/p><p>Einen Mitschnitt der gesamten BSW-Veranstaltung k&ouml;nnen Sie <a href=\"https:\/\/www.youtube.com\/watch?v=vFJGUQYpCxs\">hier finden<\/a>.<\/p><p><div class=\"external-2click\" data-provider=\"Youtube\" data-provider-slug=\"youtube\"><div class=\"external-placeholder\"><p><strong>Externer Inhalt<\/strong><\/p><p>Beim Laden des Videos werden Daten an Youtube &uuml;bertragen.<\/p><button type=\"button\" class=\"external-load\">Inhalt von Youtube zulassen<\/button><\/div><div class=\"external-content\"><iframe loading=\"lazy\" width=\"100%\" height=\"auto\" style=\"aspect-ratio: 16 \/ 9\" src=\"\" frameborder=\"0\" allowfullscreen class=\"external-2click-target \" data-src=\"https:\/\/www.youtube-nocookie.com\/embed\/vFJGUQYpCxs\"><\/iframe><\/div><div class=\"external-optout\"><a href=\"#\" data-revoke=\"youtube\">Inhalte von Youtube nicht mehr zulassen<\/a><\/div><\/div><\/p>\n","protected":false},"excerpt":{"rendered":"<p>Laut einer Allensbach-Umfrage gibt mehr als die H&auml;lfte der Deutschen an, ihre politische Meinung in der &Ouml;ffentlichkeit nicht mehr frei zu &auml;u&szlig;ern. F&uuml;r ein Land, in dem die freie Meinungs&auml;u&szlig;erung im Grundgesetz verankert ist, sind diese Zahlen niederschmetternd. Auf dem Festival der Meinungsfreiheit des BSW in Magdeburg bat <strong>Holger Gro&szlig;<\/strong> f&uuml;r die <em>NachDenkSeiten<\/em> einige der<\/p>\n<div class=\"readMore\"><a class=\"moretag\" href=\"https:\/\/www.nachdenkseiten.de\/?p=155851\">Weiterlesen<\/a><\/div>\n","protected":false},"author":11,"featured_media":155852,"comment_status":"closed","ping_status":"closed","sticky":false,"template":"","format":"standard","meta":{"spay_email":"","footnotes":""},"categories":[3444,123,211],"tags":[3041,901,418,3204,1869,3490,3582,1865,2058,1019,968],"class_list":["post-155851","post","type-post","status-publish","format-standard","has-post-thumbnail","hentry","category-bsw","category-kampagnentarnworteneusprech","category-veranstaltungshinweiseveranstaltungen","tag-cancel-culture","tag-geheimdienste","tag-grundgesetz","tag-guerot-ulrike","tag-haering-norbert","tag-homburg-stefan","tag-lausen-tom","tag-meinungsfreiheit","tag-militaerisch-industrieller-komplex","tag-wirtschaftssanktionen","tag-wissenschaftsfreiheit"],"jetpack_featured_media_url":"https:\/\/www.nachdenkseiten.de\/wp-content\/uploads\/2026\/09\/260902-Meinungsfreiheit-Festival-Magdeburg-Titelbild.jpg","_links":{"self":[{"href":"https:\/\/www.nachdenkseiten.de\/index.php?rest_route=\/wp\/v2\/posts\/155851","targetHints":{"allow":["GET"]}}],"collection":[{"href":"https:\/\/www.nachdenkseiten.de\/index.php?rest_route=\/wp\/v2\/posts"}],"about":[{"href":"https:\/\/www.nachdenkseiten.de\/index.php?rest_route=\/wp\/v2\/types\/post"}],"author":[{"embeddable":true,"href":"https:\/\/www.nachdenkseiten.de\/index.php?rest_route=\/wp\/v2\/users\/11"}],"replies":[{"embeddable":true,"href":"https:\/\/www.nachdenkseiten.de\/index.php?rest_route=%2Fwp%2Fv2%2Fcomments&post=155851"}],"version-history":[{"count":7,"href":"https:\/\/www.nachdenkseiten.de\/index.php?rest_route=\/wp\/v2\/posts\/155851\/revisions"}],"predecessor-version":[{"id":155868,"href":"https:\/\/www.nachdenkseiten.de\/index.php?rest_route=\/wp\/v2\/posts\/155851\/revisions\/155868"}],"wp:featuredmedia":[{"embeddable":true,"href":"https:\/\/www.nachdenkseiten.de\/index.php?rest_route=\/wp\/v2\/media\/155852"}],"wp:attachment":[{"href":"https:\/\/www.nachdenkseiten.de\/index.php?rest_route=%2Fwp%2Fv2%2Fmedia&parent=155851"}],"wp:term":[{"taxonomy":"category","embeddable":true,"href":"https:\/\/www.nachdenkseiten.de\/index.php?rest_route=%2Fwp%2Fv2%2Fcategories&post=155851"},{"taxonomy":"post_tag","embeddable":true,"href":"https:\/\/www.nachdenkseiten.de\/index.php?rest_route=%2Fwp%2Fv2%2Ftags&post=155851"}],"curies":[{"name":"wp","href":"https:\/\/api.w.org\/{rel}","templated":true}]}}