{"id":1622,"date":"2006-08-18T17:29:24","date_gmt":"2006-08-18T15:29:24","guid":{"rendered":"http:\/\/www.nachdenkseiten.de\/v2\/?p=1622"},"modified":"2016-01-30T10:30:00","modified_gmt":"2016-01-30T09:30:00","slug":"mittelmas-regiert-uns-eine-geistig-beschrankte-ideologie-beherrscht-die-offentliche-debatte","status":"publish","type":"post","link":"https:\/\/www.nachdenkseiten.de\/?p=1622","title":{"rendered":"Mittelma\u00df regiert uns, eine geistig beschr\u00e4nkte Ideologie beherrscht die \u00f6ffentliche Debatte."},"content":{"rendered":"<p>Wir haben einen Finanzminister, der offenbar keine Ahnung von gesamtwirtschaftlichen Zusammenh&auml;ngen und obendrein Wahrnehmungsst&ouml;rungen hat. Er k&ouml;nnte n&auml;mlich den Deutschen nicht empfehlen zu sparen, noch dazu beim Urlaub, wenn er begriffen h&auml;tte, dass das Hauptproblem unserer Volkswirtschaft die schwache Binnenkonjunktur ist.<br>\nWir haben eine Bundesregierung, die den minimalen Aufschwung dieses Jahres mit einer dreiprozentige Mehrwertsteuererh&ouml;hung zu erdrosseln droht.<br>\nWir haben eine F&uuml;hrungselite, die Studien braucht, um zu erkennen, dass Arbeitslosigkeit und wirtschaftliche Perspektivlosigkeit seelisch krankmachen. An diesem Beispiel kann man gut erkennen, wie eng der Horizont der herrschenden Ideologie ist.<br>\n<!--more--><\/p><ol>\n<li><strong>Zu Steinbr&uuml;ck, etc.:<\/strong><br>\nDas bisschen Wachstum, dass wir zur Zeit beobachten k&ouml;nnen, ist nach allgemeiner Einsch&auml;tzung ganz wesentlich vom Export bestimmt. An Binnennachfrage fehlt es. Effektiv sind weit &uuml;ber 5 Millionen Menschen arbeitslos, die f&uuml;r den Binnenmarkt arbeitende Wirtschaft arbeitet weit unterhalb ihrer Kapazit&auml;ten. Am besten kann man das bei den Branchen studieren, denen unser Bundesfinanzminister eine weitere Schrumpfung verordnen will: bei Hotels und Gastst&auml;tten, in den Urlaubsregionen. Wenn die Deutschen den Rat des Bundesfinanzministers befolgen w&uuml;rden, dann w&auml;ren weitere Existenzen gef&auml;hrdet. Einmal abgesehen davon, dass jene knapp 40%, die sich Urlaub gar nicht leisten k&ouml;nnen, den Rat nicht befolgen k&ouml;nnen.<br>\nAuch dann, wenn die Urlaubenden auf Ferien im Ausland verzichten w&uuml;rden, w&uuml;rde das allen Notwendigkeiten widersprechen. Unsere Partner in vielen Urlaubsl&auml;ndern, also in Italien, Frankreich, Spanien zum Beispiel, leiden unter der Wettbewerbst&auml;rke der deutschen Exportwirtschaft. Deutsche Urlauber in diesen L&auml;ndern leisten einen kleinen Ausgleich f&uuml;r die defizit&auml;re Leistungsbilanz dieser L&auml;nder. Sie leisten damit auch einen kleinen Beitrag zur Stabilisierung der Eurozone. Der f&uuml;r die Stabilit&auml;t dieser W&auml;hrungsunion mitverantwortliche Bundesfinanzminister h&auml;lt dagegen. Grotesk.<br>\n&Uuml;brigens gibt es auch einen engen Zusammenhang zwischen guter Konjunktur und Steuereinnahmen: Wenn der Bundesfinanzminister wirklich Schulden abbauen wollte, dann m&uuml;sste er alles tun, um die Binnenkonjunktur zu beleben, denn nur dann flie&szlig;en die Steuern. Seine Spr&uuml;che bewirken das Gegenteil.<br>\nDies alles begreift unser oberster Finanzminister nicht.<br>\nOder: Seine PR-Berater haben ihm geraten, Bescheidenheit und Einschnitte und Selbstkasteiung zu predigen, weil das popul&auml;r ist, vor allem wenn es die andern betrifft. Zu predigen, wir lebten &uuml;ber unsere Verh&auml;ltnisse, das war schon immer eine g&auml;ngige M&uuml;nze.<br>\nOder: Es k&ouml;nnte Steinbr&uuml;ck um die Bedienung jener Interessen gehen, derentwegen wir sparen sollen: Privatvorsorge f&uuml;r Krankheit und Alter.<br>\nDas ist die alte Frage, angewandt auf Steinbr&uuml;ck: dumm oder korrupt?<br>\nIch neige im konkreten Fall zum Ersteren. Steinbr&uuml;ck hat vermutlich nicht begriffen, dass wir mit der Drosselung der Konjunktur seit Anfang der neunziger Jahre inzwischen jedes Jahr rund 700 Milliarden &euro;, also fast 1\/3 unseres Bruttoinlandsproduktes verlieren. Der Verzicht, unter dem vor allem die Arbeitslosen, die auf den Binnenmarkt orientierten Unternehmen und die &ouml;ffentlichen Haushalte leiden, ist hausgemacht. Der Bundesfinanzminister ist daf&uuml;r zust&auml;ndig und verantwortlich.<\/li>\n<li><strong>Zu den Folgen der hohen Arbeitslosigkeit:<\/strong><br>\nAls um den 12. und 13. August herum Informationen &uuml;ber eine Studie der Universit&auml;t Leipzig bekannt wurden, wonach Arbeitslosigkeit ein gro&szlig;er Risikofaktor f&uuml;r Leben und Gesundheit sei und sich der Gesundheitszustand mit Verlust des Arbeitsplatzes nach statistischen Erhebungen betr&auml;chtlich verschlechtere, nahmen das einige Medien mit Erstaunen auf. (Zu den Meldungen siehe z.B. RP-Online: <a href=\"http:\/\/www.rp-online.de\/public\/article\/nachrichten\/wissenschaft\/medizin\/347099\" title=\"Externer Link zu http:\/\/www.rp-online.de\/public\/article\/nachrichten\/wissenschaft\/medizin\/347099\">&bdquo;Arbeitslose sterben fr&uuml;her&ldquo;<\/a>)<br>\nWer auch nur ein bisschen nachdenkt, kann sich die Folgen auch ausdenken. Siehe dazu auch Kapitel IV <a href=\"?page_id=1082\">&bdquo;Die Totengr&auml;ber und ihre Leichen&ldquo;<\/a> in &bdquo;Machtwahn&ldquo;. Dort habe ich ausf&uuml;hrlich beschrieben, welche Folgen hohe Arbeitslosigkeit, die Spaltung unserer Gesellschaft, die Angst, die erzwungene Mobilit&auml;t und Heimatlosigkeit f&uuml;r die k&ouml;rperliche und seelische Gesundheit der Betroffenen hat und haben wird. Die herrschende wirtschaftspolitische Ideologie bedenkt diese Folgen nicht. Sie denkt engstirnig betriebswirtschaftlich. Engstirnig muss man dies deshalb nennen, weil man, wenn man unbedingt will, die gesundheitlichen Folgen auch in Euro umrechnen kann.<br>\nZur Illustration der Symptome und Folgen f&uuml;ge ich noch zwei Hinweise auf einschl&auml;gige Artikel an. So berichtete die Aachener Zeitung unter der &Uuml;berschrift <a href=\"http:\/\/www.aachener-zeitung.de\/sixcms\/detail.php?id=754142&amp;_wo=Lokales:Aachen&amp;_wobild=menue_lokales.gif&amp;template=detail_standard\" title=\"Externer Link zu http:\/\/www.aachener-zeitung.de\/sixcms\/detail.php?id=754142&amp;_wo=Lokales:Aachen&amp;_wobild=menue_lokales.gif&amp;template=detail_standard\">&bdquo;Caritas: Lawine der Armut &uuml;berrollt Aachen&ldquo;<\/a>: Kein Job, kein Geld, kein Strom, kein Essen: Immer mehr Aachener leben in gr&ouml;&szlig;ter sozialer Not. Die Mitarbeiter der Caritas opferten sich auf. Doch die Arbeit sei nicht mehr zu bew&auml;ltigen. Die Berliner Zeitung berichtete am 16.8. unter der &Uuml;berschrift <a href=\"http:\/\/www.berlinonline.de\/.bin\/_print.php\/berliner-zeitung\/print\/seite_3\/577611.html\" title=\"Externer Link zu http:\/\/www.berlinonline.de\/.bin\/_print.php\/berliner-zeitung\/print\/seite_3\/577611.html\">&bdquo;Die Vertriebenen&ldquo;<\/a> dar&uuml;ber, dass die ersten Hartz-IV-Empf&auml;nger umziehen m&uuml;ssen, weil ihre Wohnungen zu teuer sind:\n<p>Die Folgen der damit h&auml;ufig verbundenen Entwurzelung und der Aufl&ouml;sung bisheriger sozialer Beziehungen werden von den neoliberalen Reformern genauso wenig bedacht wie die langfristige Wirkung von Armut auf die betroffenen Erwachsenen und Kinder.<br>\nIn einem Interview mit der Manager Magazin (Heft 7\/2006) hat der McKinsey-Weltchef Ian Davis den g&auml;ngigen Spruch abgesondert: &bdquo;Was gut ist f&uuml;r die Wirtschaft, ist gut f&uuml;r die Gesellschaft&ldquo;. Solche Spr&uuml;che kennzeichnen die Enge des Denkens der herrschenden F&uuml;hrungskr&auml;fte. In ihrem betriebswirtschaftlich angelegten Weltbild kommen die Folgen ihrer Art zu wirtschaften und zu reformieren nicht vor.<br>\nDie National&ouml;konomie war schon einmal viel weiter. In den &Uuml;berlegungen der so genannten WelfareEconomics, spielten die so genannten externen Effekte des Wirtschaftens eine bedeutsame Rolle. Man war sich einig, dass man solche Effekte internalisieren m&uuml;sste, wenn man eine aussagekr&auml;ftige volkswirtschaftliche Rechnung anstellen will. Aber diese Zeit umsichtiger &ouml;konomischer Erw&auml;gungen ist lange vorbei. Eng denkende Betriebswirte haben heute das Sagen &ndash; bis weit hinein in Politik und Medien. Ich nenne das Regression.<\/p><\/li>\n<\/ol>\n","protected":false},"excerpt":{"rendered":"<p>Wir haben einen Finanzminister, der offenbar keine Ahnung von gesamtwirtschaftlichen Zusammenh&auml;ngen und obendrein Wahrnehmungsst&ouml;rungen hat. Er k&ouml;nnte n&auml;mlich den Deutschen nicht empfehlen zu sparen, noch dazu beim Urlaub, wenn er begriffen h&auml;tte, dass das Hauptproblem unserer Volkswirtschaft die schwache Binnenkonjunktur ist.<br \/> Wir haben eine Bundesregierung, die den minimalen Aufschwung dieses Jahres mit einer dreiprozentige Mehrwertsteuererh&ouml;hung<\/p>\n<div class=\"readMore\"><a class=\"moretag\" href=\"https:\/\/www.nachdenkseiten.de\/?p=1622\">Weiterlesen<\/a><\/div>\n","protected":false},"author":2,"featured_media":0,"comment_status":"closed","ping_status":"open","sticky":false,"template":"","format":"standard","meta":{"spay_email":"","footnotes":""},"categories":[147,198,30],"tags":[290,499,253],"class_list":["post-1622","post","type-post","status-publish","format-standard","hentry","category-arbeitslosgigkeit","category-einzelne-politiker-personen-der-zeitgeschichte","category-wirtschaftspoliik-und-konjunktur","tag-binnennachfrage","tag-handelsbilanz","tag-steinbrueck-peer"],"jetpack_featured_media_url":"","_links":{"self":[{"href":"https:\/\/www.nachdenkseiten.de\/index.php?rest_route=\/wp\/v2\/posts\/1622","targetHints":{"allow":["GET"]}}],"collection":[{"href":"https:\/\/www.nachdenkseiten.de\/index.php?rest_route=\/wp\/v2\/posts"}],"about":[{"href":"https:\/\/www.nachdenkseiten.de\/index.php?rest_route=\/wp\/v2\/types\/post"}],"author":[{"embeddable":true,"href":"https:\/\/www.nachdenkseiten.de\/index.php?rest_route=\/wp\/v2\/users\/2"}],"replies":[{"embeddable":true,"href":"https:\/\/www.nachdenkseiten.de\/index.php?rest_route=%2Fwp%2Fv2%2Fcomments&post=1622"}],"version-history":[{"count":1,"href":"https:\/\/www.nachdenkseiten.de\/index.php?rest_route=\/wp\/v2\/posts\/1622\/revisions"}],"predecessor-version":[{"id":30701,"href":"https:\/\/www.nachdenkseiten.de\/index.php?rest_route=\/wp\/v2\/posts\/1622\/revisions\/30701"}],"wp:attachment":[{"href":"https:\/\/www.nachdenkseiten.de\/index.php?rest_route=%2Fwp%2Fv2%2Fmedia&parent=1622"}],"wp:term":[{"taxonomy":"category","embeddable":true,"href":"https:\/\/www.nachdenkseiten.de\/index.php?rest_route=%2Fwp%2Fv2%2Fcategories&post=1622"},{"taxonomy":"post_tag","embeddable":true,"href":"https:\/\/www.nachdenkseiten.de\/index.php?rest_route=%2Fwp%2Fv2%2Ftags&post=1622"}],"curies":[{"name":"wp","href":"https:\/\/api.w.org\/{rel}","templated":true}]}}