{"id":1914,"date":"2006-12-04T07:50:16","date_gmt":"2006-12-04T06:50:16","guid":{"rendered":"http:\/\/www.nachdenkseiten.de\/?p=1914"},"modified":"2016-01-21T11:17:53","modified_gmt":"2016-01-21T10:17:53","slug":"arbeitgeber-verliesen-die-mitbestimmungskommission-ohne-abschaffung-der-paritatischen-mitbestimmung-erubrigt-sich-fur-sie-jede-weitere-reformdebatte","status":"publish","type":"post","link":"https:\/\/www.nachdenkseiten.de\/?p=1914","title":{"rendered":"Arbeitgeber verlie\u00dfen die Mitbestimmungskommission: Ohne Abschaffung der parit\u00e4tischen Mitbestimmung er\u00fcbrigt sich f\u00fcr sie jede weitere Reformdebatte."},"content":{"rendered":"<p>Michael Schumann vom Soziologischen Forschungsinstitut (SOFI) berichtet auf dem Symposium &bdquo;Mehr Demokratie wagen?&ldquo; am 29.11.06 im Willy Brandt-Haus in Berlin &uuml;ber den Stand der Beratungen und  die Kontroversen zwischen Arbeitgebern, Gewerkschaften und den wissenschaftlichen Vertretern in der sog. Biedenkopf-Kommission. Wolfgang Lieb.<br>\n<!--more--><br>\nNach der Politik des leeren Stuhls von Arbeitgeberpr&auml;sident Hundt und BDI-Chef Thumann wird die Wissenschaftsseite im Dezember einen Bericht vorlegen, zu dem Arbeitgeber und Gewerkschaften Stellung nehmen werden.<\/p><p>Der noch vorl&auml;ufige Bericht der Vertreter der Wissenschaft enth&auml;lt folgende Elemente:<\/p><ul>\n<li>Die Kommission &bdquo;sieht keinen Grund, der Bundesregierung eine grunds&auml;tzliche Revision der deutschen Unternehmensmitbestimmung vorzuschlagen&ldquo;. Was sie empfiehlt, ist eine &bdquo;behutsame&ldquo; Weiterentwicklung des deutschen Mitbestimmungsmodells, um dieses &bdquo;zukunftsf&auml;hig zu machen&ldquo;.<\/li>\n<li>Der Forschungsstand ergebe jedenfalls insgesamt keinen Nachweis negativer wirtschaftlicher Wirkungen der Unternehmensmitbestimmung. Entsprechend seien auch bei Vorst&auml;nden und Aufsichtsr&auml;ten keine grunds&auml;tzliche Ablehnung der Unter-nehmensmitbestimmung zu erkennen oder gar der &uuml;berwiegende Wunsch, sie abgeschafft zu sehen.<\/li>\n<li>Es gebe keine Anhaltspunkte daf&uuml;r, &bdquo;dass bestehende Schw&auml;chen deutscher Unternehmen oder der deutschen Wirtschaftsstruktur, welcher Art auch immer, &uuml;berwiegend oder auch nur in relevantem Ausma&szlig; auf die Institutionen der Unternehmensmitbestimmung zur&uuml;ckzuf&uuml;hren seien oder dass grundlegende &Auml;nderungen an der deutschen Unternehmensverfassung erforderlich w&auml;ren, um die internationale Wettbewerbsf&auml;higkeit der deutschen Unternehmen zu erhalten oder zu verbessern&ldquo;.<\/li>\n<li>Es gebe keine Belege daf&uuml;r, dass mitbestimmte deutsche Unternehmen in internationalen Kapitalm&auml;rkten einen &bdquo;Mitbestimmungsabschlag&ldquo; hinnehmen m&uuml;ssten. &bdquo;Investoren orientieren sich an fundamentalen Werten wie Profitabilit&auml;t und strategischer Positionierung eines Unternehmens, nicht an seiner Unternehmensverfassung.&ldquo;<\/li>\n<li>Die deutsche Unternehmensmitbestimmung habe &bdquo;auch angesichts der bisher vollzogenen Europ&auml;isierung des Unternehmensrechts sowie unter den Bedingungen immer st&auml;rkerer internationalisierter M&auml;rkte und Unternehmensstrukturen Bestand&ldquo;. Die statthabenden Ver&auml;nderungen erg&auml;ben keinen Anlass, das Modell der Unternehmensmitbestimmung nach dem Mitbestimmungsgesetz in Frage zu stellen, sondern legten nur verschiedene &Auml;nderungsma&szlig;nahmen nahe.<\/li>\n<\/ul><p>Teilen des Arbeitgeberlagers gehe es um mehr als um die Ablehnung der geltenden Mitbestimmung. Betrieben werde ein Paradigmenwechsel in der deutschen Unternehmensf&uuml;hrung, also in der Corperate Governance. Die mitbestimmungsgest&uuml;tzte Konsenspolitik solle abgel&ouml;st werden durch ein konsequent am Shareholder Value aus-gerichtetes neues Konzept der Unternehmenspolitik. Begr&uuml;ndet werde dieser Wandel mit welt-weit ver&auml;nderten &ouml;konomischen Rahmenbedingungen und Herausforderungen. Orientiert am amerikanischen Shareholder-Kapitalismus und einem immer m&auml;chtiger werdenden internationalen Finanzmarktsystem gehe es um eine Politik, die allein noch die Erzielung einer m&ouml;glichst hohen Kapitalrendite und schnelle Gewinne im Auge hat &ndash; auch auf Kosten von an Nachhaltigkeit und Effizienz orientierten Perspektiven. <\/p><p>Michael Schumann sieht unterhalb der Grundfestlegung des Erhalts der parit&auml;tischen Mitbestimmung Anpassungsbedarf an die Europ&auml;isierung und Internationalisierung der Unternehmen.<br>\nEr pl&auml;diert vor dem Hintergrund der pers&ouml;nlichen Verfehlungen bei VW f&uuml;r mehr Kontrolle und Transparenz bei der Mitbestimmung.<br>\nDas Rollenverst&auml;ndnis der der Betriebsr&auml;te m&uuml;sse neu gesch&auml;rft werden. Es spricht sich gegen einen Sonderstatus (etwa in Form einer Gleichstellung der Verg&uuml;tung mit Vorstandsmitgliedern) aus. Die aktive Mitwirkung am Unternehmergesch&auml;ft d&uuml;rfe nicht zu einer Entfernung vom eigenen Klientel f&uuml;hren.<br>\nSoziale Zugewinne d&uuml;rften zwar nicht auf Kosten der Wettbewerbsf&auml;higkeit des Unternehmens gehen, aber die besondere Aufgabe der Arbeitnehmervertreter best&uuml;nde darin f&uuml;r die Kompatibilit&auml;t der betrieblichen Ma&szlig;nahmen mit den Besch&auml;ftigteninteressen Sorge zu tragen.<br>\nEs sei heute mehr denn je Aufgabe der Arbeitnehmervertreter, in den Unternehmen einen neuen zukunftsweisenden Umgang mit der Ressource Mensch durchzusetzen.<br>\nEs gehe um eine innovative Arbeitspolitik f&uuml;r mitdenkende und mitentscheidende Besch&auml;ftigte, die m&ouml;glichst flexibel, kreativ, selbstst&auml;ndig und selbstverantwortlich agieren. Dieser Typus von Arbeitspolitik f&ouml;rdere und erm&ouml;gliche oft erst erfolgreiche Produkt- und Prozessinnovationen, hohe Qualit&auml;ts- und Flexibilit&auml;tsstandards, Geschwindigkeit, Verl&auml;sslichkeit, Reaktionsf&auml;higkeit sowie Ressourcen schonende Prozesse.<br>\nEs gehe um mehr Selbstvertretung, mehr &bdquo;Mitbestimmung am Arbeitsplatz&ldquo; sei die neue Forderung &ndash; an den Betrieb wie an die eigene Interessenvertretung. Darin liege die Chance und auch das Risiko solcher innovativen Arbeitspolitik: eine selbstbewusstere, kritischere, handlungsf&auml;higere Belegschaft. <\/p>\n","protected":false},"excerpt":{"rendered":"<p>Michael Schumann vom Soziologischen Forschungsinstitut (SOFI) berichtet auf dem Symposium &bdquo;Mehr Demokratie wagen?&ldquo; am 29.11.06 im Willy Brandt-Haus in Berlin &uuml;ber den Stand der Beratungen und die Kontroversen zwischen Arbeitgebern, Gewerkschaften und den wissenschaftlichen Vertretern in der sog. Biedenkopf-Kommission. Wolfgang Lieb.<\/p>\n","protected":false},"author":3,"featured_media":0,"comment_status":"closed","ping_status":"open","sticky":false,"template":"","format":"standard","meta":{"spay_email":"","footnotes":""},"categories":[141,157],"tags":[1020],"class_list":["post-1914","post","type-post","status-publish","format-standard","hentry","category-arbeitsmarkt-und-arbeitsmarktpolitik","category-wettbewerbsfaehigkeit","tag-betriebsraete"],"jetpack_featured_media_url":"","_links":{"self":[{"href":"https:\/\/www.nachdenkseiten.de\/index.php?rest_route=\/wp\/v2\/posts\/1914","targetHints":{"allow":["GET"]}}],"collection":[{"href":"https:\/\/www.nachdenkseiten.de\/index.php?rest_route=\/wp\/v2\/posts"}],"about":[{"href":"https:\/\/www.nachdenkseiten.de\/index.php?rest_route=\/wp\/v2\/types\/post"}],"author":[{"embeddable":true,"href":"https:\/\/www.nachdenkseiten.de\/index.php?rest_route=\/wp\/v2\/users\/3"}],"replies":[{"embeddable":true,"href":"https:\/\/www.nachdenkseiten.de\/index.php?rest_route=%2Fwp%2Fv2%2Fcomments&post=1914"}],"version-history":[{"count":1,"href":"https:\/\/www.nachdenkseiten.de\/index.php?rest_route=\/wp\/v2\/posts\/1914\/revisions"}],"predecessor-version":[{"id":30420,"href":"https:\/\/www.nachdenkseiten.de\/index.php?rest_route=\/wp\/v2\/posts\/1914\/revisions\/30420"}],"wp:attachment":[{"href":"https:\/\/www.nachdenkseiten.de\/index.php?rest_route=%2Fwp%2Fv2%2Fmedia&parent=1914"}],"wp:term":[{"taxonomy":"category","embeddable":true,"href":"https:\/\/www.nachdenkseiten.de\/index.php?rest_route=%2Fwp%2Fv2%2Fcategories&post=1914"},{"taxonomy":"post_tag","embeddable":true,"href":"https:\/\/www.nachdenkseiten.de\/index.php?rest_route=%2Fwp%2Fv2%2Ftags&post=1914"}],"curies":[{"name":"wp","href":"https:\/\/api.w.org\/{rel}","templated":true}]}}