{"id":2156,"date":"2007-03-05T15:01:18","date_gmt":"2007-03-05T14:01:18","guid":{"rendered":"http:\/\/www.nachdenkseiten.de\/?p=2156"},"modified":"2016-01-10T16:02:51","modified_gmt":"2016-01-10T15:02:51","slug":"aufbau-einer-gegenoffentlichkeit-einige-themen-fur-das-gesprach-in-kleinen-nachdenkkreisen","status":"publish","type":"post","link":"https:\/\/www.nachdenkseiten.de\/?p=2156","title":{"rendered":"Aufbau einer Gegen\u00f6ffentlichkeit: einige Themen f\u00fcr das Gespr\u00e4ch in Kleinen NachDenkKreisen"},"content":{"rendered":"<p>In Gespr&auml;chen im Anschluss an Buchlesungen wird immer wieder die Frage gestellt, was man gegen die Vorherrschaft des Meinungs-Mainstreams und  f&uuml;r den Aufbau einer Gegen&ouml;ffentlichkeit praktisch tun k&ouml;nne. Ich komme dazu <a href=\"?p=2016\">auf einen Vorschlag im Tagebucheintrag vom 15. Januar zur&uuml;ck<\/a> und zitiere einen NachDenkSeiten-Nutzer: &bdquo;In privater Runde habeich einen &ldquo;ArbeitsKreis Nachdenken&rdquo; (AKN) mit sechs Mittdrei&szlig;igern und zwei Sch&uuml;lern gegr&uuml;ndet, der sich mit politischen Themen kritisch befasst.&ldquo;<br>\nDer Vorschlag, mit Nachbarn, Freunden und Kolleginnen\/en Zirkel zu bilden, die sich regelm&auml;&szlig;ig zum Gespr&auml;ch treffen, findet erkennbar Resonanz.  Es macht durchaus Sinn und kann sogar Spa&szlig; machen, gemeinsam hinter die Kulissen zu schauen, wichtige aktuelle Fragen zu debattieren und vor allem auch Manipulationsvorg&auml;nge gemeinsam zu beobachten. Und vielleicht sogar gemeinsam aktiv zu werden. Es geschieht n&auml;mlich auch im lokalen Bereich viel Unglaubliches, was der Beobachtung und des Widerspruchs bed&uuml;rfte.&ldquo;<br>\nDazu  will ich heute f&uuml;nf thematische Anregungen mit dem Schwerpunkt Privatisierungen geben und dazu Material anbieten beziehungsweise auf solches hinweisen. Zugleich mache ich auf unsere Suchfunktion aufmerksam. Dort k&ouml;nnen Sie zu vielen anderen Themen nach Informationen suchen. Meist mit Erfolg, so erfahren wir es und so hoffen wir es auch f&uuml;r Sie.<br>\n<!--more--><\/p><ol>\n<li><strong>Die Wirkung der Kommerzialisierung des Fernsehens, der Programmvermehrung und der totalen elektronischen Kommunikation<\/strong><br>\nGerade in den letzten Tagen sind mehrere Meldungen und Artikel erschienen, die viel Gespr&auml;chsstoff bieten: ich verweise auf einen <a href=\"http:\/\/www.stern.de\/politik\/deutschland\/:Sexuelle-Verwahrlosung-Voll-Porno!\/581936.html?nv=ct_cb\" title=\"Externer Link zu http:\/\/www.stern.de\/politik\/deutschland\/:Sexuelle-Verwahrlosung-Voll-Porno!\/581936.html?nv=ct_cb\">Beitrag im Stern unter dem Titel &bdquo;Sexuelle Verwahrlosung. Voll Porno!&ldquo;<\/a> , einen <a href=\"?p=266\">Beitrag in der NachDenkSeiten<\/a> und auf den <a href=\"http:\/\/www.welt.de\/data\/2007\/02\/19\/1218888.html\" title=\"Externer Link zu http:\/\/www.welt.de\/data\/2007\/02\/19\/1218888.html\">Bericht der &bdquo;Welt&ldquo; <\/a>auf eine britische Studie, die in der Fachzeitschrift &bdquo;Biologist&ldquo; ver&ouml;ffentlicht wurde. Dort hei&szlig;t es: \n<blockquote><p>Der Studie zufolge haben Sechsj&auml;hrige in Gro&szlig;britannien im Durchschnitt bereits ein Jahr ihres Lebens vor dem Fernseher verbracht. Mehr als die H&auml;lfte der Dreij&auml;hrigen habe ein eigenes TV-Ger&auml;t im Kinderzimmer. Die Autoren raten dazu, die Reduzierung des Fernsehkonsum zu den vorrangigen Themen der Gesundheitspolitik zu erkl&auml;ren.<\/p><\/blockquote>\n<p>Zu dem Gesamtkomplex noch folgende Anmerkungen:<\/p>\n<ul>\n<li>Die Kommerzialisierung des Fernsehens hat unsre Welt um vieles mehr ver&auml;ndert als z.B. der viel diskutierte demographische Wandel. Untersuchungen zum Bildungsstand, wie etwa die PISA-Studien, die diese Ver&auml;nderungen nicht richtig einbeziehen, sind vergleichsweise belanglos.<\/li>\n<li>Bildungspolitik m&uuml;sste sich zentral um dieses Thema k&uuml;mmern. Sie tut es nicht, weil sie mit den eigentlichen Profiteuren der Kommerzialisierung verbandelt ist. (Siehe z.B. Bertelsmann, der Konzern betreibt europaweit Fernsehsener, die nach eigenen Angaben t&auml;glich 170 Millionen Menschen erreichen und auf der anderen Seite macht die Bertelsmann Stiftung eine ganze Reihe von Schulprojekten.)<\/li>\n<li>Die eigentlichen Profiteure der Kommerzialisierung waren der Bertelsmann-Konzern mit der RTL-Gruppe und (bis zum Ende seiner Herrschaft &uuml;ber seine Sendergruppe) Leo Kirch mit Sat1 und ProSieben. Die Bertelsmann Unternehmen und die  Bertelsmann Stiftung nutzen die Gewinne aus der Zerst&ouml;rung wichtiger kultureller und aufkl&auml;rerischer Qualit&auml;ten unserer Gesellschaft, um ihren ohnehin schon &uuml;berm&auml;chtigen Einfluss auf Staat und Gesellschaft weiter auszudehnen. <\/li>\n<li>Die Kommerzialisierung und Programmvermehrung kam in Deutschland nicht von alleine. Die Regierung Kohl hat das Gesch&auml;ft der Medienprofiteure mit Milliarden &ouml;ffentlichen Geldes und entsprechenden politischen Entscheidungen betrieben. Damals war die Rede davon, es seien allein 10 Mrd. Mark vom Bund f&uuml;r die Verkabelung ausgegeben worden, dazu kamen direkte und indirekte Kosten f&uuml;r Satelliten, f&uuml;r die Werbung f&uuml;r das Kabelfernsehen auf vermutlich allen Autos der Bundespost, etc.. &ndash; Wie sich der davon Profitierende Leo Kirch bei Kohl und  anderen Politikern daf&uuml;r bedankt hat, habe ich in Machtwahn beschrieben. Siehe Seite 277. Kurt Beck hat die Zahlungen und Hintergr&uuml;nde erstaunlich pr&auml;gnant beschrieben: &bdquo;Niemand zahlt 800.000 Mark oder 300.000 DM, dazwischen lagen ja wohl die Vertr&auml;ge, f&uuml;r nichts. Das kann ich mir nicht vorstellen. Da muss es also Interessen gegeben haben, die verflochten worden sind.&ldquo; Solche Betr&auml;ge flossen nicht nur einmal sondern &uuml;ber mehrere Jahre.<\/li>\n<\/ul>\n<\/li>\n<li><strong>PPP und sonstige Privatisierung<\/strong>\n<p>&Ouml;ffentlich Private Partnerschaft (&Ouml;PP oder PPP) und die volle Privatisierung ist inzwischen das lukrative Gesch&auml;ftsfeld von Banken und anderen Beratungsunternehmen, von ehemaligen und aktiven Politikern und den kaufenden Investoren geworden. &Ouml;ffentliche Unternehmen und Einrichtungen vor allem in den Kommunen und L&auml;ndern sollen vermehrt privatisiert oder teilprivatisiert werden &ndash; oft unter Wert und verbunden mit hohen Gewinnen bei den Bef&uuml;rwortern der Privatisierung. Das dicke Ende f&uuml;r die B&uuml;rgerinnen und B&uuml;rger, die Erh&ouml;hung von Geb&uuml;hren oder Mieten, folgt meist auf dem Fu&szlig;e.<br>\nDieses Thema ist dann f&uuml;r Sie von besonderer Relevanz, wenn in Ihrer Kommune ein &Ouml;PP-Projekt ansteht.<br>\nIn unserer Rubrik <a href=\"?cat=28\">Sachfragen\/Privatisierung<\/a> finden Sie eine F&uuml;lle von Material. Wir erg&auml;nzen laufend. Auch bei den Hinweisen des Tages finden sich h&auml;ufig Informationen &uuml;ber konkrete Privatisierungsvorg&auml;nge.<\/p><\/li>\n<li>\n<strong>Weitere Privatisierung der Bahn\/B&ouml;rsengang<\/strong>\n<p>Es steht uns hier die gr&ouml;&szlig;te Verschleuderung &ouml;ffentlichen Verm&ouml;gens ins Haus. Sie wird noch dazu verkehrspolitisch keineswegs hilfreich und &ouml;kologisch sch&auml;dlich sein.<br>\nEs liegt jetzt ein erster Entwurf f&uuml;r ein Gesetz zur Bahnprivatisierung vor. In der n&auml;chsten Zeit stehen wichtige Entscheidungen an. Unter anderem in den Regierungsfraktionen. Es w&auml;re ein Versuch Ihrer neu zu bildenden Kreise wert, Ihre Abgeordneten zu veranlassen, wenigstens Position zu beziehen. Auchin der SPD-Fraktion gibt es noch Widerstand gegen den B&ouml;rsengang.<br>\nUnter dem Namen <a href=\"http:\/\/www.bahn-fuer-alle.de\/\" title=\"Externer Link zu http:\/\/www.bahn-fuer-alle.de\/\">&bdquo;Bahn f&uuml;r alle&ldquo;<\/a> haben sich wichtige Gruppen zusammengetan. Dort finden Sie weitere Informationen.<br>\nHier zun&auml;chst eine Zusammenstellung zur ersten &Uuml;bersicht:<\/p>\n<ul>\n<li><a href=\"upload\/pdf\/Kommentar_Entwurf-Bahnpriv-Ges_07-02-07_lang.pdf\">Kommentar Entwurf Bahnprivatisierungsgesetz [PDF  &ndash; 228 KB]<\/a><\/li>\n<li><a href=\"upload\/pdf\/Bahn-Fakten-7.pdf\">Bahnfakten 7 [PDF &ndash; 432 KB]<\/a><\/li>\n<li><strong>Bahnprivatisierung &ndash; eine ebenso elende wie endlose Story?<\/strong><br>\nWinfried Wolf<br>\nQuelle: <a href=\"http:\/\/www.jungewelt.de\/2007\/02-15\/022.php?print=1\">junge Welt<\/a><\/li>\n<li><strong>Verlottertes Netz<\/strong><br>\nAuf dem Weg an die B&ouml;rse spart die Bahn bei den Reparaturkosten, bem&auml;ngelt der Bundesrechnungshof<br>\nQuelle: <a href=\"http:\/\/archiv.tagesspiegel.de\/drucken.php?link=archiv\/21.02.2007\/3096979.asp\">Tagesspiegel<\/a><\/li>\n<\/ul>\n<\/li>\n<li><strong>Der Zugriff privater Interessen auf unsere Hochschulen<\/strong>\n<p>In <a href=\"?p=2115\">Wolfgang Liebs Beitrag vom 14. Februar<\/a> wurden Sie &uuml;ber die angeblich &bdquo;neue Freiheit&ldquo; der NRW Hochschulen informiert. Nicht nur in Nordrhein-Westfalen steht der weitere Zugriff der Wirtschaft auf die Hochschulen an.<\/p><\/li>\n<li>\n<strong>Vernetzung von schulischer Bildung mit privaten Interessen<\/strong><br>\nDen meisten Eltern ist nicht bewusst, wie sehr ihre Kinder in vielen Schulen inzwischen der Indoktrination aus der neoliberalen Ecke ausgesetzt sind.<br>\nDas w&auml;re ein Thema, mit dem Sie neues Bewusstsein schaffen k&ouml;nnen. Es betrifft viele Menschen auch direkt.<br>\n<a href=\"?p=2134\">Unser letzter Beitrag zum Thema<\/a> begann so:\n<blockquote><p>\n&ldquo;Oeconomix&rdquo;, die &ldquo;Wirtschaft f&uuml;rs Klassenzimmer&rdquo;, steht dem Schulprojekt von FOCUS-Money sicher in nichts nach. Zitat: &ldquo;Oconomix ist ein Projekt der Citigroup. Die Lernsoftware ist vom Institut der deutschen Wirtschaft K&ouml;ln in Kooperation mit der Citibank entwickelt worden.  Die Citigroup Foundation unterst&uuml;tzt dieses Programm unter dem Dach ihrer globalen Initiative zur Verbesserung des finanziellen und wirtschaftlichen Allgemeinwissens.&rdquo; Und die INSM bewirbt es flei&szlig;ig.<\/p><\/blockquote>\n<p>Nutzen Sie die Suchfunktion und Sie finden viele andere Beispiele.<\/p>\n<p>P.S.: Wenn Sie diese Anregungen f&uuml;r sinnvoll halten, dann k&ouml;nnen wir die Themen- und Materialpalette immer wieder erg&auml;nzen. Im &Uuml;brigen tun wir das t&auml;glich mit unseren Tagebucheintr&auml;gen und Hinweisen. Und allein unter den Denkfehlern meines Buches &bdquo;Reforml&uuml;ge&ldquo; finden Sie reihenweise Gespr&auml;chsstoff.<\/p>\n<p>Noch ein P.S.: Auf die Themenvorschl&auml;ge eins und drei werden wir im kritischen Tagebuch noch einmal gesondert hinweisen.<\/p><\/li>\n<\/ol>\n","protected":false},"excerpt":{"rendered":"<p>In Gespr&auml;chen im Anschluss an Buchlesungen wird immer wieder die Frage gestellt, was man gegen die Vorherrschaft des Meinungs-Mainstreams und f&uuml;r den Aufbau einer Gegen&ouml;ffentlichkeit praktisch tun k&ouml;nne. Ich komme dazu <a href=\"?p=2016\">auf einen Vorschlag im Tagebucheintrag vom 15. Januar zur&uuml;ck<\/a> und zitiere einen NachDenkSeiten-Nutzer: &bdquo;In privater Runde habeich einen &ldquo;ArbeitsKreis Nachdenken&rdquo; (AKN) mit sechs<\/p>\n<div class=\"readMore\"><a class=\"moretag\" href=\"https:\/\/www.nachdenkseiten.de\/?p=2156\">Weiterlesen<\/a><\/div>\n","protected":false},"author":2,"featured_media":0,"comment_status":"closed","ping_status":"open","sticky":false,"template":"","format":"standard","meta":{"spay_email":"","footnotes":""},"categories":[35],"tags":[378],"class_list":["post-2156","post","type-post","status-publish","format-standard","hentry","category-aufbau-gegenoeffentlichkeit","tag-nds-gespraechskreis"],"jetpack_featured_media_url":"","_links":{"self":[{"href":"https:\/\/www.nachdenkseiten.de\/index.php?rest_route=\/wp\/v2\/posts\/2156","targetHints":{"allow":["GET"]}}],"collection":[{"href":"https:\/\/www.nachdenkseiten.de\/index.php?rest_route=\/wp\/v2\/posts"}],"about":[{"href":"https:\/\/www.nachdenkseiten.de\/index.php?rest_route=\/wp\/v2\/types\/post"}],"author":[{"embeddable":true,"href":"https:\/\/www.nachdenkseiten.de\/index.php?rest_route=\/wp\/v2\/users\/2"}],"replies":[{"embeddable":true,"href":"https:\/\/www.nachdenkseiten.de\/index.php?rest_route=%2Fwp%2Fv2%2Fcomments&post=2156"}],"version-history":[{"count":1,"href":"https:\/\/www.nachdenkseiten.de\/index.php?rest_route=\/wp\/v2\/posts\/2156\/revisions"}],"predecessor-version":[{"id":30126,"href":"https:\/\/www.nachdenkseiten.de\/index.php?rest_route=\/wp\/v2\/posts\/2156\/revisions\/30126"}],"wp:attachment":[{"href":"https:\/\/www.nachdenkseiten.de\/index.php?rest_route=%2Fwp%2Fv2%2Fmedia&parent=2156"}],"wp:term":[{"taxonomy":"category","embeddable":true,"href":"https:\/\/www.nachdenkseiten.de\/index.php?rest_route=%2Fwp%2Fv2%2Fcategories&post=2156"},{"taxonomy":"post_tag","embeddable":true,"href":"https:\/\/www.nachdenkseiten.de\/index.php?rest_route=%2Fwp%2Fv2%2Ftags&post=2156"}],"curies":[{"name":"wp","href":"https:\/\/api.w.org\/{rel}","templated":true}]}}