{"id":2251,"date":"2007-04-13T07:58:17","date_gmt":"2007-04-13T05:58:17","guid":{"rendered":"http:\/\/www.nachdenkseiten.de\/?p=2251"},"modified":"2016-01-08T12:34:50","modified_gmt":"2016-01-08T11:34:50","slug":"neoliberale-netzwerke-jorg-tremmel-und-die-stiftung-fur-die-rechte-zukunftiger-generationen","status":"publish","type":"post","link":"https:\/\/www.nachdenkseiten.de\/?p=2251","title":{"rendered":"Neoliberale Netzwerke: J\u00f6rg Tremmel und die &#8220;Stiftung f\u00fcr die Rechte zuk\u00fcnftiger Generationen&#8221;"},"content":{"rendered":"<p>Wer im hr-Fernsehen die Sendung <a href=\"http:\/\/www.hr-online.de\/website\/tools\/printsite.jsp?key=standard_document_30395494&amp;rubrik=2810&amp;srubrik=2712&amp;ivw=fs%2FStadtgespraech%2FArchiv%2Fstandard_document_30395494\">&ldquo;Stadgespr&auml;ch&rdquo;<\/a> sah, fragte sich vielleicht, was f&uuml;r ein Mensch dieser J&ouml;rg Tremmel von der &ldquo;Stiftung f&uuml;r die Rechte zuk&uuml;nftiger Generationen&rdquo; ist.<br>\nWenn wir uns die Personalliste von <a href=\"http:\/\/www.srzg.de\/ndeutsch\/2wws\/1who\/1who.htm\">wissenschaftlichem Beirat, Kuratorium etc.<\/a> der Stiftung anschauen, finden wir dort so illustre Prominenz wie z.B. Prof. Bernd Raffelh&uuml;schen (Initiative Neue Soziale Marktwirtschaft, Stiftung Marktwirtschaft, Aufsichtsrat ERGO-Versicherung), Lord Ralf Dahrendorf (Initiative Neue Soziale Marktwirtschaft), Dr. J&uuml;rgen Borchert (Familienrichter, neoliberales IZA, Buchautor: &ldquo;Renten vor dem Absturz &ndash; Ist der Sozialstaat am Ende?&rdquo;) und Prof. Dr. Werner Weidenfeld (Centrum f&uuml;r angewandte Politikforschung  \/ Bertelsmann-Stiftung).<br>\nErstaunt ist man allerdings auch, dass sich etwa Dieter Birnbacher, Claus Offe oder Ernst Ulrich von Weizs&auml;cker oder gar Hildegard Hamm-Br&uuml;cher als wissenschaftliche Beiratsmitglieder hergeben. Wolfgang Lieb.<\/p>\n","protected":false},"excerpt":{"rendered":"<p>Wer im hr-Fernsehen die Sendung <a href=\"http:\/\/www.hr-online.de\/website\/tools\/printsite.jsp?key=standard_document_30395494&amp;rubrik=2810&amp;srubrik=2712&amp;ivw=fs%2FStadtgespraech%2FArchiv%2Fstandard_document_30395494\">&ldquo;Stadgespr&auml;ch&rdquo;<\/a> sah, fragte sich vielleicht, was f&uuml;r ein Mensch dieser J&ouml;rg Tremmel von der &ldquo;Stiftung f&uuml;r die Rechte zuk&uuml;nftiger Generationen&rdquo; ist.<br \/> Wenn wir uns die Personalliste von <a href=\"http:\/\/www.srzg.de\/ndeutsch\/2wws\/1who\/1who.htm\">wissenschaftlichem Beirat, Kuratorium etc.<\/a> der Stiftung anschauen, finden wir dort so illustre Prominenz wie z.B. Prof. Bernd Raffelh&uuml;schen (Initiative Neue Soziale<\/p>\n<div class=\"readMore\"><a class=\"moretag\" href=\"https:\/\/www.nachdenkseiten.de\/?p=2251\">Weiterlesen<\/a><\/div>\n","protected":false},"author":3,"featured_media":0,"comment_status":"closed","ping_status":"open","sticky":false,"template":"","format":"standard","meta":{"spay_email":"","footnotes":""},"categories":[41,11],"tags":[722],"class_list":["post-2251","post","type-post","status-publish","format-standard","hentry","category-medienanalyse","category-strategien-der-meinungsmache","tag-hessischer-rundfunk"],"jetpack_featured_media_url":"","_links":{"self":[{"href":"https:\/\/www.nachdenkseiten.de\/index.php?rest_route=\/wp\/v2\/posts\/2251","targetHints":{"allow":["GET"]}}],"collection":[{"href":"https:\/\/www.nachdenkseiten.de\/index.php?rest_route=\/wp\/v2\/posts"}],"about":[{"href":"https:\/\/www.nachdenkseiten.de\/index.php?rest_route=\/wp\/v2\/types\/post"}],"author":[{"embeddable":true,"href":"https:\/\/www.nachdenkseiten.de\/index.php?rest_route=\/wp\/v2\/users\/3"}],"replies":[{"embeddable":true,"href":"https:\/\/www.nachdenkseiten.de\/index.php?rest_route=%2Fwp%2Fv2%2Fcomments&post=2251"}],"version-history":[{"count":1,"href":"https:\/\/www.nachdenkseiten.de\/index.php?rest_route=\/wp\/v2\/posts\/2251\/revisions"}],"predecessor-version":[{"id":30054,"href":"https:\/\/www.nachdenkseiten.de\/index.php?rest_route=\/wp\/v2\/posts\/2251\/revisions\/30054"}],"wp:attachment":[{"href":"https:\/\/www.nachdenkseiten.de\/index.php?rest_route=%2Fwp%2Fv2%2Fmedia&parent=2251"}],"wp:term":[{"taxonomy":"category","embeddable":true,"href":"https:\/\/www.nachdenkseiten.de\/index.php?rest_route=%2Fwp%2Fv2%2Fcategories&post=2251"},{"taxonomy":"post_tag","embeddable":true,"href":"https:\/\/www.nachdenkseiten.de\/index.php?rest_route=%2Fwp%2Fv2%2Ftags&post=2251"}],"curies":[{"name":"wp","href":"https:\/\/api.w.org\/{rel}","templated":true}]}}