{"id":2340,"date":"2007-05-14T11:22:51","date_gmt":"2007-05-14T09:22:51","guid":{"rendered":"http:\/\/www.nachdenkseiten.de\/?p=2340"},"modified":"2016-01-06T15:03:14","modified_gmt":"2016-01-06T14:03:14","slug":"wie-schoen-waere-es-wir-haetten-einen-bundespraesidenten-der-selbst-denkt-statt-nachzuplappern","status":"publish","type":"post","link":"https:\/\/www.nachdenkseiten.de\/?p=2340","title":{"rendered":"Wie sch\u00f6n w\u00e4re es, wir h\u00e4tten einen Bundespr\u00e4sidenten, der selbst denkt statt nachzuplappern."},"content":{"rendered":"<p>Der Bundespr&auml;sident <a href=\"http:\/\/www.spiegel.de\/wirtschaft\/0,1518,482627,00.html\">fordert zum Subventionsverzicht auf<\/a>. Und dann l&auml;sst er noch verlauten, das Wirtschaftsleben lasse sich von staatlicher Seite weder planen noch lenken. Mehr Eigenverantwortung verlangt er. &ndash; Der Mann erz&auml;hlt einfach und tut, was gerade popul&auml;r ist &ndash; bei einer wichtigen Entscheidung &uuml;ber eine Begnadigung genauso wie in diesem Fall. Er merkt offenbar nicht, wie sehr solche Forderungen im Widerspruch zu dem stehen, was er sonst fordert.<br>\n<!--more--><br>\nDazu drei Hinweise und Bemerkungen:<\/p><ol>\n<li>Horst K&ouml;hler fordert sonst immer den Ausbau der Privatvorsorge zum Beispiel. Diese l&auml;uft heute wesentlich &uuml;ber die Riester-Rente. Und das ist eine F&ouml;rderrente, eine hoch subventionierte Altersvorsorge. Im Jahr 2006 wurden laut Auskunft des BMF bis zum November 1,114 Milliarden Zulagen bezahlt. Diese Ausgaben werden steil ansteigen. Auch die Betriebsrenten und die so genannte R&uuml;rup-Rente sind de facto subventioniert &ndash; die R&uuml;rup-Rente &uuml;ber massive Steuererleichterungen f&uuml;r gut Verdienende. Horst K&ouml;hler huscht dar&uuml;ber hinweg.<\/li>\n<li>Das Thema Subventionen sollte man wirklich differenziert betrachten. Es gibt viele, die wegfallen k&ouml;nnten, andere, die sinnvoll sind zur Steuerung der Volkswirtschaft, wieder andere, die sinnvoll w&auml;ren, die es aber noch nicht gibt. Siehe dazu den Text zum Thema Subventionen in der &bdquo;Reforml&uuml;ge&ldquo;, <a href=\"?p=2339\">Denkfehler 38<\/a>.<\/li>\n<li>K&ouml;hlers Ablehnung staatlicher Regelungen, zeigt, dass dieser National&ouml;konom von der gesamten Debatte &uuml;ber die notwendige Rahmensetzung zur Korrektur von Marktversagen keine Ahnung hat. Andernfalls k&ouml;nnte man nicht so flach daher reden. <\/li>\n<\/ol>\n","protected":false},"excerpt":{"rendered":"<p>Der Bundespr&auml;sident <a href=\"http:\/\/www.spiegel.de\/wirtschaft\/0,1518,482627,00.html\">fordert zum Subventionsverzicht auf<\/a>. Und dann l&auml;sst er noch verlauten, das Wirtschaftsleben lasse sich von staatlicher Seite weder planen noch lenken. Mehr Eigenverantwortung verlangt er. &ndash; Der Mann erz&auml;hlt einfach und tut, was gerade popul&auml;r ist &ndash; bei einer wichtigen Entscheidung &uuml;ber eine Begnadigung genauso wie in diesem Fall. Er merkt offenbar<\/p>\n<div class=\"readMore\"><a class=\"moretag\" href=\"https:\/\/www.nachdenkseiten.de\/?p=2340\">Weiterlesen<\/a><\/div>\n","protected":false},"author":2,"featured_media":0,"comment_status":"closed","ping_status":"open","sticky":false,"template":"","format":"standard","meta":{"spay_email":"","footnotes":""},"categories":[96,160,30],"tags":[442,531,394],"class_list":["post-2340","post","type-post","status-publish","format-standard","hentry","category-bundespraesident","category-markt-und-staat","category-wirtschaftspoliik-und-konjunktur","tag-eigenverantwortung","tag-koehler-horst","tag-subventionen"],"jetpack_featured_media_url":"","_links":{"self":[{"href":"https:\/\/www.nachdenkseiten.de\/index.php?rest_route=\/wp\/v2\/posts\/2340","targetHints":{"allow":["GET"]}}],"collection":[{"href":"https:\/\/www.nachdenkseiten.de\/index.php?rest_route=\/wp\/v2\/posts"}],"about":[{"href":"https:\/\/www.nachdenkseiten.de\/index.php?rest_route=\/wp\/v2\/types\/post"}],"author":[{"embeddable":true,"href":"https:\/\/www.nachdenkseiten.de\/index.php?rest_route=\/wp\/v2\/users\/2"}],"replies":[{"embeddable":true,"href":"https:\/\/www.nachdenkseiten.de\/index.php?rest_route=%2Fwp%2Fv2%2Fcomments&post=2340"}],"version-history":[{"count":1,"href":"https:\/\/www.nachdenkseiten.de\/index.php?rest_route=\/wp\/v2\/posts\/2340\/revisions"}],"predecessor-version":[{"id":29956,"href":"https:\/\/www.nachdenkseiten.de\/index.php?rest_route=\/wp\/v2\/posts\/2340\/revisions\/29956"}],"wp:attachment":[{"href":"https:\/\/www.nachdenkseiten.de\/index.php?rest_route=%2Fwp%2Fv2%2Fmedia&parent=2340"}],"wp:term":[{"taxonomy":"category","embeddable":true,"href":"https:\/\/www.nachdenkseiten.de\/index.php?rest_route=%2Fwp%2Fv2%2Fcategories&post=2340"},{"taxonomy":"post_tag","embeddable":true,"href":"https:\/\/www.nachdenkseiten.de\/index.php?rest_route=%2Fwp%2Fv2%2Ftags&post=2340"}],"curies":[{"name":"wp","href":"https:\/\/api.w.org\/{rel}","templated":true}]}}