{"id":2422,"date":"2007-06-20T10:05:31","date_gmt":"2007-06-20T08:05:31","guid":{"rendered":"http:\/\/www.nachdenkseiten.de\/?p=2422"},"modified":"2016-01-03T12:47:17","modified_gmt":"2016-01-03T11:47:17","slug":"ein-interessantes-thema-fuer-ihren-gespraechskreis-einschneidende-veraenderungen-in-der-hochschulpolitik","status":"publish","type":"post","link":"https:\/\/www.nachdenkseiten.de\/?p=2422","title":{"rendered":"Ein interessantes Thema f\u00fcr Ihren Gespr\u00e4chskreis: Einschneidende Ver\u00e4nderungen in der Hochschulpolitik"},"content":{"rendered":"<p>Im <a href=\"?p=2420\">Text zur Einrichtung<\/a> unserer neuen Rubrik <a href=\"?cat=35\">&bdquo;Aufbau Gegen&ouml;ffentlichkeit&ldquo;<\/a> raten wir dazu, das Gespr&auml;ch &uuml;ber wichtige Fragen zu suchen und auch kleine NachDenkKreise zu gr&uuml;nden. Wenn Sie in Ihrem Umkreis Studenten, oder kommende Studenten oder auch nur solche Personen haben, denen die &ndash; wie ich meine &ndash; gef&auml;hrliche Entwicklung im Bereich der Hochschulen nicht gleichg&uuml;ltig ist, dann kann ich nur dazu raten, die Regensburger Rede meines Herausgeberkollegen Wolfgang Lieb vom 13.6. als Diskussionsansto&szlig; zu nutzen. Albrecht M&uuml;ller.<br>\n<!--more--><br>\nHier der Titel und der Link:<br>\n<a href=\"?p=2405\">Von der Freiheit der Wissenschaft zur &bdquo;unternehmerischen Hochschule&ldquo;<\/a><\/p><p>Unsere Anregung: Laden Sie zu einer Diskussion &uuml;ber dieses Thema ein. Verschicken Sie dazu den Text der Rede. Sie enth&auml;lt eine F&uuml;lle von Denkanst&ouml;&szlig;en. <\/p>\n","protected":false},"excerpt":{"rendered":"<p>Im <a href=\"?p=2420\">Text zur Einrichtung<\/a> unserer neuen Rubrik <a href=\"?cat=35\">&bdquo;Aufbau Gegen&ouml;ffentlichkeit&ldquo;<\/a> raten wir dazu, das Gespr&auml;ch &uuml;ber wichtige Fragen zu suchen und auch kleine NachDenkKreise zu gr&uuml;nden. Wenn Sie in Ihrem Umkreis Studenten, oder kommende Studenten oder auch nur solche Personen haben, denen die &ndash; wie ich meine &ndash; gef&auml;hrliche Entwicklung im Bereich der Hochschulen<\/p>\n<div class=\"readMore\"><a class=\"moretag\" href=\"https:\/\/www.nachdenkseiten.de\/?p=2422\">Weiterlesen<\/a><\/div>\n","protected":false},"author":2,"featured_media":0,"comment_status":"closed","ping_status":"open","sticky":false,"template":"","format":"standard","meta":{"spay_email":"","footnotes":""},"categories":[35,17,14],"tags":[243,230],"class_list":["post-2422","post","type-post","status-publish","format-standard","hentry","category-aufbau-gegenoeffentlichkeit","category-hochschulen-und-wissenschaft","category-veroffentlichungen-der-herausgeber","tag-in-eigener-sache","tag-lieb-wolfgang"],"jetpack_featured_media_url":"","_links":{"self":[{"href":"https:\/\/www.nachdenkseiten.de\/index.php?rest_route=\/wp\/v2\/posts\/2422","targetHints":{"allow":["GET"]}}],"collection":[{"href":"https:\/\/www.nachdenkseiten.de\/index.php?rest_route=\/wp\/v2\/posts"}],"about":[{"href":"https:\/\/www.nachdenkseiten.de\/index.php?rest_route=\/wp\/v2\/types\/post"}],"author":[{"embeddable":true,"href":"https:\/\/www.nachdenkseiten.de\/index.php?rest_route=\/wp\/v2\/users\/2"}],"replies":[{"embeddable":true,"href":"https:\/\/www.nachdenkseiten.de\/index.php?rest_route=%2Fwp%2Fv2%2Fcomments&post=2422"}],"version-history":[{"count":1,"href":"https:\/\/www.nachdenkseiten.de\/index.php?rest_route=\/wp\/v2\/posts\/2422\/revisions"}],"predecessor-version":[{"id":29864,"href":"https:\/\/www.nachdenkseiten.de\/index.php?rest_route=\/wp\/v2\/posts\/2422\/revisions\/29864"}],"wp:attachment":[{"href":"https:\/\/www.nachdenkseiten.de\/index.php?rest_route=%2Fwp%2Fv2%2Fmedia&parent=2422"}],"wp:term":[{"taxonomy":"category","embeddable":true,"href":"https:\/\/www.nachdenkseiten.de\/index.php?rest_route=%2Fwp%2Fv2%2Fcategories&post=2422"},{"taxonomy":"post_tag","embeddable":true,"href":"https:\/\/www.nachdenkseiten.de\/index.php?rest_route=%2Fwp%2Fv2%2Ftags&post=2422"}],"curies":[{"name":"wp","href":"https:\/\/api.w.org\/{rel}","templated":true}]}}