{"id":27911,"date":"2015-10-13T11:51:40","date_gmt":"2015-10-13T09:51:40","guid":{"rendered":"http:\/\/www.nachdenkseiten.de\/?p=27911"},"modified":"2015-10-22T11:44:15","modified_gmt":"2015-10-22T09:44:15","slug":"die-herrschenden-meinungsmacher-sind-um-welten-ueberlegen-und-obendrein-skrupellos-macht-aufklaerung-da-ueberhaupt-noch-sinn","status":"publish","type":"post","link":"https:\/\/www.nachdenkseiten.de\/?p=27911","title":{"rendered":"Die herrschenden Meinungsmacher sind um Welten \u00fcberlegen und obendrein skrupellos. Macht Aufkl\u00e4rung da \u00fcberhaupt noch Sinn?"},"content":{"rendered":"<p>Diese Frage muss man sich ehrlicherweise immer wieder stellen. Die NachDenkSeiten sind am 30. November 2003, also vor zw&ouml;lf Jahren ins Netz gegangen. Sie haben viele und engagierte Leserrinnen und Leser. Und dennoch muss man fragen, ob der t&auml;gliche und anstrengende Kampf nicht sinn- und zwecklos ist. Weil die Propaganda der etablierten Medien zur Unterst&uuml;tzung der etablierten Politik massiv ist und skrupellos. Die Antwort darauf: wir m&uuml;ssen ihre massive &Uuml;berlegenheit und ihre Skrupellosigkeit zum Thema machen. Dazu ein paar Beispiele: I. Zum medialen Umgang mit der Demonstration gegen TTIP; II. zum widerlichen Versuch des NDR, durch optische Verkn&uuml;pfung meines Buches &bdquo;Meinungsmache&ldquo; mit rechtsradikalen verbalen Umtrieben im Netz eine Verbindung herzustellen; III. zum Bild-Interview mit dem Kommandeur der US-Heerestruppen in Europa und mit einem Teil des &bdquo;Weltspiegel&ldquo; vom vergangenen Sonntag &uuml;ber Putin. Alle Beispiele stammen aus den letzten Tagen. Die Liste lie&szlig;e sich leicht verl&auml;ngern. Bemerkenswert ist &uuml;brigens der Erfolg der Gegenseite mit dem Trick, aufkl&auml;rende Kritik mit Rechtsradikalen zu verbinden, und f&uuml;r diesen Schm&auml;h vermeintlich Linke einspannen zu k&ouml;nnen. <strong>Albrecht M&uuml;ller<\/strong>.<\/p><p><em>Dieser Beitrag ist auch als Audio-Podcast verf&uuml;gbar.<\/em><br>\n<!--more--><br>\n<\/p><div class=\"powerpress_player\" id=\"powerpress_player_3069\"><!--[if lt IE 9]><script>document.createElement('audio');<\/script><![endif]-->\n<audio class=\"wp-audio-shortcode\" id=\"audio-27911-1\" preload=\"none\" style=\"width: 100%;\" controls=\"controls\"><source type=\"audio\/mpeg\" src=\"http:\/\/www.nachdenkseiten.de\/upload\/podcast\/151016_Die_herrschenden_Meinungsmacher-NDS.mp3?_=1\"><\/source><a href=\"http:\/\/www.nachdenkseiten.de\/upload\/podcast\/151016_Die_herrschenden_Meinungsmacher-NDS.mp3\">http:\/\/www.nachdenkseiten.de\/upload\/podcast\/151016_Die_herrschenden_Meinungsmacher-NDS.mp3<\/a><\/audio><\/div><p class=\"powerpress_links powerpress_links_mp3\">Podcast: <a href=\"http:\/\/www.nachdenkseiten.de\/upload\/podcast\/151016_Die_herrschenden_Meinungsmacher-NDS.mp3\" class=\"powerpress_link_pinw\" target=\"_blank\" title=\"Play in new window\" onclick=\"return powerpress_pinw('https:\/\/www.nachdenkseiten.de\/?powerpress_pinw=27911-podcast');\" rel=\"nofollow\">Play in new window<\/a> | <a href=\"http:\/\/www.nachdenkseiten.de\/upload\/podcast\/151016_Die_herrschenden_Meinungsmacher-NDS.mp3\" class=\"powerpress_link_d\" title=\"Download\" rel=\"nofollow\" download=\"151016_Die_herrschenden_Meinungsmacher-NDS.mp3\">Download<\/a><\/p><ol class=\"iii\">\n<li><strong>Zum Umgang mit der Demonstration gegen TTIP und CETA<\/strong>\n<p>250.000 Menschen, oder 150.000, jedenfalls sehr viele haben am Samstag in Berlin demonstriert. Am Sonntag fr&uuml;h schlug ich die beiden verf&uuml;gbaren Zeitungen auf: In der Sonntagsausgabe meiner Regionalzeitung, der &bdquo;Rheinpfalz&ldquo;, nichts. In der Frankfurter Allgemeinen Sonntagszeitung (FAS) eine kurze Spalte (siehe unten rechts) und daneben &ndash; vierspaltig! &ndash; die aufregende Nachricht, jeder dritte ICE fahre mit Versp&auml;tung.<\/p>\n<p><a href=\"http:\/\/www.nachdenkseiten.de\/upload\/bilder\/151012-fas-zu-ttip.jpg\"><img decoding=\"async\" src=\"http:\/\/www.nachdenkseiten.de\/upload\/bilder\/151012-fas-zu-ttip-small_.jpg\" alt=\"\" title=\"\"><\/a><\/p>\n<p>So macht man bei uns Meinung. Wie Spiegel Online mit den Kritikern und Demonstranten gegen TTIP und CETA umgegangen ist, hat Patrick Schreiner auf den NachDenkSeiten <a href=\"http:\/\/www.nachdenkseiten.de\/?p=27897\">gestern schon beschrieben<\/a>.<\/p>\n<p><strong>Typisch f&uuml;r den Umgang der Medien mit demonstrierenden B&uuml;rgerinnen und B&uuml;rger und beispielhaft f&uuml;r die ungez&auml;hmte Macht der Medien ist auch eine Reportage von WDR5, auf die wir in den heutigen Hinweisen schon verwiesen haben:<\/strong><\/p>\n<p>Hier der Text auf der Internetseite des WDR, am Ende der Link:<\/p>\n<p><strong>Reportage &ndash; Stop TTIP und CETA: Verlabelt<\/strong><\/p>\n<p><em>Von Matthias Finger<\/em><\/p>\n<p>Hunderttausende Demonstranten haben am Wochenende gegen das transatlantische Freihandelsabkommen protestiert &ndash; unter dem knackigen Slogan &ldquo;Stop TTIP&rdquo;. Eine klare Handlungsanweisung, die jedem sofort einleuchtet. Allerdings greift das Motto zu kurz.<\/p>\n<p><strong>Herangekarrte Massen aus ganz Deutschland<\/strong> marschieren zielstrebig durch die herbstliche Hauptstadt. Gegen Mittag. Die verdutzten Berliner reiben ihre noch verschlafenen Augen. Wo kommt die Wut der Demonstranten her? <\/p>\n<p>&ldquo;TTIP&rdquo; &ndash; das ist eine gro&szlig;formatige Projektionsfl&auml;che f&uuml;r diffuse &Auml;ngste und Kapitalismuskritik. <strong>&Uuml;ber das Stopp-Schild, das er in der Hand h&auml;lt, denkt der &ldquo;einfache B&uuml;rger&rdquo; offenbar keinen Schritt hinaus.<\/strong> Die in der Fl&uuml;chtlingskrise vielgepriesene Offenheit der Deutschen: Auf der TTIP-Demo marschiert sie nicht mit. Vom &ldquo;Ausverkauf deutscher Interessen an die Amerikaner&rdquo; ist da die Rede. Das hat schon was Pegidahaftes. <\/p>\n<p><strong>Die Demo ist eine Loveparade der Wutb&uuml;rgerchen.<\/strong> Demonstriert wird mit Vehemenz, als w&auml;re das sogenannte Abendland in Gefahr. Die alte M&auml;r: Amerikaner vergiften uns angeblich mit genmanipulierten Lebensmitteln. Dabei stopfen deutsche Bauern ihr Vieh bekannterma&szlig;en mit gentechnisch ver&auml;ndertem Futter &ndash; ohne Kennzeichnung<\/p>\n<p>Politisch sinnvoller w&auml;re es gewesen, nicht mitzulaufen. Und <strong>Werbeparolen zu ventilieren, die sich andere ausgedacht haben.<\/strong><\/p>\n<p>Quelle: <a href=\"http:\/\/www.wdr5.de\/sendungen\/politikum\/ttip-demonstration-berlin-100.html\">WDR5<\/a>\n<\/p><\/li>\n<li><strong>Die gleiche Masche beim Versuch des NDR, mich (Albrecht M&uuml;ller) &uuml;ber die optische Wiedergabe des Buches &bdquo;Meinungsmache&ldquo; in Kombination mit Hitlers &bdquo;Mein Kampf&ldquo; mit rechtsradikaler Agitation gegen Fl&uuml;chtlinge zu verbinden.<\/strong>\n<p>Zur Beschreibung des Vorgangs hier die Mail eines NachDenkSeiten-Lesers:<\/p>\n<blockquote><p>\nIch m&ouml;chte Sie hier aufmerksam machen, dass der NDR einen Beitrag im Internet &uuml;ber &bdquo;ausl&auml;nderfeindliche Darstellungen im Netz&ldquo; gedreht und ver&ouml;ffentlicht hatte und dabei Albrecht M&uuml;ller mit seinem Buch &bdquo;Meinungsmache&ldquo; zusammen mit dem Buch von Adolf Hitler &bdquo;Mein Kampf&ldquo; <a href=\"http:\/\/www.ndr.de\/fernsehen\/sendungen\/ndr_aktuell\/Meinungsmache-gegen-Fluechtlinge-im-Internet,ndraktuell29018.html\">bei einer Netz-Recherche eines NDR Reporters zum obigen Thema zeigt<\/a>.\n<\/p><\/blockquote>\n<p>Schauen Sie sich bitte diese Sendung des NDR an. Sie dauert nur 1 Minute und 25 Sekunden. Die Diffamierung hat keine reale Basis. Das Buch &bdquo;Meinungsmache&ldquo; enth&auml;lt keinen einzigen Satz, der eine derartige Verkn&uuml;pfung erlauben k&ouml;nnte. Eine Unterstellung.<\/p>\n<p><em><strong>Nachtrag am 22.10.2015:<\/strong><\/em><\/p>\n<p><em>Das Landgericht K&ouml;ln hat auf Antrag meines Rechtsanwaltes am 21.10.2015 eine einstweilige Verf&uuml;gung gegen den Intendanten des NDR beschlossen und ihm damit &bdquo;<strong>verboten<\/strong>, das Buch &bdquo;Meinungsmache&ldquo; des Antragstellers mit dem Buch &bdquo;Mein Kampf&ldquo; von Adolf Hitler &hellip; abzubilden.&ldquo;<\/em><\/p>\n<p><em>Damit sich der NDR nicht darauf hinausreden kann, auf den NachDenkSeiten selbst sei diese Abbildung immer noch wiedergegeben, mussten wir diesen Link l&ouml;schen.<\/em><\/p>\n<p>Fazit: Die etablierten Medien gehen skrupellos mit ihren Kritikern im Netz um. Offenbar hat man bei der Gegenseite beschlossen, die NachDenkSeiten und hilfsweise das 2009 erschienene Buch &bdquo;Meinungsmache&ldquo; ins Visier zu nehmen. Letzteres ist schl&uuml;ssig. Denn eine der wesentlichen Aussage meines Buches  lautet, siehe dort Seite 11:<\/p>\n<blockquote><p>\n&bdquo;Wer &uuml;ber viel Geld und\/oder publizistische Macht verf&uuml;gt, kann die politischen Entscheidungen massiv beeinflussen. Die &ouml;ffentliche Meinungsbildung ist zum Einfallstor f&uuml;r den politischen Einfluss der neoliberalen Ideologie und der damit verbundenen finanziellen und politischen Interessen geworden. In einer von Medien und Geld gepr&auml;gten Gesellschaft ist das zum Problem der Mehrheit unseres Volkes geworden, zum Problem des sogenannten Mittelstands und vor allem der Arbeitnehmerschaft und der Gewerkschaften, denn diese Mehrheit und ihre Interessen werden zunehmend kaltgestellt.&ldquo;\n<\/p><\/blockquote>\n<p>Das den herrschenden Kreisen mein Buch auch sechs Jahre nach Erscheinen noch weh tut, freut mich nat&uuml;rlich und ich weise Sie deshalb gerne darauf hin: <a href=\"http:\/\/www.nachdenkseiten.de\/?page_id=4078\">hier<\/a> und <a href=\"http:\/\/www.nachdenkseiten.de\/?page_id=4368\">hier<\/a>.<\/p><\/li>\n<li><strong>Die Bild-Zeitung &ouml;ffnet ihre Spalten dem Kommandeur der US-Heerestruppen in Europa.<\/strong>\n<p>Er mischt sich in einem Interview mit dem Titel &bdquo;<strong>Putin ist in Syrien, um von der Ukraine abzulenken<\/strong>&ldquo; direkt in die Politik ein. &bdquo;Ben Hodges, oberster US-General in Europa, analysiert in BILD Russlands Syrien-Strategie&ldquo;, hei&szlig;t es bei BILD. <\/p>\n<p>Einer unserer Leser schreibt dazu: &bdquo;Dieses Interview der faktischen deutschen Propagandaabteilung des Pentagon ist sehr lesenswert, um zu wissen, was auf Europa zukommt.&ldquo; So ist es. <a href=\"http:\/\/www.bild.de\/politik\/ausland\/wladimir-putin\/interview-ukraine-syrien-42952982.bild.html%20\">Hier das Interview<\/a>.<\/p>\n<p>Der US-General darf in diesem Interview Aussagen &uuml;ber die gew&uuml;nschte Nicht-Beteiligung von Assad an einer Konfliktl&ouml;sung in Syrien und &uuml;ber Putin machen, die ich so vom amerikanischen Pr&auml;sidenten nicht kenne. Die Neokonservativen der USA umspielen den Pr&auml;sidenten jetzt mithilfe ihrer Milit&auml;rs und der Bild-Zeitung.<br>\nEine &auml;hnliche Agitation wie in dem Interview mit der Bild-Zeitung findet sich zu Putin und Russland im <a href=\"http:\/\/www.daserste.de\/information\/politik-weltgeschehen\/weltspiegel\/sendung\/syrien-russland-100.html\">Weltspiegel der ARD<\/a>.<\/p>\n<p><strong>Fazit: Wir haben es mit einem massiven Aufgebot der Agitation zu tun. Da wir wissen, wie Wiederholung wirkt, muss man diese Vorg&auml;nge ernst nehmen. Aufkl&auml;rung wird immer schwieriger.<\/strong><\/p><\/li>\n<li><strong>Eine wichtige Rolle als Agitationsmuster spielt der Vorwurf, die Gegner von TTIP und andere Kritiker der neoliberalen Ideologie seien eine Querfront, also eine Verbindung von links und rechts eingegangen, die Fronten seien aufgel&ouml;st und die politischen Richtungen kombiniert.<\/strong><br>\n<strong>Hinzu kommt, dass vermeintlich progressive Kr&auml;fte in die Rolle der Angreifer geschl&uuml;pft sind.<\/strong>\n<p>Ein Musterbeispiel f&uuml;r eine extreme Agitation in diesem Sinne liefert immer wieder Jutta Ditfurth. Sie war einmal eine anerkannte und durchaus kritische Politikerin. Inzwischen spielt sie die Rolle einer extrem agierenden Wadenbei&szlig;erin (auf bayerisch: Wadlbei&szlig;erin). Sie l&auml;sst mit ihren irren Parolen die zuvor zitierten Parolen zum Beispiel des WDR mittig erscheinen. <\/p>\n<p><strong>Hier ein Auszug aus Facebook:<\/strong><\/p>\n<blockquote><p>\nNazi-Anti-TTIP-Demo in Berlin &ndash; Heute feiern sich Nazis und Rechtsextreme f&uuml;r ihr so erfolgreiches Mitschwimmen in der Masse am 10.10.2015 in Berlin<\/p>\n<p>von <a href=\"https:\/\/www.facebook.com\/Jutta.Ditfurth\/posts\/766617313467889\">Jutta Ditfurth<\/a><\/p>\n<p>Ich bin gegen TTIP und CETA und, seit ich politisch denken kann, eine undogmatisch, &ouml;kologische, antikapitalistische unabh&auml;ngige Linke. Ich m&uuml;sste mich also eigentlich freuen, dass am 10.10.2015 so viele Menschen in Berlin demonstriert haben. Aber das kann ich nicht.<\/p>\n<p>Erstens waren Parteien an vorderster Front mit dabei, die den Protest verraten (werden), wie immer darunter die Sozialdemokrat*innen. Aber wenn ihre W&auml;hler*innen und Sch&auml;fchen das nicht anders wollen&hellip;<\/p>\n<p>Viel schlimmer jedoch: Nazis, v&ouml;lkische Nationalist*innen, Endgame, Pegida, NPD, AfD, Rassist*innen, Antisemit*innen, rechte K&uuml;nstler*innen durften zur Demo-Teilnahme aufrufen. Niemand verwahrte sich dagegen. Nicht nur das: sie durften teilnehmen. <\/p>\n<p>Sie wurden nicht ausdr&uuml;cklich ausgeladen. <\/p>\n<p>Man distanzierte sich erst auf der Demo ein bisschen von ihnen, als ein negativer Kommentar (ein schlechter Beitrag bei Spiegel online) erschienen, die Sache also &ouml;ffentlich geworden war. <\/p>\n<p>Niemand warf die Rechten und V&ouml;lkischen, soweit erkennbar, aus der Demo. <\/p>\n<p>Es z&auml;hlte wohl nur die Zahl der Mitl&auml;ufer*innen. Nur Quantit&auml;t, nicht Qualit&auml;t. <\/p>\n<p>Das bringt Nachrichten, das bringt nicht nur Campact Spenden.<\/p>\n<p>In diesen Zeiten der gr&ouml;&szlig;ten antisemitischen und rassistischen Aufm&auml;rsche seit 1945 gibt es in dieser TTIP-und CETA-Opposition offensichtlich keine Wachsamkeit, kein politisches Bewusstsein mehr gegen Rechts. Man ist so &ldquo;stolz&rdquo;, Fl&uuml;chtlingen geholfen zu haben, will von anderen Konflikten nichts wissen, f&uuml;hlt sich vielleicht wieder ganz als &ldquo;ein Volk&rdquo;? <\/p>\n<p>Und dann, genau dann, wird es in Deutschland oft gef&auml;hrlich.&ldquo;\n<\/p><\/blockquote>\n<p>Soweit Jutta Ditfurth. Das ist die harte Tonlage mit der Funktion, die ebenso miesen Unterstellungen der vornehmen Damen und Herren von SPON, WDR, NDR und der Otto Brenner Stiftung-Studie trotz ihrer Unterstellungen und mangelnden Seriosit&auml;t als halbwegs seri&ouml;s erscheinen zu lassen. Mittig jedenfalls.<\/p>\n<p><strong>Wiederholtes Fazit: Wenn wir aufkl&auml;ren wollen, dann m&uuml;ssen wir auch &uuml;ber diese Methoden aufkl&auml;ren.<\/strong><\/p><\/li>\n<\/ol>\n","protected":false},"excerpt":{"rendered":"<p>Diese Frage muss man sich ehrlicherweise immer wieder stellen. Die NachDenkSeiten sind am 30. November 2003, also vor zw&ouml;lf Jahren ins Netz gegangen. Sie haben viele und engagierte Leserrinnen und Leser. Und dennoch muss man fragen, ob der t&auml;gliche und anstrengende Kampf nicht sinn- und zwecklos ist. Weil die Propaganda der etablierten Medien zur Unterst&uuml;tzung<\/p>\n<div class=\"readMore\"><a class=\"moretag\" href=\"https:\/\/www.nachdenkseiten.de\/?p=27911\">Weiterlesen<\/a><\/div>\n","protected":false},"author":2,"featured_media":0,"comment_status":"closed","ping_status":"open","sticky":false,"template":"","format":"standard","meta":{"spay_email":"","footnotes":""},"categories":[107,123,183,11],"tags":[282,459,1077,1542,1544,1548,1534,1552],"class_list":["post-27911","post","type-post","status-publish","format-standard","hentry","category-audio-podcast","category-kampagnentarnworteneusprech","category-medienkritik","category-strategien-der-meinungsmache","tag-buergerproteste","tag-bild","tag-ditfurth-jutta","tag-faz","tag-kampagnenjournalismus","tag-ndr","tag-querfront","tag-wdr"],"jetpack_featured_media_url":"","_links":{"self":[{"href":"https:\/\/www.nachdenkseiten.de\/index.php?rest_route=\/wp\/v2\/posts\/27911","targetHints":{"allow":["GET"]}}],"collection":[{"href":"https:\/\/www.nachdenkseiten.de\/index.php?rest_route=\/wp\/v2\/posts"}],"about":[{"href":"https:\/\/www.nachdenkseiten.de\/index.php?rest_route=\/wp\/v2\/types\/post"}],"author":[{"embeddable":true,"href":"https:\/\/www.nachdenkseiten.de\/index.php?rest_route=\/wp\/v2\/users\/2"}],"replies":[{"embeddable":true,"href":"https:\/\/www.nachdenkseiten.de\/index.php?rest_route=%2Fwp%2Fv2%2Fcomments&post=27911"}],"version-history":[{"count":4,"href":"https:\/\/www.nachdenkseiten.de\/index.php?rest_route=\/wp\/v2\/posts\/27911\/revisions"}],"predecessor-version":[{"id":28040,"href":"https:\/\/www.nachdenkseiten.de\/index.php?rest_route=\/wp\/v2\/posts\/27911\/revisions\/28040"}],"wp:attachment":[{"href":"https:\/\/www.nachdenkseiten.de\/index.php?rest_route=%2Fwp%2Fv2%2Fmedia&parent=27911"}],"wp:term":[{"taxonomy":"category","embeddable":true,"href":"https:\/\/www.nachdenkseiten.de\/index.php?rest_route=%2Fwp%2Fv2%2Fcategories&post=27911"},{"taxonomy":"post_tag","embeddable":true,"href":"https:\/\/www.nachdenkseiten.de\/index.php?rest_route=%2Fwp%2Fv2%2Ftags&post=27911"}],"curies":[{"name":"wp","href":"https:\/\/api.w.org\/{rel}","templated":true}]}}