{"id":2836,"date":"2007-12-14T17:11:17","date_gmt":"2007-12-14T16:11:17","guid":{"rendered":"http:\/\/www.nachdenkseiten.de\/?p=2836"},"modified":"2015-12-06T10:49:29","modified_gmt":"2015-12-06T09:49:29","slug":"eine-anregung-fuer-die-lehrer-fuer-eltern-fuer-schueler-unter-unseren-lesern","status":"publish","type":"post","link":"https:\/\/www.nachdenkseiten.de\/?p=2836","title":{"rendered":"Eine Anregung f\u00fcr die Lehrer, f\u00fcr Eltern, f\u00fcr Sch\u00fcler unter unseren Lesern"},"content":{"rendered":"<p>Die heute fr&uuml;h eingestellten <a href=\"?p=2834\">&bdquo;Gedanken einer bremischen Lehrerin&ldquo;<\/a> haben ein gro&szlig;es Echo ausgel&ouml;st. Ein Hamburger Kollege der bremischen Lehrerin schickte uns eine Mail, die uns veranlasst, f&uuml;r Verbreitung der &bdquo;Gedanken&ldquo; zu sorgen. Er weist uns n&auml;mlich daraufhin, dass zum Beispiel in Hamburg den Lehrern ein Maulkorb verpasst worden ist, so dass solche Klagen nur unter der Hand an die &Ouml;ffentlichkeit kommen.<br>\nSchicken Sie also bitte den Text der bremischen Lehrerin &uuml;ber ihren E-mail-Verteiler weiter. Drucken Sie ihn aus und geben Sie ihn weiter, in ihrem Bekanntenkreis und vor allem in den Lehrerkollegien.<\/p><p><em>Und hier noch der Text der Mail aus Hamburg:<\/em><\/p><blockquote><p>Es scheint nach meinem Ausscheiden aus dem Schuldienst alles noch schlimmer gekommen zu sein. Jeder Widerstand muss unterst&uuml;tzt werden, weil wir alle eine beinhart kalkulierende Bertelsmannwelt  im sozialen, p&auml;dagogischen und gesundheitlichen Bereich verhindern wollen. Diese Lehrerin will ihr Statement an den Bremer Kurier schicken? Sicher darf sie das gar nicht, wir in HH bekamen schon 2005 einen Maulkorb angelegt, was zwar unn&ouml;tig war, weil  die Springerpresse wie immer  jede Kritik in Hofberichterstattung umgebogen h&auml;tte genau wie sie auch versuchte, seinerzeit die Streiks gegen das Arbeitszeitmodell (ach, wieder so ein sch&ouml;nes Wort) klein zu reden.<\/p><\/blockquote>\n","protected":false},"excerpt":{"rendered":"<p>Die heute fr&uuml;h eingestellten <a href=\"?p=2834\">&bdquo;Gedanken einer bremischen Lehrerin&ldquo;<\/a> haben ein gro&szlig;es Echo ausgel&ouml;st. Ein Hamburger Kollege der bremischen Lehrerin schickte uns eine Mail, die uns veranlasst, f&uuml;r Verbreitung der &bdquo;Gedanken&ldquo; zu sorgen. Er weist uns n&auml;mlich daraufhin, dass zum Beispiel in Hamburg den Lehrern ein Maulkorb verpasst worden ist, so dass solche Klagen nur<\/p>\n<div class=\"readMore\"><a class=\"moretag\" href=\"https:\/\/www.nachdenkseiten.de\/?p=2836\">Weiterlesen<\/a><\/div>\n","protected":false},"author":2,"featured_media":0,"comment_status":"closed","ping_status":"open","sticky":false,"template":"","format":"standard","meta":{"spay_email":"","footnotes":""},"categories":[35,151],"tags":[820,271,220],"class_list":["post-2836","post","type-post","status-publish","format-standard","hentry","category-aufbau-gegenoeffentlichkeit","category-bildungspolitik","tag-hamburg","tag-springer","tag-zensur"],"jetpack_featured_media_url":"","_links":{"self":[{"href":"https:\/\/www.nachdenkseiten.de\/index.php?rest_route=\/wp\/v2\/posts\/2836","targetHints":{"allow":["GET"]}}],"collection":[{"href":"https:\/\/www.nachdenkseiten.de\/index.php?rest_route=\/wp\/v2\/posts"}],"about":[{"href":"https:\/\/www.nachdenkseiten.de\/index.php?rest_route=\/wp\/v2\/types\/post"}],"author":[{"embeddable":true,"href":"https:\/\/www.nachdenkseiten.de\/index.php?rest_route=\/wp\/v2\/users\/2"}],"replies":[{"embeddable":true,"href":"https:\/\/www.nachdenkseiten.de\/index.php?rest_route=%2Fwp%2Fv2%2Fcomments&post=2836"}],"version-history":[{"count":1,"href":"https:\/\/www.nachdenkseiten.de\/index.php?rest_route=\/wp\/v2\/posts\/2836\/revisions"}],"predecessor-version":[{"id":29379,"href":"https:\/\/www.nachdenkseiten.de\/index.php?rest_route=\/wp\/v2\/posts\/2836\/revisions\/29379"}],"wp:attachment":[{"href":"https:\/\/www.nachdenkseiten.de\/index.php?rest_route=%2Fwp%2Fv2%2Fmedia&parent=2836"}],"wp:term":[{"taxonomy":"category","embeddable":true,"href":"https:\/\/www.nachdenkseiten.de\/index.php?rest_route=%2Fwp%2Fv2%2Fcategories&post=2836"},{"taxonomy":"post_tag","embeddable":true,"href":"https:\/\/www.nachdenkseiten.de\/index.php?rest_route=%2Fwp%2Fv2%2Ftags&post=2836"}],"curies":[{"name":"wp","href":"https:\/\/api.w.org\/{rel}","templated":true}]}}