{"id":3053,"date":"2008-03-10T14:11:43","date_gmt":"2008-03-10T13:11:43","guid":{"rendered":"http:\/\/www.nachdenkseiten.de\/?p=3053"},"modified":"2015-11-26T16:22:05","modified_gmt":"2015-11-26T15:22:05","slug":"riestern-lohnt-sich-nicht","status":"publish","type":"post","link":"https:\/\/www.nachdenkseiten.de\/?p=3053","title":{"rendered":"\u201eRiestern lohnt sich nicht!!\u201c \u00dcberpr\u00fcfen Sie Ihre eigenen Vertr\u00e4ge, falls Sie welche haben."},"content":{"rendered":"<p>Seit langem schon informieren die NachDenkSeiten dar&uuml;ber, warum mit der Privatisierung der Altersvorsorge aus volkswirtschaftlicher Sicht ein falscher und gef&auml;hrlicher Weg beschritten worden ist (z.B. <a href=\"?p=2798\">hier<\/a>, mit vielen Links auf weiterf&uuml;hrende Artikel). Auch auf das grunds&auml;tzliche Risiko f&uuml;r den Einzelnen, aufgrund der &uuml;berh&ouml;hten Renditeversprechen von den Versicherungsunternehmen im Alter erheblich weniger als erhofft zu erhalten, haben wir bereits mehrfach hingewiesen.<\/p><p>Inzwischen erreichen uns immer mehr Hinweise auf kritische Kunden, die sich der M&uuml;he unterzogen haben, die Angebote der Versicherungsunternehmen genau durchzurechnen. Gerhard Krug aus G&ouml;rwihl etwa kommt auf seiner <a href=\"http:\/\/www.riesterrentenbetrug.de\/index.html\">Website<\/a> nach einem Vergleich mehrerer Angebote f&uuml;r eine Riester-Rente mit der Anlage in Bundes- und Industrieanleihen zu einem eindeutigen Ergebnis: &bdquo;Riestern lohnt sich nicht!!&ldquo;. Albrecht M&uuml;ller.<br>\n<!--more--><br>\n&bdquo;Du wirst wahrscheinlich erschrecken, wenn du siehst, welch kleinen Anteil deiner Beitr&auml;ge und Zinsen (mit Zinseszinsen) du aus der Risterrente wirklich zur&uuml;ckbekommst&ldquo;, schreibt Krug. Und weiter: &bdquo;Es handelt sich bei diesem Konstrukt um eine Milliarden schwere Umverteilung unserer m&uuml;hsam verdienten Gelder zugunsten gro&szlig;er Versicherungen.&ldquo;<\/p><p>Gerhard Krug hat au&szlig;erdem eine Excel-Tabelle zum Herunterladen bereitgestellt, damit Sie das Angebot Ihres Versicherers selbst &uuml;berpr&uuml;fen k&ouml;nnen.<br>\nDas ist die Quintessenz dessen, was wir in den NachDenkSeiten zur Riester-Rente und zur R&uuml;rup-Rente nunmehr seit &uuml;ber vier Jahren schreiben und was in der letzten Nacht auch Gegenstand der Dokumentation in der ARD mit dem Titel &bdquo;Rentenangst. Der Kampf um die Altersversorgung&ldquo; war. (Diese Dokumentation mit Interviews mit Norbert Bl&uuml;m, den Professoren Bosbach und Schm&auml;hl und Albrecht M&uuml;ller wird &uuml;brigens auf Eins Extra am 25.03. um 01:15 wiederholt. Wir bem&uuml;hen uns auch um einen Link zu dieser Dokumentation. Bisher von der ARD noch nicht ins Netz gestellt.)<\/p><p>Dass Gerhard Krug den Riester-Renten-Betrug so schl&uuml;ssig und verst&auml;ndlich durchgerechnet hat, ist sehr verdienstvoll.<\/p><p>Gerhard Krug versucht auch zu erkl&auml;ren, wie es zu dieser f&uuml;r die Betroffenen nutzlosen bis sch&auml;dlichen Gesetzgebung gekommen ist: &bdquo;Das ganze Gesetz wurde den Politikern durch die Versicherungslobby untergejubelt, und diese, insbesondere Herr Riester, haben es nicht gemerkt und sind leider auch noch stolz darauf. Wollen es sogar f&uuml;r alle verbindlich machen. Wahrscheinlich auch von den Lobbyisten vorgeschlagen.&ldquo;<\/p><p>Die Einsch&auml;tzung, dass der Vorschlag, die Privatvorsorge zur Pflicht zu machen, von den Lobbyisten vorgeschlagen worden ist, teile ich. Im Unterschied zu Gerhard Krug bin ich allerdings der Meinung, dass die Politiker sehr wohl wussten, was sie taten, als sie beschlossen, die private Altersvorsorge zu f&ouml;rdern. Mir erscheint es nicht plausibel anzunehmen, dass sie<\/p><ul>\n<li>zum einen die Leistungsf&auml;higkeit der gesetzlichen Rente durch politische Entscheidungen wie den Nachhaltigkeitsfaktor, durch Nullrunden, Festhalten des Beitragssatzes, Anlastung der sozialen Kosten des Aussiedlerzuzugs und der deutschen Vereinigung oder die Erh&ouml;hung des Renteneintrittsalters fortlaufend und nachhaltig besch&auml;digen und<\/li>\n<li>zum anderen Milliarden von Subventionen f&uuml;r eine private Vorsorge, die unter dem Etikett Eigenverantwortung l&auml;uft, beschlie&szlig;en, <\/li>\n<\/ul><p>ohne zu wissen, was sie damit anrichten.<\/p><p>Auch die wirklich ausgefeilte Propaganda, mit welcher der Bundesminister f&uuml;r Arbeit und Sozialordnung unser Land mit eigenen Mitteln und mithilfe der Deutschen Rentenversicherung, der Stiftung Warentest\/Finanztest, der Volkshochschulen und Schulen &uuml;berzieht, kann man nicht ahnungslos in Gang setzen. Anzunehmen, Walter Riester oder Franz M&uuml;ntefering, Gerhard Schr&ouml;der oder Angela Merkel w&uuml;ssten nicht, was sie tun, ist sehr unrealistisch.<\/p><p>Sp&auml;testens wenn man zum Beispiel diese Reklame sieht, wei&szlig; man, was gespielt wird:<\/p><p><img decoding=\"async\" src=\"upload\/bilder\/080310_vorsorge.jpg\" alt=\"vorsorge\"><\/p><p>Der hier abgebildete Carsten Maschmeyer ist Chef des Hannoveraner Finanzdienstleister AWD und Freund von Gerhard Schr&ouml;der. Maschmeyer hatte etwa durch eine Anzeigenkampagne wesentlich zum guten Abschneiden des damaligen Ministerpr&auml;sidenten Schr&ouml;der bei der Landtagswahl in Niedersachsen im M&auml;rz 1998 beigetragen und damit letztlich die Kanzlerkandidatur von Schr&ouml;der gesichert. Die Riester-Rente kann man getrost als Dankesch&ouml;n betrachten.<\/p><p>Auch die mindestens 181.000 &euro;, die Walter Riester f&uuml;r Vortr&auml;ge und Beratung laut Aufstellung des Deutschen Bundestages &uuml;ber die Nebeneink&uuml;nfte &bdquo;verdient&ldquo; hat, deuten darauf hin, dass wir es hier mit einem Fall politischer Korruption zu tun haben und nicht mit Ahnungslosigkeit.<\/p><p>N&auml;heres dazu <a href=\"?p=2727\">hier<\/a><\/p><p>Diese kritischen Anmerkungen zu den Aussagen von Gerhard Krug sind jedoch nur Randbemerkungen. Ansonsten gilt: wir w&uuml;rden nicht auf seine Seite hinweisen, wenn wir sie nicht f&uuml;r sehr hilfreich hielten. <\/p>\n","protected":false},"excerpt":{"rendered":"<p>Seit langem schon informieren die NachDenkSeiten dar&uuml;ber, warum mit der Privatisierung der Altersvorsorge aus volkswirtschaftlicher Sicht ein falscher und gef&auml;hrlicher Weg beschritten worden ist (z.B. <a href=\"?p=2798\">hier<\/a>, mit vielen Links auf weiterf&uuml;hrende Artikel). Auch auf das grunds&auml;tzliche Risiko f&uuml;r den Einzelnen, aufgrund der &uuml;berh&ouml;hten Renditeversprechen von den Versicherungsunternehmen im Alter erheblich weniger als erhofft zu<\/p>\n<div class=\"readMore\"><a class=\"moretag\" href=\"https:\/\/www.nachdenkseiten.de\/?p=3053\">Weiterlesen<\/a><\/div>\n","protected":false},"author":2,"featured_media":0,"comment_status":"closed","ping_status":"open","sticky":false,"template":"","format":"standard","meta":{"spay_email":"","footnotes":""},"categories":[35,127,85,40],"tags":[1546,628,376,344,300,273,394],"class_list":["post-3053","post","type-post","status-publish","format-standard","hentry","category-aufbau-gegenoeffentlichkeit","category-lobbyismus-und-politische-korruption","category-pr","category-riester-ruerup-taeuschung-privatrente","tag-ard","tag-bluem-norbert","tag-bosbach-gerd","tag-maschmeyer-carsten","tag-mueller-albrecht","tag-privatvorsorge","tag-subventionen"],"jetpack_featured_media_url":"","_links":{"self":[{"href":"https:\/\/www.nachdenkseiten.de\/index.php?rest_route=\/wp\/v2\/posts\/3053","targetHints":{"allow":["GET"]}}],"collection":[{"href":"https:\/\/www.nachdenkseiten.de\/index.php?rest_route=\/wp\/v2\/posts"}],"about":[{"href":"https:\/\/www.nachdenkseiten.de\/index.php?rest_route=\/wp\/v2\/types\/post"}],"author":[{"embeddable":true,"href":"https:\/\/www.nachdenkseiten.de\/index.php?rest_route=\/wp\/v2\/users\/2"}],"replies":[{"embeddable":true,"href":"https:\/\/www.nachdenkseiten.de\/index.php?rest_route=%2Fwp%2Fv2%2Fcomments&post=3053"}],"version-history":[{"count":1,"href":"https:\/\/www.nachdenkseiten.de\/index.php?rest_route=\/wp\/v2\/posts\/3053\/revisions"}],"predecessor-version":[{"id":29102,"href":"https:\/\/www.nachdenkseiten.de\/index.php?rest_route=\/wp\/v2\/posts\/3053\/revisions\/29102"}],"wp:attachment":[{"href":"https:\/\/www.nachdenkseiten.de\/index.php?rest_route=%2Fwp%2Fv2%2Fmedia&parent=3053"}],"wp:term":[{"taxonomy":"category","embeddable":true,"href":"https:\/\/www.nachdenkseiten.de\/index.php?rest_route=%2Fwp%2Fv2%2Fcategories&post=3053"},{"taxonomy":"post_tag","embeddable":true,"href":"https:\/\/www.nachdenkseiten.de\/index.php?rest_route=%2Fwp%2Fv2%2Ftags&post=3053"}],"curies":[{"name":"wp","href":"https:\/\/api.w.org\/{rel}","templated":true}]}}