{"id":3096,"date":"2008-03-28T09:45:05","date_gmt":"2008-03-28T08:45:05","guid":{"rendered":"http:\/\/www.nachdenkseiten.de\/?p=3096"},"modified":"2015-11-25T18:50:55","modified_gmt":"2015-11-25T17:50:55","slug":"verlaengertes-arbeitslosengeld-fuer-aeltere-noch-nicht-in-kraft","status":"publish","type":"post","link":"https:\/\/www.nachdenkseiten.de\/?p=3096","title":{"rendered":"Verl\u00e4ngertes Arbeitslosengeld f\u00fcr \u00c4ltere noch nicht in Kraft"},"content":{"rendered":"<p>Wir wurden gestern von einer internen Anweisung der Deutschen Rentenversicherung informiert, dass bis auf Weiteres &sect; 319 c SGB VI, welcher durch die Neuregelung durch das 7. SGB III- &Auml;nderungsgesetz das verl&auml;ngerte ALG I geregelt h&auml;tte, noch nicht in Kraft getreten und somit nicht zu anzuwenden ist. Dadurch, dass diese gesetzliche Neuregelung (noch) nicht im Bundesgesetzblatt steht und es auch nicht absehbar ist, ob dies geschehen wird, gelten die alten Regelungen. Also k&ouml;nnen bereits 60.-j&auml;hrige zur Rentenantragstellung aufgefordert und somit aus dem ALG 1-Bezug herausgenommen werden. Mit dem &Auml;nderungsgesetz sollte auch die Hinzuverdienstgrenze bei Altersrenten vor dem 65. Lebensjahr von 350 Euro auf 400 Euro erh&ouml;ht werden, auch dies liegt &ldquo;auf Eis&rdquo;. (WL)<\/p>\n","protected":false},"excerpt":{"rendered":"<p>Wir wurden gestern von einer internen Anweisung der Deutschen Rentenversicherung informiert, dass bis auf Weiteres &sect; 319 c SGB VI, welcher durch die Neuregelung durch das 7. SGB III- &Auml;nderungsgesetz das verl&auml;ngerte ALG I geregelt h&auml;tte, noch nicht in Kraft getreten und somit nicht zu anzuwenden ist. Dadurch, dass diese gesetzliche Neuregelung (noch) nicht im<\/p>\n<div class=\"readMore\"><a class=\"moretag\" href=\"https:\/\/www.nachdenkseiten.de\/?p=3096\">Weiterlesen<\/a><\/div>\n","protected":false},"author":3,"featured_media":0,"comment_status":"closed","ping_status":"open","sticky":false,"template":"","format":"standard","meta":{"spay_email":"","footnotes":""},"categories":[140],"tags":[1592,301],"class_list":["post-3096","post","type-post","status-publish","format-standard","hentry","category-hartz-gesetze-buergergeld-grundsicherung","tag-deutsche-rentenversicherung","tag-rentenalter"],"jetpack_featured_media_url":"","_links":{"self":[{"href":"https:\/\/www.nachdenkseiten.de\/index.php?rest_route=\/wp\/v2\/posts\/3096","targetHints":{"allow":["GET"]}}],"collection":[{"href":"https:\/\/www.nachdenkseiten.de\/index.php?rest_route=\/wp\/v2\/posts"}],"about":[{"href":"https:\/\/www.nachdenkseiten.de\/index.php?rest_route=\/wp\/v2\/types\/post"}],"author":[{"embeddable":true,"href":"https:\/\/www.nachdenkseiten.de\/index.php?rest_route=\/wp\/v2\/users\/3"}],"replies":[{"embeddable":true,"href":"https:\/\/www.nachdenkseiten.de\/index.php?rest_route=%2Fwp%2Fv2%2Fcomments&post=3096"}],"version-history":[{"count":1,"href":"https:\/\/www.nachdenkseiten.de\/index.php?rest_route=\/wp\/v2\/posts\/3096\/revisions"}],"predecessor-version":[{"id":29059,"href":"https:\/\/www.nachdenkseiten.de\/index.php?rest_route=\/wp\/v2\/posts\/3096\/revisions\/29059"}],"wp:attachment":[{"href":"https:\/\/www.nachdenkseiten.de\/index.php?rest_route=%2Fwp%2Fv2%2Fmedia&parent=3096"}],"wp:term":[{"taxonomy":"category","embeddable":true,"href":"https:\/\/www.nachdenkseiten.de\/index.php?rest_route=%2Fwp%2Fv2%2Fcategories&post=3096"},{"taxonomy":"post_tag","embeddable":true,"href":"https:\/\/www.nachdenkseiten.de\/index.php?rest_route=%2Fwp%2Fv2%2Ftags&post=3096"}],"curies":[{"name":"wp","href":"https:\/\/api.w.org\/{rel}","templated":true}]}}