{"id":3335,"date":"2008-07-15T14:04:18","date_gmt":"2008-07-15T12:04:18","guid":{"rendered":"http:\/\/www.nachdenkseiten.de\/?p=3335"},"modified":"2015-11-19T09:38:54","modified_gmt":"2015-11-19T08:38:54","slug":"was-steinbrueck-jetzt-als-wunsch-zur-fortsetzung-der-grossen-koalition-verkuendet-gilt-fuer-die-gesamte-spd-fuehrung","status":"publish","type":"post","link":"https:\/\/www.nachdenkseiten.de\/?p=3335","title":{"rendered":"Was Steinbr\u00fcck jetzt als Wunsch zur Fortsetzung der Gro\u00dfen Koalition verk\u00fcndet, gilt f\u00fcr die gesamte SPD-F\u00fchrung"},"content":{"rendered":"<p><a href=\"?p=3055\">Am 11.3.2008 konnten sie in den NachDenkSeiten Folgendes lesen<\/a>: &bdquo;Ein beachtlicher und m&auml;chtiger Teil der SPD-F&uuml;hrung hat den Willen zur Macht aufgegeben. Die wollen gar nicht federf&uuml;hrend regieren. Ihnen kommt es vor allem auf die Durchsetzung neoliberaler Ziele an. Und vermutlich aufs Mitregieren.&ldquo; Diese Beobachtung haben wir damals mit Indizien belegt. <a href=\"http:\/\/www.spiegel.de\/spam\/0,1518,565863,00.html\">Jetzt best&auml;tigte der stellvertretende SPD-Vorsitzende Steinbr&uuml;ck unsere Strategie-Analyse:<\/a><\/p><p>Dass jetzt andere Mitglieder des SPD-Pr&auml;sidiums gegen Steinbr&uuml;ck protestieren (Siehe Spiegelmeldungen im Anhang), ist nur zu verstehen, wenn man unterstellt, sie wollen die W&auml;hlerinnen und W&auml;hler hinters Licht f&uuml;hren. Denn was er sagt, ergibt sich logisch aus der Koalitionsstrategie der SPD. Solange sie sich weigert, mit der Linken zusammen zu arbeiten, wird sie keine Kanzlermehrheit zusammenbekommen, genauso wenig wie eine Mehrheit zur Wahl der Bundespr&auml;sidentin.<br>\n<!--more--><\/p><p><em>Anhang:<\/em><\/p><p><strong>Parteispitze protestiert gegen Steinbr&uuml;cks Koalitionswunsch<\/strong><br>\nFinanzminister Steinbr&uuml;ck will die Gro&szlig;e Koalition auch nach der n&auml;chsten Bundestagswahl fortsetzen &ndash; und emp&ouml;rt mit seinem Vorsto&szlig; die Parteispitze. In einer Sitzung des SPD-Pr&auml;sidiums warfen f&uuml;hrende Parteimitglieder dem Minister vor, mit einer Koalitionsdebatte unn&ouml;tig Unruhe zu stiften. Der Widerstand in der SPD-Spitze gegen Peer Steinbr&uuml;cks Pl&auml;doyer f&uuml;r eine Gro&szlig;e Koalition nach 2009 w&auml;chst. Nach SPD-Generalsekret&auml;r Hubertus Heil haben nun auch mehrere Mitglieder des SPD-Pr&auml;sidiums Steinbr&uuml;ck f&uuml;r dessen Aussagen kritisiert.<br>\nQuelle: <a href=\"http:\/\/www.spiegel.de\/politik\/deutschland\/0,1518,565856,00.html\">Spiegel-online<\/a><\/p>\n","protected":false},"excerpt":{"rendered":"<p><a href=\"?p=3055\">Am 11.3.2008 konnten sie in den NachDenkSeiten Folgendes lesen<\/a>: &bdquo;Ein beachtlicher und m&auml;chtiger Teil der SPD-F&uuml;hrung hat den Willen zur Macht aufgegeben. Die wollen gar nicht federf&uuml;hrend regieren. Ihnen kommt es vor allem auf die Durchsetzung neoliberaler Ziele an. Und vermutlich aufs Mitregieren.&ldquo; Diese Beobachtung haben wir damals mit Indizien belegt. <a href=\"http:\/\/www.spiegel.de\/spam\/0,1518,565863,00.html\">Jetzt best&auml;tigte<\/a><\/p>\n<div class=\"readMore\"><a class=\"moretag\" href=\"https:\/\/www.nachdenkseiten.de\/?p=3335\">Weiterlesen<\/a><\/div>\n","protected":false},"author":2,"featured_media":0,"comment_status":"closed","ping_status":"open","sticky":false,"template":"","format":"standard","meta":{"spay_email":"","footnotes":""},"categories":[191,11,190],"tags":[1253,246,420,253],"class_list":["post-3335","post","type-post","status-publish","format-standard","hentry","category-spd","category-strategien-der-meinungsmache","category-wahlen","tag-heil-hubertus","tag-linke-mehrheit","tag-spiegel","tag-steinbrueck-peer"],"jetpack_featured_media_url":"","_links":{"self":[{"href":"https:\/\/www.nachdenkseiten.de\/index.php?rest_route=\/wp\/v2\/posts\/3335","targetHints":{"allow":["GET"]}}],"collection":[{"href":"https:\/\/www.nachdenkseiten.de\/index.php?rest_route=\/wp\/v2\/posts"}],"about":[{"href":"https:\/\/www.nachdenkseiten.de\/index.php?rest_route=\/wp\/v2\/types\/post"}],"author":[{"embeddable":true,"href":"https:\/\/www.nachdenkseiten.de\/index.php?rest_route=\/wp\/v2\/users\/2"}],"replies":[{"embeddable":true,"href":"https:\/\/www.nachdenkseiten.de\/index.php?rest_route=%2Fwp%2Fv2%2Fcomments&post=3335"}],"version-history":[{"count":1,"href":"https:\/\/www.nachdenkseiten.de\/index.php?rest_route=\/wp\/v2\/posts\/3335\/revisions"}],"predecessor-version":[{"id":28831,"href":"https:\/\/www.nachdenkseiten.de\/index.php?rest_route=\/wp\/v2\/posts\/3335\/revisions\/28831"}],"wp:attachment":[{"href":"https:\/\/www.nachdenkseiten.de\/index.php?rest_route=%2Fwp%2Fv2%2Fmedia&parent=3335"}],"wp:term":[{"taxonomy":"category","embeddable":true,"href":"https:\/\/www.nachdenkseiten.de\/index.php?rest_route=%2Fwp%2Fv2%2Fcategories&post=3335"},{"taxonomy":"post_tag","embeddable":true,"href":"https:\/\/www.nachdenkseiten.de\/index.php?rest_route=%2Fwp%2Fv2%2Ftags&post=3335"}],"curies":[{"name":"wp","href":"https:\/\/api.w.org\/{rel}","templated":true}]}}