{"id":3380,"date":"2008-08-05T09:40:23","date_gmt":"2008-08-05T07:40:23","guid":{"rendered":"http:\/\/www.nachdenkseiten.de\/?p=3380"},"modified":"2015-11-15T16:04:04","modified_gmt":"2015-11-15T15:04:04","slug":"material-fuer-ihre-aufklaerungsarbeit-zur-riester-und-ruerup-rente-vor-allem-die-bunte-vom-1072008","status":"publish","type":"post","link":"https:\/\/www.nachdenkseiten.de\/?p=3380","title":{"rendered":"Material f\u00fcr Ihre Aufkl\u00e4rungsarbeit zur Riester- und R\u00fcrup-Rente &#8211; vor allem die Bunte vom 10.7.2008"},"content":{"rendered":"<p>Wir haben schon mehrmals darauf hingewiesen, dass die Riester- und die R&uuml;rup-Rente volkswirtschaftlich betrachtet und teilweise auch aus der einzelwirtschaftlichen Sicht potentieller Nutzer dieser F&ouml;rderung durch uns Steuerzahler h&ouml;chst zweifelhaft sind. Siehe dazu auch im Anhang A. und B.. Die F&ouml;rderung ist vor allem ein Geschenk an die Finanzwirtschaft &ndash; an die Versicherungsgesellschaften, an die Banken und die Finanzdienstleister. Diese feiern die staatliche F&ouml;rderung mit Recht und sie feiern zugleich die Urheber dieses Missbrauchs unsere Steuergelder: Gerhard Schr&ouml;der und Ministerpr&auml;sident Wulff als Vertreter der Union, Bert R&uuml;rup und Walter Riester. Auf ein besonders interessantes Dokument zum Beleg dieser Beobachtung haben wir schon aufmerksam gemacht. Siehe <a href=\"?p=3332\">Hinweis Nr. 10 vom 14.7.<\/a> auf die 20-Jahr-Feier des Finanzdienstleisters AWD des Schr&ouml;der Freundes Maschmeyer in Hannover. Weil die in der &bdquo;Bunten&ldquo; vom 10.7. 2008 wiedergegebenen Fotos eine wirkliche Aufkl&auml;rungsleistung sind, mit der auch unsere Leser bei ihrer Argumentation gut arbeiten k&ouml;nnen, dokumentieren wir im Folgenden diese Seiten, versehen mit kleinen Informationen und Kommentaren. Albrecht M&uuml;ller<br>\n<!--more--><br>\n<img decoding=\"async\" src=\"upload\/bilder\/20080805_000.jpg\" alt=\"\" title=\"\"><\/p><p>Bert R&uuml;rup, der so genannte unabh&auml;ngige Sachverst&auml;ndige, sitzt mit Gerhard Schr&ouml;der und dem AWD-Chef Maschmeyer samt Frauen am gro&szlig;en Tisch. Am Katzentisch musste offenbar Walter Riester Platz nehmen. Das ist ungerecht, denn er hat sich wie Bert R&uuml;rup gro&szlig;e Verdienste dabei erworben, mit der Riester-Rente wie mit der R&uuml;rup-Rente die Gewinne von AWD zu steigern.<\/p><p><img decoding=\"async\" src=\"upload\/bilder\/20080805_001.jpg\" alt=\"\" title=\"\"><\/p><p>Mit dabei auch die neuen Aktion&auml;re von AWD von Swiss Life und alte Politiker wie Franz Vranitzky und Kofi Annan. Auch mit dabei: Bela Anda, fr&uuml;her Regierungssprecher von Gerhard Schr&ouml;der, heute Kommunikationsdirektor von AWD. Es bleibt keiner unversorgt.<\/p><p><img decoding=\"async\" src=\"upload\/bilder\/20080805_002.jpg\" alt=\"\" title=\"\"><\/p><p>Auch Niedersachsens Ministerpr&auml;sident Wulff und Bundesumweltminister Sigmar Gabriel geh&ouml;ren offenbar zum Freundeskreis von Maschmeyer<\/p><p><img decoding=\"async\" src=\"upload\/bilder\/20080805_003.jpg\" alt=\"\" title=\"\"><br>\n<img decoding=\"async\" src=\"upload\/bilder\/20080805_004.jpg\" alt=\"\" title=\"\"><\/p><p>Walter Riester, Schauspieler Lauterbach und Boxer Maske d&uuml;rfen mitfeiern. Und das alles auf Kosten der Steuerzahler und des Ansehens der gesetzlichen Rente.<\/p><p><img decoding=\"async\" src=\"upload\/bilder\/20080805_005.jpg\" alt=\"\" title=\"\"><\/p><p>Hier noch ein beschreibender Text mit Informationen zu anderen Festg&auml;sten und zum Unternehmen AWD.<\/p><p><img decoding=\"async\" src=\"upload\/bilder\/20080805_006.jpg\" alt=\"\" title=\"\"><\/p><p>Nutzen Sie diese Fotos und Texte zur Aufkl&auml;rung dar&uuml;ber, wer die eigentlichen Profiteure der so genannten Rentenreform mit den Produkten Riester-Rente und R&uuml;rup-Rente sind.<\/p><p><strong>Anhang:<\/strong><\/p><p><strong>A. R&uuml;rup-Rente lohnt nur im Ausnahmefall<\/strong><br>\n&ldquo;&Ouml;ko-Test&rdquo; hat zahlreiche Angebote zur R&uuml;rup-Rente auf Herz und Nieren gepr&uuml;ft. Das Urteil ist vernichtend. Die Versicherten machten nie ein gutes, meist ein schlechtes und oft sogar ein Minusgesch&auml;ft mit der Basisrente. &Auml;hnlich wie bei der Riester-Rente hat der Staat auch bei der deutlich j&uuml;ngeren R&uuml;rup-Rente nachbessern m&uuml;ssen, damit die Policen ihre Abnehmer finden. An dem restriktiven Charakter dieser Basisrente hat sich nicht viel ge&auml;ndert. Die im Jahr 2006 eingef&uuml;hrte Neuerung aber, dass der Versicherte seine Aufwendungen bereits ab dem ersten Euro als Sonderausgaben von der Steuer absetzen kann, macht die R&uuml;rup-Rente vor allem f&uuml;r Besserverdiener mit einer hohen Steuerlast attraktiv. So gew&auml;hrt der Staat zwar keine Zusch&uuml;sse wie bei der Riester-Rente, der Versicherte kann aber in diesem Jahr bis zu 13.200 Euro seiner Beitr&auml;ge von der Steuer absetzen.<br>\nQuelle: <a href=\"http:\/\/www.manager-magazin.de\/geld\/geldanlage\/0,2828,568938,00.html\">manager-magazin<\/a><\/p><p><strong>B. Mail eines Lesers der NDS zum Thema:<\/strong><\/p><blockquote><p>Liebe Redaktion der Nachdenkenseiten,<br>\nich habe zu dem Thema R&uuml;rup-Rente noch eine Information aus der Vertriebspraxis. Sogar als nebenberuflicher Finanzdienstleiter habe ich ein gest&ouml;rtes Verh&auml;ltnis zu<br>\nRiester- und R&uuml;rup &ndash; Vertr&auml;gen und zu unseren Rentenreformen der letzten Jahre.<br>\nDie Diskussion ob und wann sich ein R&uuml;rup &ndash; Vertrag rentiert ist in der Praxis so nicht vorhanden.<br>\nIm Vertrieb werden R&uuml;rup-Vertr&auml;ge in der Regel von der Eigenbeitragsseite so ausgerechnet, dass Sie steueroptimiert sind. Das hei&szlig;t die Beitr&auml;ge sollen durch die Steuerersparnis in der Ansparphase refinanziert werden. Nur selten will ein Kunde mehr in den Vertrag investieren. Der R&uuml;rup-Vertrag ist nur ein Baustein im Altersvorsorgekonzept f&uuml;r den Kunden.<br>\nDaraus folgt, weder die H&ouml;he der Rente, noch die Rentabilit&auml;t des Vertrages ist f&uuml;r die meisten Kunden entscheidend, sondern die M&ouml;glichkeit durch die steuerliche Abschreibung einen Rentenanspruch zum &ldquo;0-Tarif&rdquo; zu bekommen . Der R&uuml;rup-Vertrag ist nur das &ldquo;Zuckerl&rdquo; &ndash; wie man hier im S&uuml;den sagt &ndash; zur Altersvorsorge f&uuml;r die Kunden, die es sich steuerlich leisten k&ouml;nnen.<br>\nDas hat zur Folge, dass wegen der Einkommenssituation dieser Kunden, mit Steuergeldern bzw. durch den Verzicht auf Steuereinnahmen, Bev&ouml;lkerungsgruppen subventioniert werden, die allein in der Lage sind, sich eine Altersvorsorge aufzubauen.<br>\nAuch dass ist eine Form der Umverteilung &ndash; von Unten nach Oben.<\/p><\/blockquote>\n","protected":false},"excerpt":{"rendered":"<p>Wir haben schon mehrmals darauf hingewiesen, dass die Riester- und die R&uuml;rup-Rente volkswirtschaftlich betrachtet und teilweise auch aus der einzelwirtschaftlichen Sicht potentieller Nutzer dieser F&ouml;rderung durch uns Steuerzahler h&ouml;chst zweifelhaft sind. Siehe dazu auch im Anhang A. und B.. Die F&ouml;rderung ist vor allem ein Geschenk an die Finanzwirtschaft &ndash; an die Versicherungsgesellschaften, an die<\/p>\n<div class=\"readMore\"><a class=\"moretag\" href=\"https:\/\/www.nachdenkseiten.de\/?p=3380\">Weiterlesen<\/a><\/div>\n","protected":false},"author":2,"featured_media":0,"comment_status":"closed","ping_status":"open","sticky":false,"template":"","format":"standard","meta":{"spay_email":"","footnotes":""},"categories":[127,40],"tags":[347,344,345,346,411,752],"class_list":["post-3380","post","type-post","status-publish","format-standard","hentry","category-lobbyismus-und-politische-korruption","category-riester-ruerup-taeuschung-privatrente","tag-awd","tag-maschmeyer-carsten","tag-ruerup-bert","tag-riester-walter","tag-schroeder-gerhard","tag-wulff-christian"],"jetpack_featured_media_url":"","_links":{"self":[{"href":"https:\/\/www.nachdenkseiten.de\/index.php?rest_route=\/wp\/v2\/posts\/3380","targetHints":{"allow":["GET"]}}],"collection":[{"href":"https:\/\/www.nachdenkseiten.de\/index.php?rest_route=\/wp\/v2\/posts"}],"about":[{"href":"https:\/\/www.nachdenkseiten.de\/index.php?rest_route=\/wp\/v2\/types\/post"}],"author":[{"embeddable":true,"href":"https:\/\/www.nachdenkseiten.de\/index.php?rest_route=\/wp\/v2\/users\/2"}],"replies":[{"embeddable":true,"href":"https:\/\/www.nachdenkseiten.de\/index.php?rest_route=%2Fwp%2Fv2%2Fcomments&post=3380"}],"version-history":[{"count":1,"href":"https:\/\/www.nachdenkseiten.de\/index.php?rest_route=\/wp\/v2\/posts\/3380\/revisions"}],"predecessor-version":[{"id":28735,"href":"https:\/\/www.nachdenkseiten.de\/index.php?rest_route=\/wp\/v2\/posts\/3380\/revisions\/28735"}],"wp:attachment":[{"href":"https:\/\/www.nachdenkseiten.de\/index.php?rest_route=%2Fwp%2Fv2%2Fmedia&parent=3380"}],"wp:term":[{"taxonomy":"category","embeddable":true,"href":"https:\/\/www.nachdenkseiten.de\/index.php?rest_route=%2Fwp%2Fv2%2Fcategories&post=3380"},{"taxonomy":"post_tag","embeddable":true,"href":"https:\/\/www.nachdenkseiten.de\/index.php?rest_route=%2Fwp%2Fv2%2Ftags&post=3380"}],"curies":[{"name":"wp","href":"https:\/\/api.w.org\/{rel}","templated":true}]}}