{"id":35865,"date":"2016-11-17T14:05:10","date_gmt":"2016-11-17T13:05:10","guid":{"rendered":"http:\/\/www.nachdenkseiten.de\/?p=35865"},"modified":"2016-11-17T15:54:01","modified_gmt":"2016-11-17T14:54:01","slug":"astronaut-gibt-denkanstoesse-neuer-foto-wandkalender-zeigt-auswirkungen-der-kuerzungspolitik-in-europa","status":"publish","type":"post","link":"https:\/\/www.nachdenkseiten.de\/?p=35865","title":{"rendered":"Astronaut gibt Denkanst\u00f6\u00dfe. Neuer Foto-Wandkalender zeigt Auswirkungen der K\u00fcrzungspolitik in Europa"},"content":{"rendered":"<p>Der Protestonaut-Kalender 2017 ist da: In der dritten Ausgabe zeigen die Macher des au&szlig;ergew&ouml;hnlichen Fotokalenders die Auswirkungen der in vielen L&auml;ndern Europas vorherrschenden K&uuml;rzungspolitik auf &ndash; besch&ouml;nigend oft auch Sparpolitik genannt. Die Motive der Fotografin Sophia Hauk werden durch Texte und Zahlen aus Studien, Fachliteratur und Medien erg&auml;nzt. Erstmals ist der Wandkalender dreisprachig: Die Texte sind in deutscher, englischer und griechischer Sprache. <strong>Albrecht M&uuml;ller<\/strong>.<\/p><p><img decoding=\"async\" src=\"http:\/\/www.nachdenkseiten.de\/upload\/bilder\/161117_naut.gif\" alt=\"Der Protestonaut-Kalender 2017\" title=\"Der Protestonaut-Kalender 2017\"><br>\n<em>Die Motive des diesj&auml;hrigen Protestonaut-Wandkalenders<\/em><br>\n<!--more--><br>\nRund zehn Jahre sind inzwischen seit Ausbruch der weltweiten Finanz- und Bankenkrise vergangen. In der Hoffnung, die daraus resultierenden Verwerfungen im weltweit vernetzten Finanz- und Wirtschaftssystem beheben zu k&ouml;nnen, haben sich viele Staaten f&uuml;r eine Politik entschieden, die unterschiedliche Namen tr&auml;gt: Besch&ouml;nigend wird sie als &bdquo;Sparpolitik&ldquo;, neutral als &bdquo;K&uuml;rzungs-&ldquo; oder &bdquo;Austerit&auml;tspolitik&ldquo; bezeichnet und von vielen Betroffenen als &bdquo;Verelendungspolitik&ldquo;empfunden. L&auml;nder mit Austerit&auml;tspolitik senken massiv die Staatsausgaben, erh&ouml;hen Abgaben und Steuern und verkaufen Staatseigentum an &uuml;berwiegend private Investoren.<br>\n&nbsp;<br>\nKein anderes Land in Europa hat so viel Erfahrung mit der Austerit&auml;tspolitik wie Griechenland. Der Protestonaut hat sich deshalb dorthin auf den Weg gemacht, um die Auswirkungen zu dokumentieren. Auf ihrer Recherchereise haben Sophia Hauk und der Diplom-Politologe Alexander Hauk, mit vielen Menschen gesprochen, darunter Unternehmer, Angestellte, &Auml;rzte, Vertreter von Hilfsorganisationen und Politiker. &Uuml;ber ihre Erlebnisse haben sie auf ihrer Facebook-Seite berichtet.<br>\n&nbsp;<br>\nSophia Hauk: &bdquo;Die Austerit&auml;tspolitik und die damit verbundenen jahrelangen Entbehrungen haben Griechenland nicht gerettet. Und l&auml;ngst geht es nicht mehr nur um Griechenland. Es geht um die Zukunft Europas.&ldquo; Denn die Austerit&auml;tspolitik wirke wie ein Beschleuniger auf das Auseinanderdriften der europ&auml;ischen Staaten und z&auml;hle zu den Ursachen, warum &uuml;berall in Europa Extremisten im Aufwind sind, so die Fotografin. Normalerweise arbeitet Hauk international f&uuml;r bekannte Unternehmen und Agenturen.&nbsp;<br>\nDer Kalender ist ein Impulsreferat in gedruckter Form, das zur Diskussion mit Freunden, Bekannten und Arbeitskollegen einladen soll. &bdquo;Die Herausforderung war, ernste Themen so umzusetzen, dass wir sie in einem Wandkalender darstellen k&ouml;nnen, den sich die Menschen auch an die Wand h&auml;ngen wollen&ldquo;, sagt Hauk. Themen im neuen Kalender sind: Nationalismus (Januar), Ladenschluss (Februar), Solidarit&auml;t (M&auml;rz), Bauruinen (April), Industrieproduktion (Mai), Gesundheitsversorgung (Juni), Tourismus (Juli), Landflucht (August), Schulen und Kinderg&auml;rten (September), Zwangsprivatisierung (Oktober), Suizidrate (November) und Selbstorganisation (Dezember).<br>\n&nbsp;<br>\nAuf allen Monatsmotiven taucht ein Astronaut auf, den die Kalendermacher Protestonaut (von lat.: protestari &ndash; &ouml;ffentlich bezeugen und griech.: -naut&#275;s &ndash; Matrose) getauft haben. Die Idee hinter dem Kalender erkl&auml;rt Hauk so: &bdquo;Im All haben Astronauten einen au&szlig;ergew&ouml;hnlichen Blick auf die Erde und schweben &uuml;ber Problemen des blauen Planeten. Im Kost&uuml;m k&ouml;nnte jeder stecken.&ldquo;<br>\nIn Griechenland wurden die Kalendermacher von der Projektmanagerin Lea Aimee und dem Journalisten Odysseas Athanasiadis unterst&uuml;tzt. Die Aufnahmen sind unter anderem in Athen, Thessaloniki, Kalandra, Kassandria (Halkidiki), Gythio (Peloponnes) und Idomeni entstanden. Rund ein halbes Jahr hat Hauk an dem 18-seitigen Kalender im DIN-A3-Format gearbeitet, der jetzt erh&auml;ltlich ist (ISBN 978-3981672596). Im kommenden Jahr sollen die Motive in Ausstellungen in Deutschland und Griechenland gezeigt werden.<br>\n&nbsp;<br>\nMit zeitlichem Abstand zur Reise appelliert Sophia Hauk an Politiker: &bdquo;Nennt K&uuml;rzungspolitik und K&uuml;rzungsma&szlig;nahmen nicht verharmlosend Sparpolitik oder Sparma&szlig;nahmen. Das hat nichts mit Sparen zu tun.&ldquo;<br>\n&nbsp;<br>\n<strong>Protestonaut Kalender 2017<\/strong><br>\nvon Sophia Hauk und Alexander Hauk<\/p><p>ISBN\/EAN: 978-3981672596<br>\n18 Euro<br>\nSeitenzahl: 18<br>\nFormat: 29,7 x 42 cm<br>\nGewicht: 450 g<br>\nSprache: Deutsch, Englisch, Griechisch<br>\n&nbsp;<br>\nWeitere Informationen zum Projekt und zur Fotografin:<\/p><ul>\n<li><a href=\"http:\/\/www.protestonaut.de\">protestonaut.de<\/a><\/li>\n<li><a href=\"http:\/\/www.sophialukasch.com\">sophialukasch.com<\/a><\/li>\n<\/ul><p><strong>Twitter-Hashtags:<\/strong> #nenntesnichtSparpolitik, #Wandkalenderjournalismus<br>\n&nbsp;<br>\n<strong>Kontakt f&uuml;r Interviews und Bestellungen:<\/strong><br>\nSophia Hauk&nbsp;&nbsp;&nbsp;&nbsp;&nbsp;&nbsp;&nbsp;&nbsp;&nbsp;&nbsp;&nbsp;&nbsp;&nbsp;&nbsp;&nbsp;<\/p><p>Tel.: 0171 7260007<br>\nE-Mail: <a href=\"mailto:mail@sophialukasch.com\">mail@sophialukasch.com<\/a><\/p>\n","protected":false},"excerpt":{"rendered":"<p>Der Protestonaut-Kalender 2017 ist da: In der dritten Ausgabe zeigen die Macher des au&szlig;ergew&ouml;hnlichen Fotokalenders die Auswirkungen der in vielen L&auml;ndern Europas vorherrschenden K&uuml;rzungspolitik auf &ndash; besch&ouml;nigend oft auch Sparpolitik genannt. Die Motive der Fotografin Sophia Hauk werden durch Texte und Zahlen aus Studien, Fachliteratur und Medien erg&auml;nzt. Erstmals ist der Wandkalender dreisprachig: Die Texte<\/p>\n<div class=\"readMore\"><a class=\"moretag\" href=\"https:\/\/www.nachdenkseiten.de\/?p=35865\">Weiterlesen<\/a><\/div>\n","protected":false},"author":2,"featured_media":0,"comment_status":"closed","ping_status":"open","sticky":false,"template":"","format":"standard","meta":{"spay_email":"","footnotes":""},"categories":[35,126,50,156],"tags":[423,1555],"class_list":["post-35865","post","type-post","status-publish","format-standard","hentry","category-aufbau-gegenoeffentlichkeit","category-erosion-der-demokratie","category-finanzkrise","category-schulden-sparen","tag-austeritaetspolitik","tag-griechenland"],"jetpack_featured_media_url":"","_links":{"self":[{"href":"https:\/\/www.nachdenkseiten.de\/index.php?rest_route=\/wp\/v2\/posts\/35865","targetHints":{"allow":["GET"]}}],"collection":[{"href":"https:\/\/www.nachdenkseiten.de\/index.php?rest_route=\/wp\/v2\/posts"}],"about":[{"href":"https:\/\/www.nachdenkseiten.de\/index.php?rest_route=\/wp\/v2\/types\/post"}],"author":[{"embeddable":true,"href":"https:\/\/www.nachdenkseiten.de\/index.php?rest_route=\/wp\/v2\/users\/2"}],"replies":[{"embeddable":true,"href":"https:\/\/www.nachdenkseiten.de\/index.php?rest_route=%2Fwp%2Fv2%2Fcomments&post=35865"}],"version-history":[{"count":5,"href":"https:\/\/www.nachdenkseiten.de\/index.php?rest_route=\/wp\/v2\/posts\/35865\/revisions"}],"predecessor-version":[{"id":35878,"href":"https:\/\/www.nachdenkseiten.de\/index.php?rest_route=\/wp\/v2\/posts\/35865\/revisions\/35878"}],"wp:attachment":[{"href":"https:\/\/www.nachdenkseiten.de\/index.php?rest_route=%2Fwp%2Fv2%2Fmedia&parent=35865"}],"wp:term":[{"taxonomy":"category","embeddable":true,"href":"https:\/\/www.nachdenkseiten.de\/index.php?rest_route=%2Fwp%2Fv2%2Fcategories&post=35865"},{"taxonomy":"post_tag","embeddable":true,"href":"https:\/\/www.nachdenkseiten.de\/index.php?rest_route=%2Fwp%2Fv2%2Ftags&post=35865"}],"curies":[{"name":"wp","href":"https:\/\/api.w.org\/{rel}","templated":true}]}}