{"id":3674,"date":"2008-12-22T15:29:08","date_gmt":"2008-12-22T14:29:08","guid":{"rendered":"http:\/\/www.nachdenkseiten.de\/?p=3674"},"modified":"2015-10-28T11:44:10","modified_gmt":"2015-10-28T10:44:10","slug":"wir-wuenschen-allen-unseren-leserinnen-und-lesern-ein-froehliches-weihnachtsfest-und-ein-gutes-gesundes-und-glueckliches-neues-jahr","status":"publish","type":"post","link":"https:\/\/www.nachdenkseiten.de\/?p=3674","title":{"rendered":"Wir w\u00fcnschen allen unseren Leserinnen und Lesern ein fr\u00f6hliches Weihnachtsfest und ein gutes, gesundes und gl\u00fcckliches Neues Jahr!"},"content":{"rendered":"<p>Deutschland, ja die gesamte Welt stehen an einem Wendepunkt. Der Kreuzzug der neoliberalen Ideologen konnte sich noch bis vor kurzem den Anstrich von wirtschaftlicher Vernunft und Effizienz geben. Ihre Rezepturen galten als &bdquo;alternativlos&ldquo; oder &bdquo;objektiv notwendig&ldquo;. Sp&auml;testens die Finanzkrise hat diese Fassade f&uuml;r jedermann sichtbar niedergerissen. Ein ungerechtes Bereicherungssystem, hinter dem oft kriminelle Machenschaften stecken, kam zum Vorschein.<br>\n<!--more--><br>\nDer Staat, der &uuml;ber Jahre hinweg &bdquo;ausgehungert&ldquo; werden sollte, musste &uuml;ber Nacht mit Milliardensummen in bis dato unvorstellbarer H&ouml;he &bdquo;Rettungsfallschirme&ldquo; &uuml;ber Banken und ganze Industriezweige aufspannen. Wir alle werden f&uuml;r das Zerst&ouml;rungswerk einer Minderheit in Haft genommen.<\/p><p>Zur Bek&auml;mpfung der wirtschaftlichen Rezession wird pl&ouml;tzlich nach &ouml;ffentlichen Investitionen gerufen. Es werden Konjunkturprogramme aufgelegt, die jahrelang als wirkungslose &bdquo;Strohfeuer&ldquo; abgetan wurden. <\/p><p>Pl&ouml;tzlich wimmelt es in Wirtschaft, Politik und Medien nur noch so von &bdquo;Wendeh&auml;lsen&ldquo;, die ihre fr&uuml;heren Parolen am liebsten aus den Archiven tilgen w&uuml;rden. Die Rezepturen der viel zitierten &bdquo;Experten&ldquo; entpuppen sich als hohle Dogmen.  Unsere &bdquo;F&uuml;hrungseliten&ldquo; tun so, als sei die Krise wie ein &bdquo;Spring-ins-Feld-Teufel&ldquo; (Steinbr&uuml;ck) &uuml;ber uns gekommen. Sie wollen damit vertuschen, dass sie jahrelang dem &bdquo;Teufel&ldquo; hinterherliefen. Banker, Politiker, Meinungsmacher versuchen jetzt alles, um von ihrem vorausgegangenen Tun abzulenken. Machen wir uns nichts vor: Hinter den Schuldzuweisungen  und hinter den (zaghaften) Schuldeingest&auml;ndnissen verbergen viele, der angeblich vom Saulus zum Paulus Bekehrten, nur ihre Absicht des &bdquo;Weiter-so&ldquo;.<\/p><p>Wenn Sie in den zur&uuml;ckliegenden Jahren die NachDenkSeiten gelesen haben, dann wussten Sie schon seit langem, dass die Alarmzeichen der Krise schon viel fr&uuml;her erkennbar waren. Die Kritik und der Widerstand eines gro&szlig;en Teils der Bev&ouml;lkerung gegen&uuml;ber der &bdquo;Diktatur&ldquo; der neoliberalen &bdquo;Reformen&ldquo;, die bisher allenfalls in Umfragen oder in den Volksabstimmungen &uuml;ber die europ&auml;ischen &bdquo;Reform&ldquo;-Vertr&auml;ge ihren Ausdruck fanden, stehen pl&ouml;tzlich wieder auf der Tagesordnung. Das offenkundige Scheitern der bisher herrschenden Lehren k&ouml;nnte eine Chance f&uuml;r einen Wechsel bieten. <\/p><p>Im Jahr 2009 finden wichtige Wahlen statt, unter anderem die Europawahl und die Bundestagswahl. Schreiben Sie Ihren Kandidatinnen und Kandidaten und melden Sie sich bei deren Veranstaltungen zu Wort. Gehen Sie an die Stra&szlig;enst&auml;nde und lassen die angebotenen &bdquo;Luftballons&ldquo; platzen. Sagen Sie den Politikern, dass schon genug plattgemacht worden ist und lassen Sie sich nicht mit sch&ouml;nen Worten und Versprechungen abwiegeln. Fragen Sie ganz konkret danach, mit welchen Ma&szlig;nahmen die Kandidatinnen und Kandidaten die zunehmende Spaltung unserer Gesellschaft in Arm und Reich aufhalten wollen, was sie zu tun gedenken, um die Binnennachfrage zu st&auml;rken, um gute Arbeit zu angemessenen L&ouml;hnen zu schaffen, was sie an Ihrer Rente verbessern wollen, wie sie f&uuml;r mehr Chancengleichheit in der Bildung sorgen wollen, wie sie das Fleddern &ouml;ffentlichen Eigentums aufhalten wollen oder wie sie Sicherheit gew&auml;hrleisten wollen, ohne dass in Ihre Freiheitsrechte eingegriffen wird und die Gefahr besteht, dass Ihr Computer ausgesp&auml;ht wird.<br>\nMachen Sie aus Ihrer oft erlebten Ohnmacht im Wahljahr eine Macht gegen das &bdquo;Weiter-so&ldquo;.<\/p><p>Die NachDenkSeiten m&ouml;chten Ihnen dabei auch im kommenden Jahr zur Seite stehen. Wir m&ouml;chten Ihnen weiterhin ein verl&auml;sslicher Partner sein und Sie mit Fakten und Argumenten dagegen wappnen, von den Meinungsmachern hinters Licht gef&uuml;hrt zu werden. Wir wollen Ihnen helfen, die wohlt&ouml;nenden Wahlkampfparolen zu durchschauen. Wir wollen unseren Teil dazu beitragen, dass eine aufgekl&auml;rte Gegenbewegung an Kraft gewinnt, die notwendig ist, damit ein neuer Kurs m&ouml;glich wird.<\/p><p>Dazu bauen wir auch im kommenden Jahr auf Ihr Engagement. Wir sind darauf angewiesen, dass Sie mitmachen.<\/p><p>Wir bedanken uns herzlich bei allen, die uns im zur&uuml;ckliegenden Jahr unterst&uuml;tzt haben. Ohne Ihre t&auml;gliche Mithilfe, w&auml;ren die NachDenkSeiten gar nicht m&ouml;glich. Wir k&ouml;nnen nur immer wieder um Verst&auml;ndnis und Nachsicht bitten, wenn wir es nicht schaffen, uns f&uuml;r Ihre Hinweise, Ihre Anregungen, Ihre Argumente und Ihre Kritik regelm&auml;&szlig;ig zu bedanken oder darauf zu reagieren. Bitte sehen Sie uns nach, dass wir manchmal auch beim besten Willen auf Ihre Mail nicht antworten k&ouml;nnen. Wir lesen sie, aber die Kraft und vor allem die Zeit reicht oft nicht einmal zu einer formalen Antwort.  <\/p><p>Das kleine Team der NachDenkSeiten w&uuml;nscht Ihnen ein fr&ouml;hliches Weihnachtsfest und ein gl&uuml;ckliches, gesundes und gutes Neues Jahr. <\/p><p>Und wenigstens in diesem Wunsch schlie&szlig;en wir uns der Weihnachtsbotschaft der Kanzlerin an: &bdquo;Spannen Sie aus und sch&ouml;pfen Sie Kraft&ldquo;.<\/p><p>Diesem Wunsch unserer Regierungschefin wollen wir uns auch selbst nicht entziehen. Wir machen jetzt f&uuml;r einige Tage bis zum Jahresanfang Pause. Es sei denn, es geschieht etwas, was dringend analysiert und kommentiert werden m&uuml;sste. Dass Sie jetzt f&uuml;r einige Tage keinen neuen Eintrag im kritischen Tagebuch finden, muss f&uuml;r Sie nicht bedeuten, dass Sie keinen Lesestoff auf unserer Webseite finden. Scrollen Sie einfach ein bisschen zur&uuml;ck, oder rufen Sie eine unserer Rubriken auf. Sie werden sehr viele Texte finden, die so aktuell sind wie zum Zeitpunkt des Einstellens.<br>\nWenn Sie wichtige Texte bequemer als am Bildschirm lesen wollen, dann greifen Sie einfach auf <a href=\"?page_id=3577\">unser Jahrbuch<\/a> zur&uuml;ck. Am vergangenen Wochenende wurde mit der Auslieferung begonnen.<\/p><p>Mit herzlichen Gr&uuml;&szlig;en<\/p><p>Ihr Wolfgang Lieb, Ihr Albrecht M&uuml;ller, Ihr Kai Ruhsert<br>\nIhr Webmaster Lars Bauer &ndash; <a href=\"http:\/\/www.medienpalast.de\">www.medienpalast.de<\/a><\/p>\n","protected":false},"excerpt":{"rendered":"<p>Deutschland, ja die gesamte Welt stehen an einem Wendepunkt. Der Kreuzzug der neoliberalen Ideologen konnte sich noch bis vor kurzem den Anstrich von wirtschaftlicher Vernunft und Effizienz geben. Ihre Rezepturen galten als &bdquo;alternativlos&ldquo; oder &bdquo;objektiv notwendig&ldquo;. Sp&auml;testens die Finanzkrise hat diese Fassade f&uuml;r jedermann sichtbar niedergerissen. Ein ungerechtes Bereicherungssystem, hinter dem oft kriminelle Machenschaften stecken,<\/p>\n<div class=\"readMore\"><a class=\"moretag\" href=\"https:\/\/www.nachdenkseiten.de\/?p=3674\">Weiterlesen<\/a><\/div>\n","protected":false},"author":2,"featured_media":0,"comment_status":"closed","ping_status":"open","sticky":false,"template":"","format":"standard","meta":{"spay_email":"","footnotes":""},"categories":[35,14],"tags":[261,243],"class_list":["post-3674","post","type-post","status-publish","format-standard","hentry","category-aufbau-gegenoeffentlichkeit","category-veroffentlichungen-der-herausgeber","tag-das-kritische-jahrbuch","tag-in-eigener-sache"],"jetpack_featured_media_url":"","_links":{"self":[{"href":"https:\/\/www.nachdenkseiten.de\/index.php?rest_route=\/wp\/v2\/posts\/3674","targetHints":{"allow":["GET"]}}],"collection":[{"href":"https:\/\/www.nachdenkseiten.de\/index.php?rest_route=\/wp\/v2\/posts"}],"about":[{"href":"https:\/\/www.nachdenkseiten.de\/index.php?rest_route=\/wp\/v2\/types\/post"}],"author":[{"embeddable":true,"href":"https:\/\/www.nachdenkseiten.de\/index.php?rest_route=\/wp\/v2\/users\/2"}],"replies":[{"embeddable":true,"href":"https:\/\/www.nachdenkseiten.de\/index.php?rest_route=%2Fwp%2Fv2%2Fcomments&post=3674"}],"version-history":[{"count":1,"href":"https:\/\/www.nachdenkseiten.de\/index.php?rest_route=\/wp\/v2\/posts\/3674\/revisions"}],"predecessor-version":[{"id":28122,"href":"https:\/\/www.nachdenkseiten.de\/index.php?rest_route=\/wp\/v2\/posts\/3674\/revisions\/28122"}],"wp:attachment":[{"href":"https:\/\/www.nachdenkseiten.de\/index.php?rest_route=%2Fwp%2Fv2%2Fmedia&parent=3674"}],"wp:term":[{"taxonomy":"category","embeddable":true,"href":"https:\/\/www.nachdenkseiten.de\/index.php?rest_route=%2Fwp%2Fv2%2Fcategories&post=3674"},{"taxonomy":"post_tag","embeddable":true,"href":"https:\/\/www.nachdenkseiten.de\/index.php?rest_route=%2Fwp%2Fv2%2Ftags&post=3674"}],"curies":[{"name":"wp","href":"https:\/\/api.w.org\/{rel}","templated":true}]}}