{"id":36890,"date":"2017-02-06T17:07:50","date_gmt":"2017-02-06T16:07:50","guid":{"rendered":"http:\/\/www.nachdenkseiten.de\/?p=36890"},"modified":"2017-02-07T16:52:14","modified_gmt":"2017-02-07T15:52:14","slug":"was-ist-rechts-illegale-krieg-fuehren-nein-von-der-verstaendigung-in-europa-wieder-zurueckkehren-zur-strategie-der-abschreckung-nein-mit-atombomben-drohen-nein","status":"publish","type":"post","link":"https:\/\/www.nachdenkseiten.de\/?p=36890","title":{"rendered":"Was ist rechts? Illegale Kriege f\u00fchren, nein? Von der Verst\u00e4ndigung in Europa wieder zur\u00fcckkehren zur Strategie der Abschreckung, nein? Mit Atombomben drohen, nein?"},"content":{"rendered":"<p>Am 3. Februar war auf den NachDenkSeiten <a href=\"http:\/\/www.nachdenkseiten.de\/?p=36864\">zu lesen<\/a>, Panorama manipuliere und &bdquo;drifte ins rechte Lager der Militaristen&ldquo; ab, verbunden mit einem Lob f&uuml;r die Politik der Abschreckung und der Atombomben. Auf Facebook fragte daraufhin Can Cano&#351;: &bdquo;Wieso m&uuml;ssen die Nachdenkseiten mittlerweile immer so extrem formulieren (&ldquo;ins rechte Lager&hellip;&rdquo;)?&ldquo; (Meinungsaustausch wiedergegeben in der Anlage). &ndash; Bei mir l&ouml;ste diese Frage eine Kette weiterer Fragen aus: Kriege f&uuml;hren, illegale Kriege f&uuml;hren, Kriege f&uuml;hren um &Ouml;l, Kriege f&uuml;hren, die wie im Falle Libyens und des Irak ein zerst&ouml;rtes und unregierbares Land hinterlassen &ndash; was ist das? Aus meiner Sicht Ausdruck eines extremen, gewaltt&auml;tigen Rechtsradikalismus. <strong>Albrecht M&uuml;ller<\/strong><\/p><p><em>Dieser Beitrag ist auch als Audio-Podcast verf&uuml;gbar.<\/em><br>\n<!--more--><br>\n<\/p><div class=\"powerpress_player\" id=\"powerpress_player_9151\"><!--[if lt IE 9]><script>document.createElement('audio');<\/script><![endif]-->\n<audio class=\"wp-audio-shortcode\" id=\"audio-36890-1\" preload=\"none\" style=\"width: 100%;\" controls=\"controls\"><source type=\"audio\/mpeg\" src=\"http:\/\/www.nachdenkseiten.de\/upload\/podcast\/170206_Was_ist_rechts_NDS.mp3?_=1\"><\/source><a href=\"http:\/\/www.nachdenkseiten.de\/upload\/podcast\/170206_Was_ist_rechts_NDS.mp3\">http:\/\/www.nachdenkseiten.de\/upload\/podcast\/170206_Was_ist_rechts_NDS.mp3<\/a><\/audio><\/div><p class=\"powerpress_links powerpress_links_mp3\">Podcast: <a href=\"http:\/\/www.nachdenkseiten.de\/upload\/podcast\/170206_Was_ist_rechts_NDS.mp3\" class=\"powerpress_link_pinw\" target=\"_blank\" title=\"Play in new window\" onclick=\"return powerpress_pinw('https:\/\/www.nachdenkseiten.de\/?powerpress_pinw=36890-podcast');\" rel=\"nofollow\">Play in new window<\/a> | <a href=\"http:\/\/www.nachdenkseiten.de\/upload\/podcast\/170206_Was_ist_rechts_NDS.mp3\" class=\"powerpress_link_d\" title=\"Download\" rel=\"nofollow\" download=\"170206_Was_ist_rechts_NDS.mp3\">Download<\/a><\/p><p>Wir haben es hingenommen, dass der zerst&ouml;rerische Krieg im Irak mit einer unglaublichen L&uuml;ge begonnen wurde und schlucken es bis heute ohne Kritik, dass die deutsche Bundeskanzlerin damals als Oppositionsf&uuml;hrerin gefordert hatte, diesen illegalen Krieg mitzuf&uuml;hren. Wir haben es hingenommen, dass Frankreich und Gro&szlig;britannien und die USA sich anma&szlig;en, in Libyen einen Regierungswechsel herbeizuf&uuml;hren, koste es, was es wolle &ndash; ein zerst&ouml;rtes Land, ein unregierbares Land, Hunderttausende von Toten und Fl&uuml;chtlingen.<\/p><p>Wir haben es hingenommen, dass Deutschland sich am Krieg in Syrien beteiligt und in Afghanistan. Wir haben es hingenommen, dass der erkl&auml;rte Wille, abzur&uuml;sten, beerdigt wurde und aufger&uuml;stet wird; wir nehmen es hin, dass die Strategie des Sich-Vertragens zwischen West und Ost wieder ersetzt wird durch die Strategie der Abschreckung. <\/p><p>Wenn Militarisierung und Milit&auml;reins&auml;tze den Vorrang vor Verhandlungen und Frieden haben &ndash; wie anders sollen wir das nennen als eine Wendung nach rechts, eine Wendung hin zur milit&auml;rischen Gewalt. Das hat mit links und mit Linksliberalismus und mit Menschenrechten und mit all dem Ged&ouml;ns von sogenannten westlichen Werten nichts zu tun. Es ist genauso rechtsradikal und rechtspopulistisch wie jene Rechtsradikalen, die in Europa und in den USA ihr Haupt erheben und die allgemein mit dem Wort Rechtspopulisten etikettiert werden.<\/p><p>In meinem Beitrag &uuml;ber Panorama habe ich bewusst davon gesprochen, dass dieses verdienstvolle Sendeformat mit dem Beitrag &uuml;ber die Atombombe nach rechts abgedriftet ist. Das mag eine harte Sprache sein. Es mag Mitarbeiter der Panorama-Redaktion zu Unrecht treffen. Aber diese H&auml;rte ist im konkreten Fall berechtigt, wenn es um Krieg und Frieden geht.<\/p><p>Dies festzustellen, war mir ein Anliegen, weil wir nunmehr jahrelang, sp&auml;testens seit dem Kosovo Krieg von 1999 und dem Irakkrieg von 2003 so tun, als w&auml;re die Serie von illegalen Kriegen Ausdruck liberaler westlicher oder sogar linksliberaler Gesinnung. Illegale Kriege zu f&uuml;hren, ist durch nichts zu entschuldigen. <\/p><p>Sie haben bei uns nicht das Image von Rechtsradikalit&auml;t, weil die dramatischen Folgen mit Schweigen und Meinungsmache entsorgt werden. Das kann man aktuell vorz&uuml;glich an der Berichterstattung &uuml;ber Libyen und die Vorkehrungen der Europ&auml;ischen Union f&uuml;r die Fl&uuml;chtlinge beobachten. Ich habe mehrere Medien am vergangenen Wochenende durchgeschaut. Bei dpa, bei heute, bei der Bild-Zeitung, in meiner Regionalzeitung lauter Meldungen &uuml;ber den EU-Gipfel in Malta und Klagen &uuml;ber den inneren Zustand, aber kein ehrliches Wort zu den Ursachen der verheerenden Lage von Libyen: dem von Frankreich, Gro&szlig;britannien und den USA gef&uuml;hrten Krieg zum Sturz von Gaddafi.<\/p><p><strong>Anlage: Dialog aus Facebook<\/strong><\/p><blockquote><p>Can Cano&#351;: Wieso m&uuml;ssen die Nachdenkseiten mittlerweile immer so extrem formulieren (&ldquo;ins rechte Lager&hellip;&rdquo;)?<br>\nWieso wird durch das eine Thema die gesamte Bandbreite von Panorama in Misskredit gebracht.<br>\nKritik ist n&ouml;tig und wichtig, wohl insbesondere bei diesem Beitrag, aber einerseits selbst immer wieder die Verwendung der &ldquo;Querfront&rdquo; durch andere zu kritisieren, und dann selbst andere Akteure mit einem &auml;hnlichen Vorwurf zu konfrontieren entt&auml;uscht mich sehr.<\/p>\n<p>Ich finde die Nachdenkseiten gut, aber die sprachliche Ausrichtung scheint mir in letzter Zeti manchmal nicht bedacht genug.<\/p>\n<p>Ulrike Hinrichs Wie soll man das &ldquo;rechte Lager&rdquo; denn sonst titulieren? Gibt&rsquo;s eine Alternative? Wenn ja&hellip;.ist die hoffentlich nicht blaubraun&hellip;&hellip;<\/p>\n<p>Can Cano&#351; Der Stempel ist das Problem. Eine Position stimmt nicht mit der eigenen &uuml;berein und schon gibt es den kompletten Stempel &lsquo;gegnerisch&rsquo;, oder &lsquo;Feind&rsquo;. So w&uuml;rde ich jedenfalls die verwendete Bezeichnung einordnen.<\/p><\/blockquote>\n","protected":false},"excerpt":{"rendered":"<p>Am 3. Februar war auf den NachDenkSeiten <a href=\"http:\/\/www.nachdenkseiten.de\/?p=36864\">zu lesen<\/a>, Panorama manipuliere und &bdquo;drifte ins rechte Lager der Militaristen&ldquo; ab, verbunden mit einem Lob f&uuml;r die Politik der Abschreckung und der Atombomben. Auf Facebook fragte daraufhin Can Cano&#351;: &bdquo;Wieso m&uuml;ssen die Nachdenkseiten mittlerweile immer so extrem formulieren (&ldquo;ins rechte Lager&hellip;&rdquo;)?&ldquo; (Meinungsaustausch wiedergegeben in der Anlage).<\/p>\n<div class=\"readMore\"><a class=\"moretag\" href=\"https:\/\/www.nachdenkseiten.de\/?p=36890\">Weiterlesen<\/a><\/div>\n","protected":false},"author":2,"featured_media":0,"comment_status":"closed","ping_status":"open","sticky":false,"template":"","format":"standard","meta":{"spay_email":"","footnotes":""},"categories":[107,183,171,125],"tags":[2035,351,1546,1519,641,1611,1052,893,1418,1553],"class_list":["post-36890","post","type-post","status-publish","format-standard","hentry","category-audio-podcast","category-medienkritik","category-militaereinsaetzekriege","category-rechte-gefahr","tag-abschreckungsstrategie","tag-afghanistan","tag-ard","tag-atomwaffen","tag-irak","tag-kriegsluegen","tag-libyen","tag-militarisierung","tag-regime-change","tag-syrien"],"jetpack_featured_media_url":"","_links":{"self":[{"href":"https:\/\/www.nachdenkseiten.de\/index.php?rest_route=\/wp\/v2\/posts\/36890","targetHints":{"allow":["GET"]}}],"collection":[{"href":"https:\/\/www.nachdenkseiten.de\/index.php?rest_route=\/wp\/v2\/posts"}],"about":[{"href":"https:\/\/www.nachdenkseiten.de\/index.php?rest_route=\/wp\/v2\/types\/post"}],"author":[{"embeddable":true,"href":"https:\/\/www.nachdenkseiten.de\/index.php?rest_route=\/wp\/v2\/users\/2"}],"replies":[{"embeddable":true,"href":"https:\/\/www.nachdenkseiten.de\/index.php?rest_route=%2Fwp%2Fv2%2Fcomments&post=36890"}],"version-history":[{"count":5,"href":"https:\/\/www.nachdenkseiten.de\/index.php?rest_route=\/wp\/v2\/posts\/36890\/revisions"}],"predecessor-version":[{"id":36898,"href":"https:\/\/www.nachdenkseiten.de\/index.php?rest_route=\/wp\/v2\/posts\/36890\/revisions\/36898"}],"wp:attachment":[{"href":"https:\/\/www.nachdenkseiten.de\/index.php?rest_route=%2Fwp%2Fv2%2Fmedia&parent=36890"}],"wp:term":[{"taxonomy":"category","embeddable":true,"href":"https:\/\/www.nachdenkseiten.de\/index.php?rest_route=%2Fwp%2Fv2%2Fcategories&post=36890"},{"taxonomy":"post_tag","embeddable":true,"href":"https:\/\/www.nachdenkseiten.de\/index.php?rest_route=%2Fwp%2Fv2%2Ftags&post=36890"}],"curies":[{"name":"wp","href":"https:\/\/api.w.org\/{rel}","templated":true}]}}