{"id":37085,"date":"2017-02-20T09:31:08","date_gmt":"2017-02-20T08:31:08","guid":{"rendered":"http:\/\/www.nachdenkseiten.de\/?p=37085"},"modified":"2017-02-20T11:04:26","modified_gmt":"2017-02-20T10:04:26","slug":"muenchner-unsicherheitskonferenz-2017-drinnen-konfrontation-und-aufruestung-draussen-kreativer-protest-fuer-frieden","status":"publish","type":"post","link":"https:\/\/www.nachdenkseiten.de\/?p=37085","title":{"rendered":"M\u00fcnchner Unsicherheitskonferenz 2017 \u2013 drinnen Konfrontation und Aufr\u00fcstung, drau\u00dfen kreativer Protest f\u00fcr Frieden"},"content":{"rendered":"<div style=\"float: right; margin: 0 0 15px 15px\"><img decoding=\"async\" src=\"http:\/\/www.nachdenkseiten.de\/upload\/bilder\/170220_siko3_karim_el_nour.jpg\" alt=\"\" title=\"\"><\/div><p>An diesem Wochenende trafen sich wieder einmal namhafte Politiker, R&uuml;stungslobbyisten und meist in transatlantische Netzwerke eingebundene Journalisten in M&uuml;nchen zur allj&auml;hrlichen &bdquo;Sicherheitskonferenz&ldquo;. Es ging um die vermeintlich &bdquo;obsolete&ldquo; NATO, das &bdquo;Engagement&ldquo; der USA mit ihrem neuen Pr&auml;sidenten und nat&uuml;rlich die Verteidigungsausgaben. Drau&szlig;en vor der T&uuml;r machten sich derweil ein kriegsgegnerisches Aktionsb&uuml;ndnis Luft und demonstrierte kreativ gegen das S&auml;belrasseln und die Forderungen nach noch h&ouml;heren Milit&auml;rausgaben. <strong>Wolfgang Blaschka<\/strong> hat f&uuml;r die NachDenkSeiten die Protestaktionen besucht. Die Fotos zum Bericht stammen von <strong>Karim El Nour<\/strong>.<br>\n<!--more--><br>\nDie Kriegsgegner und Friedensfreunde drau&szlig;en auf den Stra&szlig;en M&uuml;nchens lie&szlig;en sich nicht vom Treiben der R&uuml;stungslobby infizieren. Zu mehreren Tausend stellten sie dem westlichen Milit&auml;rb&uuml;ndnis getrost den Totenschein aus und forderten &bdquo;Frieden statt NATO&ldquo;. Ihr prinzipielles &bdquo;Nein zum Krieg&ldquo; schloss auch die Forderung mit ein: &bdquo;Raus aus den EU-Milit&auml;rstrukturen&rdquo; und &bdquo;Bundeswehr abschaffen&ldquo;. Und selbstverst&auml;ndlich: &bdquo;R&uuml;stungsexporte verbieten&rdquo;. Denn ohne die w&uuml;rde sich die R&uuml;stungsindustrie nicht lohnen; sie k&ouml;nnte zu ziviler Produktion konvertiert werden.<\/p><p><a href=\"http:\/\/www.nachdenkseiten.de\/upload\/bilder\/170220_siko5_karim_el_nour.jpg\"><img decoding=\"async\" src=\"http:\/\/www.nachdenkseiten.de\/upload\/bilder\/170220_siko5_karim_el_nour-small.png\" alt=\"\" title=\"\"><\/a><\/p><p>Das hatten die &ldquo;Feinde des Krieges&rdquo; mit einem Papp-Panzer bereits einige Tage vor der Milit&auml;rtagung direkt vor dem Bayerischen Hof demonstriert mit ihrer Panzerknacker-Aktion. Bei der Protestkette durch die Fu&szlig;g&auml;ngerzone wurde dann aus dem Zerst&ouml;rungsger&auml;t eine farbenfrohe, wenn auch nicht direkt formsch&ouml;ne &ldquo;Blumenvase&rdquo;. Aber daran kann ja noch weitergebastelt werden in den Entwicklungs-Etagen von Krauss Maffei. Irgendwas Sinnvolleres wird sich schon finden lassen anstatt wie bisher Tonnen von Stahl in Todesraupen zu gie&szlig;en, die am Ende selbst zu Hightech-Schrott zusammengeschossen werden. Denn Krieg bringt nur Zerst&ouml;rung, das ist sein Zweck.<\/p><p><a href=\"http:\/\/www.nachdenkseiten.de\/upload\/bilder\/170220_siko7_karim_el_nour.jpg\"><img decoding=\"async\" src=\"http:\/\/www.nachdenkseiten.de\/upload\/bilder\/170220_siko7_karim_el_nour-small.png\" alt=\"\" title=\"\"><\/a><\/p><p>Der von Europ&auml;ern oft beinahe d&uuml;nkelhaft vorgetragene Ekel vor dem deutschst&auml;mmigen Rabauken im m&auml;chtigsten Amt der Erde t&auml;uscht die in M&uuml;nchen demonstrierenden Kriegsgegner nicht dar&uuml;ber hinweg, dass das deutsche Auftrumpfen bei aller gespielten Unterw&uuml;rfigkeit nicht weniger gef&auml;hrlich ist als die Eskapaden im Wei&szlig;en Haus. Das brachten sowohl der Theologe Eugen Drewermann in seiner fulminanten Rede als auch die Bundestags-Abgeordnete der LINKEn Sevim Dagdelen mit ihrer Kritik an der Kungelei Angela Merkels mit dem t&uuml;rkischen Despoten Erdogan zum Ausdruck. Auch Lisa Fitz appellierte an das Publikum zum Auftakt: &ldquo;Selber denken!&rdquo; <\/p><div style=\"float: right; margin: 0 0 15px 15px\"><img decoding=\"async\" src=\"http:\/\/www.nachdenkseiten.de\/upload\/bilder\/170220_siko6_karim_el_nour.jpg\" alt=\"\" title=\"\"><\/div><p>Nichts w&auml;re unheilvoller, als in europ&auml;isch &uuml;berh&ouml;hten Nationalismus zu verfallen, um etwa dem Rechtspopulismus in den USA entgegenzutreten. Als h&auml;tten wir in Europa nicht gen&uuml;gend &ldquo;eigenen&rdquo; braunen Schmutz vor der T&uuml;r zu kehren. Daher fuhren dem Demonstrationszug vorweg nicht nur die Motorradfahrer von Kuhle Wampe, sondern auch ein Feuerwehr-Drehleiterwagen als passendes B&uuml;hnenfahrzeug gegen die Kriegsbrandstifter weltweit, gerade gro&szlig; genug f&uuml;r die Zwei-Mann-Band &ldquo;Sleepwalkers Station&rdquo; und einen Moderator, der sein Umzingelungs-Gedicht zum &ldquo;Tanz der Vampire&rdquo; vortrug.<\/p><p><a href=\"http:\/\/www.nachdenkseiten.de\/upload\/bilder\/170220_siko4_karim_el_nour.jpg\"><img decoding=\"async\" src=\"http:\/\/www.nachdenkseiten.de\/upload\/bilder\/170220_siko4_karim_el_nour-small.png\" alt=\"\" title=\"\"><\/a><\/p><p>Dahinter ging eine Gruppe von 150 Gefl&uuml;chteten, die gegen die hermetische Abschottung Europas vor jenem Elend protestierten, das &bdquo;der Westen&ldquo; durch Kriege, Waffenexporte und aggressive Handelspolitik anrichtet. Sie wurden ausdr&uuml;cklich willkommen gehei&szlig;en, denn sie werden &bdquo;unsere Kollegen von morgen sein, und Mitk&auml;mpfer um einen gerechten Anteil am Reichtum dieses Landes f&uuml;r die Menschen, die diesen Reichtum schaffen&ldquo;. Ihre Forderung nach legalen Zugangsm&ouml;glichkeiten ist nur zu dringlich: Allein im vergangenen Jahr sind 5079 Menschen im Mittelmeer ertrunken, weil die Europ&auml;ische Union das Wasser zu ihrer Mauer gemacht hat, l&auml;ngst vor Trump.<\/p><div style=\"float: right; margin: 0 0 15px 15px\"><img decoding=\"async\" src=\"http:\/\/www.nachdenkseiten.de\/upload\/bilder\/170220_siko1_karim_el_nour.jpg\" alt=\"\" title=\"\"><\/div><p>&bdquo;Der Kampf um Frieden und gegen Krieg ist seinem Wesen nach international. Kulturelle Ressentiments stehen ihm diametral entgegen&ldquo;, hie&szlig; es in einer klaren Vorab-Distanzierung des Aktionsb&uuml;ndnisses gegen v&ouml;lkisch-nationalistische Ideologien, Antisemitismus und rechtspopulistische Islam-Hetze. Darum wurde auch an die Demonstrant*innen appelliert, auf das Mitf&uuml;hren von Nationalstaats-Fahnen zu verzichten, weil sie von Teilnehmern als Zeichen von Ausgrenzung und Unterdr&uuml;ckung empfunden werden. Umso bunter wehten dann die Regenbogen-Flaggen, Tafeln und Transparente. Zum Schluss spielten noch &bdquo;Mattia Caroli e Fiore del Male&ldquo; aus Italien auf.<\/p><p><a href=\"http:\/\/www.nachdenkseiten.de\/upload\/bilder\/170220_siko2_karim_el_nour.jpg\"><img decoding=\"async\" src=\"http:\/\/www.nachdenkseiten.de\/upload\/bilder\/170220_siko2_karim_el_nour-small.png\" alt=\"\" title=\"\"><\/a><\/p><p>In einem von Ludo Vici collagierten Antikriegs-Poem kam neben Schiller, B&uuml;chner und K&auml;stner auch Bertolt Brecht zu Wort mit einer Keuner-Geschichte: &ldquo;Herr K. hielt es nicht f&uuml;r n&ouml;tig, in einem bestimmten Lande zu leben. Er sagte: &bdquo;Ich kann &uuml;berall hungern.&ldquo; Eines Tages aber ging er durch eine Stadt, die vom Feind des Landes besetzt war, in dem er lebte. Da kam ihm entgegen ein Offizier dieses Feindes und zwang ihn, vom B&uuml;rgersteig herunterzugehen. Herr K. ging herunter und nahm an sich wahr, dass er gegen diesen Mann emp&ouml;rt war, und zwar nicht nur gegen diesen Mann, sondern besonders gegen das Land, dem der Mann angeh&ouml;rte, also dass er w&uuml;nschte, es m&ouml;chte vom Erdboden vertilgt werden. &bdquo;Wodurch&ldquo;, fragte Herr K., &bdquo;bin ich f&uuml;r diese Minute ein Nationalist geworden? Dadurch, dass ich einem Nationalisten begegnete. Aber darum muss man die Dummheit ja ausrotten, weil sie dumm macht, die ihr begegnen.&ldquo;<\/p>\n","protected":false},"excerpt":{"rendered":"<div style=\"float: right; margin: 0 0 15px 15px\"><img decoding=\"async\" src=\"http:\/\/www.nachdenkseiten.de\/upload\/bilder\/170220_siko3_karim_el_nour.jpg\" alt=\"\" title=\"\"\/><\/div>\n<p>An diesem Wochenende trafen sich wieder einmal namhafte Politiker, R&uuml;stungslobbyisten und meist in transatlantische Netzwerke eingebundene Journalisten in M&uuml;nchen zur allj&auml;hrlichen &bdquo;Sicherheitskonferenz&ldquo;. Es ging um die vermeintlich &bdquo;obsolete&ldquo; NATO, das &bdquo;Engagement&ldquo; der USA mit ihrem neuen Pr&auml;sidenten und nat&uuml;rlich die Verteidigungsausgaben. Drau&szlig;en vor der<\/p>\n<div class=\"readMore\"><a class=\"moretag\" href=\"https:\/\/www.nachdenkseiten.de\/?p=37085\">Weiterlesen<\/a><\/div>\n","protected":false},"author":8,"featured_media":0,"comment_status":"closed","ping_status":"open","sticky":false,"template":"","format":"standard","meta":{"spay_email":"","footnotes":""},"categories":[172,170],"tags":[282,1309,835,466,1367,906,1122],"class_list":["post-37085","post","type-post","status-publish","format-standard","hentry","category-aufruestung","category-friedenspolitik","tag-buergerproteste","tag-muenchner-sicherheitskonferenz","tag-nationalismus","tag-nato","tag-ruestungsausgaben","tag-ruestungsindustrie","tag-waffenexporte"],"jetpack_featured_media_url":"","_links":{"self":[{"href":"https:\/\/www.nachdenkseiten.de\/index.php?rest_route=\/wp\/v2\/posts\/37085","targetHints":{"allow":["GET"]}}],"collection":[{"href":"https:\/\/www.nachdenkseiten.de\/index.php?rest_route=\/wp\/v2\/posts"}],"about":[{"href":"https:\/\/www.nachdenkseiten.de\/index.php?rest_route=\/wp\/v2\/types\/post"}],"author":[{"embeddable":true,"href":"https:\/\/www.nachdenkseiten.de\/index.php?rest_route=\/wp\/v2\/users\/8"}],"replies":[{"embeddable":true,"href":"https:\/\/www.nachdenkseiten.de\/index.php?rest_route=%2Fwp%2Fv2%2Fcomments&post=37085"}],"version-history":[{"count":4,"href":"https:\/\/www.nachdenkseiten.de\/index.php?rest_route=\/wp\/v2\/posts\/37085\/revisions"}],"predecessor-version":[{"id":37093,"href":"https:\/\/www.nachdenkseiten.de\/index.php?rest_route=\/wp\/v2\/posts\/37085\/revisions\/37093"}],"wp:attachment":[{"href":"https:\/\/www.nachdenkseiten.de\/index.php?rest_route=%2Fwp%2Fv2%2Fmedia&parent=37085"}],"wp:term":[{"taxonomy":"category","embeddable":true,"href":"https:\/\/www.nachdenkseiten.de\/index.php?rest_route=%2Fwp%2Fv2%2Fcategories&post=37085"},{"taxonomy":"post_tag","embeddable":true,"href":"https:\/\/www.nachdenkseiten.de\/index.php?rest_route=%2Fwp%2Fv2%2Ftags&post=37085"}],"curies":[{"name":"wp","href":"https:\/\/api.w.org\/{rel}","templated":true}]}}