{"id":38371,"date":"2017-05-19T11:57:00","date_gmt":"2017-05-19T09:57:00","guid":{"rendered":"http:\/\/www.nachdenkseiten.de\/?p=38371"},"modified":"2018-12-30T18:41:46","modified_gmt":"2018-12-30T17:41:46","slug":"brasilien-praesident-michel-temer-verhandelt-ueber-kriminelle-schweigegeld-zahlung-und-wird-abgehoert-regierung-am-ende","status":"publish","type":"post","link":"https:\/\/www.nachdenkseiten.de\/?p=38371","title":{"rendered":"Brasilien \u2013 Pr\u00e4sident Michel Temer verhandelt \u00fcber kriminelle Schweigegeld-Zahlung und wird abgeh\u00f6rt. Regierung am Ende."},"content":{"rendered":"<p>Wenn man den brasilianischen Medien glaubt, so ist am vergangenen Mittwoch, dem 17. Mai, &uuml;ber der Hauptstadt Bras&iacute;lia eine &ldquo;Atombombe&rdquo; explodiert. Mit dieser st&uuml;rmischen &Uuml;berschrift bezogen sich verschiedene Tageszeitungen und Nachrichtenportale im Internet auf die in der Tat hochbrisante Beichte der Gebr&uuml;der Joesley und Wesley Batista gegen&uuml;ber Richter Edson Fachin, Berichterstatter der Korruptionsermittlungen von &ldquo;Unternehmen Waschanlage&rdquo; beim Obersten Gerichtshof. Ein Bericht von <strong>Frederico F&uuml;llgraf<\/strong>.<br>\n<!--more--><br>\n<strong>Temer sollte Konzern 144 Millionen Euro Schweigegeld kosten<\/strong><\/p><p><img decoding=\"async\" src=\"http:\/\/www.nachdenkseiten.de\/upload\/bilder\/170519-Joesley-Batista_.jpg\" alt=\"\" title=\"\"><\/p><p>Die Batistas sind Eigent&uuml;mer des weltgr&ouml;&szlig;ten Schlacht- und Fleischexportunternehmens JBS, dessen Jahresnettoeinnahmen sich 2015 auf umgerechnet 11,5 Milliarden Euro beliefen. Sie erz&auml;hlten dem hohen Richter, dass sie im Besitz der Tonaufzeichnung eines Gespr&auml;chs mit dem amtierenden Pr&auml;sidenten Michel Temer seien, das am 7. M&auml;rz 2017 an seinem Amtssitz stattgefunden habe. In dem 39 Minuten langen Gespr&auml;ch (<a href=\"https:\/\/www.youtube.com\/watch?v=U23tKM6QXog\">hier der Mitschnitt<\/a>) h&auml;tte sie der Regierungschef darum gebeten, die w&ouml;chentlichen Zahlungen an seinen im M&auml;rz 2017 wegen schwerer Korruption zu 15 Jahren Haft verurteilten Intimus und ehemaligen Pr&auml;sidenten der Abgeordnetenkammer, Eduardo Cunha, &bdquo;weiter sicherzustellen&rdquo;.<\/p><p>Der verdutzte hohe Richter Fachin fragte, was das denn f&uuml;r &ldquo;Zahlungen&rdquo; seien, worauf die Batistas ihm die Gespr&auml;chsaufzeichnung vorspielten. &ldquo;&bdquo;500.000 Reais (ca. 150.000 Euro) in der Woche, und zwar &uuml;ber die kommenden 20 Jahre hinweg&rdquo;. Doch bevor der sprachlose Fachin die Betr&auml;ge zusammengerechnet hatte, pr&auml;sentierten ihm die Batistas die schwindelerregende Endsumme: &bdquo;150.000 Euro in der Woche, mal 20 Jahre, macht 144 Millionen Euro!&rdquo;.<\/p><p>Doch, Zahlungen wozu? Als Schweigegeld, erkl&auml;rten die Unternehmer. Damit Cunha nicht &uuml;ber die Machenschaften des amtierenden Pr&auml;sidenten auspacke. Umgerechnet 1,4 Millionen Euro davon h&auml;tten sie seit Oktober 2016 w&auml;hrend der kurzen Haftzeit Cunhas bereits ausgezahlt. <\/p><p><a href=\"http:\/\/g1.globo.com\/politica\/noticia\/dono-da-jbs-gravou-temer-dando-autorizacao-para-comprar-silencio-de-cunha-diz-jornal.ghtml\">Die Transkription der Aufzeichnung<\/a> wurde dem Kolumnisten Lauro Jardim der landesbeherrschenden Mediengruppe <em>O Globo<\/em> zugespielt (Agentur G1\/Globo, 18.05.2017). Jedoch, die Antwort auf die Frage, warum ausgerechnet die in den parlamentarischen Putsch gegen Dilma Rousseff involvierte Mediengruppe als Erste und beharrlich den Skandal aufgriff, steht auf einem anderen Blatt. <\/p><p><strong>A&eacute;cio Neves: Ein ungewollter Vorsto&szlig; in die &ldquo;Narkoszene&rdquo;<\/strong><\/p><p>Das war die &ldquo;Bombe!&rdquo; des Jahres! Doch l&auml;ngst nicht alles.<\/p><p>Die Batistas hatten auch eine Aufzeichnung von einem ebenfalls im M&auml;rz gef&uuml;hrten Gespr&auml;ch mit dem 2014 von Dilma Rousseff besiegten, oppositionellen Pr&auml;sidentschaftskandidaten A&eacute;cio Neves. Die Aufzeichnung dokumentiert, wie Neves Joesley Batista um die Zahlung von umgerechnet 700.000 Euro anbettelt. Angeblich zur Deckung von Anwaltshonoraren. In Wirklichkeit nahm das Geld einen vollkommen anderen Weg, wie eine geheime Videokamera der Polizei dokumentierte, die den in f&uuml;nf anderen Korruptionsklagen angezeigten Senator l&auml;ngst auf der Spur war.<\/p><p><img decoding=\"async\" src=\"http:\/\/www.nachdenkseiten.de\/upload\/bilder\/170519-Michel-Temer-mit-Aecio-Neves-nach-Putsch-gegen-Dilma-Rousseff_.jpg\" alt=\"\" title=\"\"><\/p><p>Ein Satz Neves&acute; in der geheimen Aufzeichnung schockierte die brasilianische &Ouml;ffentlichkeit &uuml;ber alle Ma&szlig;en. Auf die Frage, wer die Geldmasse entgegennehmen solle, antwortete Neves kaltbl&uuml;tig:<\/p><blockquote><p>\n&bdquo;Das muss einer sein, den man umbringt, bevor er auspackt&rdquo;\n<\/p><\/blockquote><p>Das Geld wurde einem Cousin Neves&acute; ausgeh&auml;ndigt und auf ein Firmenkonto des Neves-Parteifreundes und Senatskollegen Zez&eacute; Perrella eingezahlt; alles sozusagen vom Geb&uuml;sch aus <a href=\"http:\/\/www.brasil247.com\/pt\/247\/minas247\/296118\/Propina-de-A%C3%A9cio-foi-paga-a-Perrella-dono-do-helicoca.htm\">von der Polizei beobachtet<\/a> (<em>Brasil 247<\/em>, 17.05.2017).<\/p><p>Wie <em>O Globo<\/em> erfahren haben will, &bdquo;wurde nicht nur das Gespr&auml;ch, sondern auch Geldlieferung und -abtransport in Koffern und Rucks&auml;cken von der Bundespolizei gefilmt. Der Staatsanwaltschaft waren zuvor auch die Seriennummern der Geldscheine mitgeteilt worden. In den Koffern und Rucks&auml;cken versteckte, elektronische Chips erm&ouml;glichten die <a href=\"https:\/\/oglobo.globo.com\/brasil\/grampo-revela-que-aecio-pediu-2-milhoes-dono-da-jbs-21353924\">Verfolgung des Geldweges<\/a> (<em>O Globo<\/em>, 17.05.2017).<\/p><p>Globo-Kolumnist Merval Pereira bescheinigte Neves den &bdquo;Sprachgebrauch der Mafia&rdquo; und erkl&auml;rte, Temer liege &bdquo;am Boden&rdquo;. Der Senator wurde bereits am Donnerstag, dem 18. Mai, seines Amtes enthoben, seine Schwester und sein Cousin festgenommen. Generalstaatsanwalt Rodrigo Janot hatte auch Neves&acute; sofortige Verhaftung beantragt, doch Richter Fachin belie&szlig; es bei der Einziehung seines Reisepasses.<\/p><p>Noch am gleichen Tag erlie&szlig; Fachin Anklage gegen Temer. Doch der illegitime Pr&auml;sident konterte: Er habe doch &bdquo;nur eine humanit&auml;re Unterst&uuml;tzung&rdquo; (<em>sic!<\/em>) ermutigt und denke gar nicht daran, zur&uuml;ckzutreten.<\/p><p>Wiederum, der Politiker und Unternehmer Perrella beherrschte im November 2013 die Schlagzeilen der brasilianischen Medien, als die Bundespolizei einen Hubschrauber aus seinem Besitz mit 450 Kokainpaketen an Bord beschlagnahmte. Der Hubschrauber war auf einem Gel&auml;nde des ehemaligen Gouverneurs des Bundesstaates Minas Gerais und Duzfreundes Perellas, A&eacute;cio Neves, gelandet. Die Polizei erkl&auml;rte &uuml;berst&uuml;rzt, der Kokainschmuggel habe &ldquo;nichts mit dem Hubschrauber-Eigent&uuml;mer zu tun&rdquo;. Neves, der als langj&auml;hriger Kokain-Konsument landesweit bekannt ist, wurde politischer Druck unterstellt, die Ermittlungen wurden auf mysteri&ouml;se Weise sofort eingestellt und die Geschichte verschwand aus den Medien. Sie taucht nun &uuml;ber den Umweg des JBS-Skandals wieder auf.<\/p><p><strong>Von Richter Moro protegiert<\/strong><\/p><p>Im Skandal um Temer gibt es jedoch noch einen Tatverd&auml;chtigen. Im November 2016 hatte Ermittlungsrichter S&eacute;rgio Moro, im s&uuml;dbrasilianischen Curitiba, dem Pr&auml;sidenten Michel Temer einen gro&szlig;en Gefallen erwiesen. <\/p><p>Temer war vom dort hinter Gittern sitzenden Eduardo Cunha als Prozess-Zeuge vorgeschlagen worden und sollte der Verteidigung des ehemaligen Pr&auml;sidenten der Abgeordnetenkammer &ndash; der ihm durch den parlamentarischen Putsch vom April 2016 zur Macht&uuml;bernahme verholfen hatte &ndash; 41 Fragen beantworten. Moro entfernte jedoch 21 Fragen von der Liste mit der Begr&uuml;ndung, der ehemalige Abgeordnete habe seinen &bdquo;Modus Operandi der Bedr&auml;ngnis, Erpressung und Drohung&rdquo; selbst hinter Gittern nicht aufgegeben.<\/p><p>Was wohl stimmte, doch was Moro hintertrieb, war die Befragung Temers &uuml;ber seine Beziehung zum Freund, ehemaligen Referenten und Experten in illegalen Partei- und Wahlspenden, Jos&eacute; Yunes. Insbesondere verhinderte der Richter die Frage an Temer, ob Yunes &bdquo;irgendeine den Wahlbeh&ouml;rden gemeldete oder nicht angemeldete Spende f&uuml;r irgendeine Wahl oder f&uuml;r die Partei PMDB entgegengenommen habe&rdquo;. H&auml;tte Temer die Frage unvorsichtig beantwortet &ndash; gelogen zum Beispiel &ndash; h&auml;tte er eine sofortige Klage bewirkt, das Ende seiner Amtsaus&uuml;bung und eine Verhaftung besiegelt. Worauf Cunha mit seinen Fragen anspielte, war Temers tiefe Involvierung in den Petrobras-Skandal. Moro beendete Cunhas Trickserei mit der fadenscheinigen Erkl&auml;rung, er sei f&uuml;r Ermittlungen &uuml;ber Temer &ldquo;nicht zust&auml;ndig&rdquo;.<\/p><p>Jedoch vor wenigen Tagen gab sich Cunha im Gef&auml;ngnis als Hellseher: &bdquo;Wenn JBS auspackt, dann ist die Republik am Ende!&rdquo;, versicherte er seine Mitinsassen. Und es kam, wie Cunha es prophezeit hatte.<\/p><p><strong>Wei&szlig;waschen vor der US-Justiz: der Grund f&uuml;r die &ldquo;Bombe&rdquo;<\/strong><\/p><p>Mittlerweile ist JBS-Chef Joesley Batista nach New York umgezogen. Doch nicht allein: der gesamte JBS-Konzern zieht um.<\/p><p>Das ist die Erkl&auml;rung daf&uuml;r, dass sich die Konzernspitze f&uuml;r die Selbstanzeige entschied. &bdquo;Mit der &acute;Verlosung&acute; der Temer-Regierung, und selbst zum Preis, das Land in den Abgrund der politischen Instabilit&auml;t zu rei&szlig;en, will Joesley Batista die saubere Auslagerung seines Unternehmens aus Brasilien sicherstellen&ldquo;, kommentierte das zur Globo-Gruppe geh&ouml;rende Wirtschaftsmagazin <em>Valor<\/em>. Mit 56 Fabriken befinden sich ohnehin nahezu 80 Prozent der Produktions- und Vermarktungs-Niederlassungen des brasilianischen Konzerns in den USA, von wo aus auch 50 Prozent seiner Gesch&auml;fte auf dem Weltmarkt abgewickelt werden. Zur Auslagerung des Firmensitzes bedurfte es also eines opportunen politischen Anlasses.<\/p><p>Anders als der Odebrecht-Konzern hat Batista zur reibungslosen Durchsetzung seines Plans deshalb eine Absprache mit dem US-Department of Justice (DoJ) getroffen. Dem DoJ sind nat&uuml;rlich die zig Millionen schweren Bestechungsaff&auml;ren von JBS in Brasilien bekannt. Als Reinwaschung und Voraussetzung f&uuml;r seine Anmeldung an der US-B&ouml;rse ist JBS bereit, ein milliardenschweres Bu&szlig;geld zu zahlen. <\/p><p>JBS war TV Globos bisheriger drittgr&ouml;&szlig;ter Inserent. H&auml;tte die Mediengruppe den Skandal um Temer verschwiegen, h&auml;tte sie sich den Vorwurf der Deckung des korrupten Pr&auml;sidenten gefallen lassen und den viel teureren Einbruch ihrer Einschaltquote und den R&uuml;ckzug ihrer Inserenten hinnehmen m&uuml;ssen. Also &uuml;bernahm die Mediengruppe O Globo einfach das Markenzeichen der demokratischen und linken Opposition und Ruf der Stra&szlig;e. Wo es gestern noch bei TV Globo hie&szlig;, &bdquo;Fora Dilma &ndash; Dilma raus!&ldquo;, hei&szlig;t es nun &bdquo;Temer raus!&ldquo;. Einfach so.<\/p><p><img decoding=\"async\" src=\"http:\/\/www.nachdenkseiten.de\/upload\/bilder\/170519-Abendproteste-in-ganz-Brasilien-17-Mai_.jpg\" alt=\"\" title=\"\"><\/p><p>Das will sich die Opposition &ndash; dieselbe, die den Generalstreik der 40 Millionen vom 28. April organisierte &ndash; nicht gefallen lassen. Sie bl&auml;st zum Nationalen Kampftag am Sonntag, den 21. Mai. Doch da wird nicht nur &bdquo;Fora Temer!&ldquo;, sondern ebenso laut &bdquo;Fora Globo!&ldquo; zu h&ouml;ren sein.<\/p>\n","protected":false},"excerpt":{"rendered":"<p>Wenn man den brasilianischen Medien glaubt, so ist am vergangenen Mittwoch, dem 17. Mai, &uuml;ber der Hauptstadt Bras&iacute;lia eine &ldquo;Atombombe&rdquo; explodiert. Mit dieser st&uuml;rmischen &Uuml;berschrift bezogen sich verschiedene Tageszeitungen und Nachrichtenportale im Internet auf die in der Tat hochbrisante Beichte der Gebr&uuml;der Joesley und Wesley Batista gegen&uuml;ber Richter Edson Fachin, Berichterstatter der Korruptionsermittlungen von &ldquo;Unternehmen<\/p>\n<div class=\"readMore\"><a class=\"moretag\" href=\"https:\/\/www.nachdenkseiten.de\/?p=38371\">Weiterlesen<\/a><\/div>\n","protected":false},"author":2,"featured_media":0,"comment_status":"closed","ping_status":"open","sticky":false,"template":"","format":"standard","meta":{"spay_email":"","footnotes":""},"categories":[126,20,127],"tags":[282,1613,930,2028,801,1176,1976],"class_list":["post-38371","post","type-post","status-publish","format-standard","hentry","category-erosion-der-demokratie","category-landerberichte","category-lobbyismus-und-politische-korruption","tag-buergerproteste","tag-brasilien","tag-justiz","tag-petrobras","tag-schmiergeld","tag-streik","tag-temer-michel"],"jetpack_featured_media_url":"","_links":{"self":[{"href":"https:\/\/www.nachdenkseiten.de\/index.php?rest_route=\/wp\/v2\/posts\/38371","targetHints":{"allow":["GET"]}}],"collection":[{"href":"https:\/\/www.nachdenkseiten.de\/index.php?rest_route=\/wp\/v2\/posts"}],"about":[{"href":"https:\/\/www.nachdenkseiten.de\/index.php?rest_route=\/wp\/v2\/types\/post"}],"author":[{"embeddable":true,"href":"https:\/\/www.nachdenkseiten.de\/index.php?rest_route=\/wp\/v2\/users\/2"}],"replies":[{"embeddable":true,"href":"https:\/\/www.nachdenkseiten.de\/index.php?rest_route=%2Fwp%2Fv2%2Fcomments&post=38371"}],"version-history":[{"count":4,"href":"https:\/\/www.nachdenkseiten.de\/index.php?rest_route=\/wp\/v2\/posts\/38371\/revisions"}],"predecessor-version":[{"id":48139,"href":"https:\/\/www.nachdenkseiten.de\/index.php?rest_route=\/wp\/v2\/posts\/38371\/revisions\/48139"}],"wp:attachment":[{"href":"https:\/\/www.nachdenkseiten.de\/index.php?rest_route=%2Fwp%2Fv2%2Fmedia&parent=38371"}],"wp:term":[{"taxonomy":"category","embeddable":true,"href":"https:\/\/www.nachdenkseiten.de\/index.php?rest_route=%2Fwp%2Fv2%2Fcategories&post=38371"},{"taxonomy":"post_tag","embeddable":true,"href":"https:\/\/www.nachdenkseiten.de\/index.php?rest_route=%2Fwp%2Fv2%2Ftags&post=38371"}],"curies":[{"name":"wp","href":"https:\/\/api.w.org\/{rel}","templated":true}]}}