{"id":38750,"date":"2017-06-14T14:40:11","date_gmt":"2017-06-14T12:40:11","guid":{"rendered":"http:\/\/www.nachdenkseiten.de\/?p=38750"},"modified":"2017-06-16T08:55:34","modified_gmt":"2017-06-16T06:55:34","slug":"antisemitismus-doku-oder-antipalaestinensische-propaganda-es-ist-schon-seltsam-dass-sich-fast-alle-medien-fuer-ein-journalistisch-mehr-als-fragwuerdiges-werk-starkmachen","status":"publish","type":"post","link":"https:\/\/www.nachdenkseiten.de\/?p=38750","title":{"rendered":"Antisemitismus-Doku oder antipal\u00e4stinensische Propaganda? Es ist schon seltsam, dass sich fast alle Medien f\u00fcr ein journalistisch mehr als fragw\u00fcrdiges Werk starkmachen"},"content":{"rendered":"<div style=\"float:right; margin: 0 0 15px\"><img decoding=\"async\" src=\"http:\/\/www.nachdenkseiten.de\/upload\/bilder\/170714_a1.jpg\" alt=\"\" title=\"\"><\/div><p>Aus einem Filmprojekt wurde eine peinliche Posse. Eigentlich sollte in diesem Sommer auf Arte der Dokumentationsfilm &bdquo;<a href=\"https:\/\/de.wikipedia.org\/wiki\/Auserw%C3%A4hlt_und_ausgegrenzt_%E2%80%93_Der_Hass_auf_Juden_in_Europa\">Auserw&auml;hlt und ausgegrenzt &ndash; Der Hass auf Juden in Europa<\/a>&ldquo; ausgestrahlt werden, der von den Filmemachern Joachim Schroeder und Sophie Hafner gedreht und vom WDR produziert wurde. Es sollte dabei um den wiedererstarkten Antisemitismus in Europa gehen &ndash; ein zweifelsohne interessantes Thema. Das fertige Produkt wurde diesem Anspruch jedoch nicht gerecht. Nicht der aktuelle Antisemitismus, sondern der pal&auml;stinensisch-israelische Konflikt steht im Mittelpunkt des Films und dabei lassen die Filmemacher jede Ausgewogenheit bereits im Ansatz vermissen. Es ist richtig, dass Arte den Film nicht ausstrahlt und es bleibt ein offenes Geheimnis, wie ein solches Machwerk die Qualit&auml;tskontrolle des WDR durchlaufen konnte. Der nun vor allem im rechten Lager lautwerdende &bdquo;Protest&ldquo; ist peinlich und es ist ein Armutszeugnis, dass so viele Medien kritiklos mit in das Protestgeschrei einstimmen. Von <strong>Jens Berger<\/strong>.<\/p><div style=\"position:relative;height:0;padding-bottom:56.25%\"><div class=\"external-2click\" data-provider=\"Youtube\" data-provider-slug=\"youtube\"><div class=\"external-placeholder\"><p><strong>Externer Inhalt<\/strong><\/p><p>Beim Laden des Videos werden Daten an Youtube &uuml;bertragen.<\/p><button type=\"button\" class=\"external-load\">Inhalt von Youtube zulassen<\/button><\/div><div class=\"external-content\"><iframe loading=\"lazy\" src=\"\" width=\"640\" height=\"360\" frameborder=\"0\" style=\"position:absolute;width:100%;height:100%;left:0\" allowfullscreen class=\"external-2click-target \" data-src=\"https:\/\/www.youtube-nocookie.com\/embed\/SH4yLk4qMsk?ecver=2\"><\/iframe><\/div><div class=\"external-optout\"><a href=\"#\" data-revoke=\"youtube\">Inhalte von Youtube nicht mehr zulassen<\/a><\/div><\/div><\/div><p><em>Dieser Beitrag ist auch als Audio-Podcast verf&uuml;gbar.<\/em><br>\n<!--more--><br>\n<\/p><div class=\"powerpress_player\" id=\"powerpress_player_8321\"><!--[if lt IE 9]><script>document.createElement('audio');<\/script><![endif]-->\n<audio class=\"wp-audio-shortcode\" id=\"audio-38750-1\" preload=\"none\" style=\"width: 100%;\" controls=\"controls\"><source type=\"audio\/mpeg\" src=\"http:\/\/www.nachdenkseiten.de\/upload\/podcast\/170615_Antisemitismus_Doku_oder_antipalaestinensische_Propaganda_NDS.mp3?_=1\"><\/source><a href=\"http:\/\/www.nachdenkseiten.de\/upload\/podcast\/170615_Antisemitismus_Doku_oder_antipalaestinensische_Propaganda_NDS.mp3\">http:\/\/www.nachdenkseiten.de\/upload\/podcast\/170615_Antisemitismus_Doku_oder_antipalaestinensische_Propaganda_NDS.mp3<\/a><\/audio><\/div><p class=\"powerpress_links powerpress_links_mp3\">Podcast: <a href=\"http:\/\/www.nachdenkseiten.de\/upload\/podcast\/170615_Antisemitismus_Doku_oder_antipalaestinensische_Propaganda_NDS.mp3\" class=\"powerpress_link_pinw\" target=\"_blank\" title=\"Play in new window\" onclick=\"return powerpress_pinw('https:\/\/www.nachdenkseiten.de\/?powerpress_pinw=38750-podcast');\" rel=\"nofollow\">Play in new window<\/a> | <a href=\"http:\/\/www.nachdenkseiten.de\/upload\/podcast\/170615_Antisemitismus_Doku_oder_antipalaestinensische_Propaganda_NDS.mp3\" class=\"powerpress_link_d\" title=\"Download\" rel=\"nofollow\" download=\"170615_Antisemitismus_Doku_oder_antipalaestinensische_Propaganda_NDS.mp3\">Download<\/a><\/p><p>Die rote Linie des Dokumentarfilms &bdquo;Auserw&auml;hlt und ausgegrenzt&ldquo; wird bereits in den ersten Minuten deutlich. Zun&auml;chst zeigt man Pal&auml;stinenserpr&auml;sident Mahmud Abbas mit einem sorgf&auml;ltig ausgew&auml;hlten und inhaltlich fragw&uuml;rdigen Zitat vor dem Europ&auml;ischen Parlament, dann Schnitt auf die ihm zuapplaudierenden Politiker und dann folgt ein harter Schnitt auf eine Archivaufnahme des Nazi-Ideologen Julius Streicher. Die Botschaft ist klar: Zwischen den Pal&auml;stinensern und den Nazis gibt es Gemeinsamkeiten und wir bejubeln den modernen Antisemiten aus dem Nahen Osten kritiklos. <\/p><p>Vor allem die politische Linke hat es den Filmemachern dabei angetan. Da wird ein Zitat der Linken-Politikerin Anette Groth zur Wasserpolitik der Israelis beispielsweise nahtlos an die ekelhaften Tiraden eines J&uuml;rgen Els&auml;ssers und eingespielten Suggestivfragen gereiht, die man verwirrten Teilnehmern einer rechtsradikalen Demo in Berlin gestellt hat. Alle in einen Sack und dem Kn&uuml;ppel drauf, da trifft man nie die Falschen. Was dabei jedoch auf der Strecke bleibt, ist der Anspruch. Das von Groth ins falsche Licht ger&uuml;ckte Zitat zu den verunreinigten Brunnen h&auml;tte man beispielsweise auch anhand von Amira Hass&acute; Haaretz-Reportage &bdquo;<a href=\"http:\/\/www.haaretz.com\/poisoning-the-village-wells-1.137154\">Poisoning the Village Wells<\/a>&ldquo; oder eines Berichts des israelischen Philosophen Omri Boehm <a href=\"http:\/\/www.zeit.de\/2015\/32\/israel-terror-westjordanland-justiz-willkuer\">in der ZEIT<\/a> debattieren k&ouml;nnen. Auch die &bdquo;<a href=\"http:\/\/www.nachdenkseiten.de\/?p=36192\">10 dirty little secrets<\/a>&ldquo;, die der Hydrogeologe Clemens Messerschmid  auf den NachDenkSeiten sehr informativ aufbereitet hat, w&auml;ren eine gute Diskussionsgrundlage. Doch nichts dergleichen wurde im Film erwogen. Eine Diskussion findet nicht statt. Jeder Zwischenton, der die &uuml;beraus einseitige Linie des Filmes st&ouml;ren w&uuml;rde, wurde sorgf&auml;ltig herausgefiltert. <\/p><p>Wenn &bdquo;Experten&ldquo; zu Wort kommen, dann sind es meist Br&uuml;der im Geiste, wie der antideutsche Politologe Stephan Grigat, den selbst die &bdquo;J&uuml;dische Allgemeine&ldquo; zu den radikalen Antideutschen <a href=\"http:\/\/www.juedische-allgemeine.de\/article\/view\/id\/18433\">z&auml;hlt<\/a>. Grigat wird dann mit S&auml;tzen wie diesem zitiert: &bdquo;Das Bed&uuml;rfnis, den Nationalsozialismus zu relativieren, ist teilweise unter Linken noch ausgepr&auml;gter als unter den Rechten&ldquo;. Da wundert es nicht, dass die Dokumentation vor allem ganz weit rechts bei PI-News und der Jungen Freiheit vehement verteidigt wird. <\/p><p>Ein weiterer Experte der Doku ist Rafi Eitan, der als &bdquo;Kronzeuge&ldquo; &uuml;ber die Entstehungsgeschichte des Staates Israel berichtet. Und wenn man Eitan Glauben schenkt, waren die Israelis da wahre Unschuldsl&auml;mmer. &bdquo;Man habe nichts gegen die Araber unternommen&ldquo;, nur gegen die Briten. Aber auch das war (au&szlig;er dem Anschlag auf das King David Hotel) &bdquo;rein symbolisch&ldquo;, es gab &bdquo;keine Opfer&ldquo;. Das w&uuml;rde der britische Politiker Walter Guinness, der der Gr&uuml;ndung eines israelischen Staates ablehnend gegen&uuml;berstand, aber anders sehen. Guinness wurde im November 1944 von Terroristen der zionistischen Terrororganisation Lehi <a href=\"https:\/\/en.wikipedia.org\/wiki\/Walter_Guinness,_1st_Baron_Moyne#Palestine_partition_proposals\">umgebracht<\/a> und dieses Attentat war kein Einzelfall. Eitans Aussagen sind nicht nur in diesem Punkt schlicht unwahr.<\/p><p>Im Skript der Dokumentation steht freilich nicht der zionistische Terrorismus gegen die Briten, sondern die Vertreibung der Pal&auml;stinenser im Mittelpunkt. Kronzeuge Eitan geht hier geschickt vor, indem er seine Unschuldsverlautbarungen in einem kleinen Nebensatz auf den Zeitraum &bdquo;bis November 1947&ldquo; begrenzt. Das hat nat&uuml;rlich seinen Grund, da die UN-Resolution, die den Weg zur Staatsgr&uuml;ndung freigemacht hat, erst im November 1947 beschlossen wurde und die Massaker gegen die Pal&auml;stinenser erst danach angefangen haben. Seri&ouml;se Experten <a href=\"https:\/\/en.wikipedia.org\/wiki\/1948_Palestinian_exodus\">gehen heute<\/a> von 700.000 Vertriebenen und <a href=\"https:\/\/en.wikipedia.org\/wiki\/Killings_and_massacres_during_the_1948_Palestine_war\">bis zu 70 Massakern<\/a> aus , die von zionistischen bzw. israelischen Organisationen an pal&auml;stinensischen Zivilisten durchgef&uuml;hrt wurden und je nach Sch&auml;tzung bis zu 800 Todesopfer mit sich brachten. Eitan spricht hingegen von einer &bdquo;freiwilligen Auswanderung der Pal&auml;stinenser&ldquo;, &bdquo;wir haben sie nicht umgebracht&ldquo; &ndash; na ja, hier und da vielleicht doch. Das ist Zynismus und darf von einem ordentlichen Journalisten nicht so im Raum stehen gelassen werden. Gegenargumente sucht man in diesem Film jedoch vergebens. <\/p><p>Es sind solche Aussagen, die dem Dokumentarfilm jeden Anspruch auf Ausgewogenheit nehmen. Rafi Eitan war selbst zionistischer Widerstandsk&auml;mpfer &ndash; heute  w&uuml;rde man das wohl &bdquo;Terrorist&ldquo; nennen &ndash; und sp&auml;ter eine Gr&ouml;&szlig;e bei den diversen israelischen Geheimdiensten. Eitan, der schon <a href=\"https:\/\/www.youtube.com\/watch?v=Pq0IFw9ZSeI\">im Zusammenhang mit der Eichmann-Entf&uuml;hrung<\/a> eine zwielichtige Rolle gespielt hat, ist kein neutraler Experte, sondern Partei. Von den Filmemachern wird er jedoch als &bdquo;lebende Legende&ldquo; vorgef&uuml;hrt, die &uuml;ber jeden Zweifel erhaben ist. Geht es noch einseitiger?<\/p><p>Mehr als die H&auml;lfte der Dokumentation soll angeblich die &bdquo;Wurzeln&ldquo; des modernen Antisemitismus erforschen. Das Gegenteil ist jedoch der Fall. Es wird munter jegliche Kritik an der israelischen Politik mit Antisemitismus gleichgesetzt. Dabei nimmt der Film eine eindeutige antipal&auml;stinensische Linie ein. Pal&auml;stina = Hamas. Hamas = Antisemitismus. Daraus folgt f&uuml;r die Filmemacher auch, dass jeder, der sich &ndash; egal in welchem Kontext &ndash; f&uuml;r die Interessen der Pal&auml;stinenser stark macht, mindestens ein latenter Antisemit ist. Der Rundumschlag ist dabei gewaltig. Angefangen bei den NGOs  Amnesty International, Pax Christi, Oxfam, Medico und Brot f&uuml;r die Welt, geht es weiter mit Steven Hawking, Naomi Klein, Arundhati Roy, Mike Leigh, Desmond Tutu bis zur Pink-Floyd-Legende Roger Waters. Wer sich an &bdquo;israelfeindlichen Kampagnen&ldquo; (sic!) beteiligt, geh&ouml;rt in eine Schublade mit den Antisemiten. Und die L&ouml;sung des Problems liegt auch schon auf der Hand: Man solle den Pal&auml;stinensern doch jede Form der Entwicklungshilfe streichen und gemeinn&uuml;tzige Organisationen und NGOs sollten sich aus Gaza und dem Westjordanland verabschieden. Eine derart holzschnittartige Sicht auf den Nahostkonflikt k&ouml;nnen wirklich nur Antideutsche haben. <\/p><p>Wer diesen Film f&uuml;r journalistisch ausgewogen h&auml;lt, verwechselt Journalismus mit Propaganda. Der Kreis der Verteidiger ist gro&szlig; und die Zusammensetzung nicht sonderlich &uuml;berraschend: Da geben sich die proisraelischen Historiker Michael Wolffsohn und G&ouml;tz Aly dann mit den Rechtsau&szlig;en-Publizisten Henryk M. Broder und Leon Winter die Hand und ausgerechnet die BILD nutzt die Gelegenheit, um sich selbst als Speerspitze gegen den Antisemitismus zu inszenieren und die von Arte abgelehnte Doku (&bdquo;Zensur!&ldquo;) f&uuml;r 24 Stunden auf der eigenen Seite zu zeigen. Jeder Andere h&auml;tte daf&uuml;r eine gepfefferte Abmahnung bekommen, BILD bekommt f&uuml;r diese Aktion paradoxerweise sogar von Arte Applaus. <\/p><p><img decoding=\"async\" src=\"http:\/\/www.nachdenkseiten.de\/upload\/bilder\/170714_a2.jpg\" alt=\"\" title=\"\"><\/p><p>Auch FR-Kampagnero Christian Bommarius findet diese Aktion <a href=\"http:\/\/www.fr.de\/politik\/meinung\/kommentare\/antisemitismus-in-europa-darum-hat-die-bild-diesmal-recht-a-1295752\">ganz hervorragend<\/a>. Stellvertretend f&uuml;r den Rest der Claqueure kann man an Bommarius&acute; Kommentar sehr gut die Argumentation der Verteidiger des Filmes transparent machen. Ein Film &uuml;ber den Antisemitismus muss schlie&szlig;lich, so Bommarius, &bdquo;eine Provokation f&uuml;r alle Antisemiten sein, die als Israel-Kritiker, als um das Wohl der Pal&auml;stinenser besorgte Unterst&uuml;tzer der Hamas oder als Kritiker des internationalen Finanzkapitals in die &Ouml;ffentlichkeit treten&ldquo;. So, da haben Sie&acute;s. Wenn Sie den Film auch unausgewogen finden, geh&ouml;ren Sie sicher auch einer dieser Gruppen an und damit wahrscheinlich selbst zu den Antisemiten, die provoziert werden sollen. <\/p><p>Wie konnte das Alles passieren? Vor allem der federf&uuml;hrende WDR muss sich hier kritische Fragen gefallen lassen. In der &Ouml;ffentlichkeit wird die Nicht-Ausstrahlung nun mit &bdquo;Formfehlern&ldquo; <a href=\"http:\/\/www.spiegel.de\/kultur\/tv\/umstrittener-antisemitismus-beitrag-bild-veroeffentlicht-doku-a-1151965.html\">begr&uuml;ndet<\/a>. Das ist Unsinn. In einer offiziellen Stellungnahme bedauert der WDR die <a href=\"http:\/\/www1.wdr.de\/unternehmen\/der-wdr\/unternehmen\/faq-arte-doku-antisemitismus-in-europa-100.html\">Abnahme der Doku<\/a> mit Verweis auf die &bdquo;journalistischen Standards und Programmgrunds&auml;tze des WDR&ldquo; und liegt damit auch goldrichtig. Doch vielleicht sollte man sogar noch weiter vorne ansetzen. Wie kann es sein, dass mit Joachim Schroeder ein Mann <a href=\"https:\/\/www.thalia.de\/shop\/home\/artikeldetails\/entweder_broder\/EAN4047179604789\/ID29689807.html\">aus dem Umfeld von Henry M. Broder<\/a> &uuml;berhaupt mit einer solchen Aufgabe beauftragt wird? War nicht vorher klar, was man da als Ergebnis bekommt? Nun will Schroeder zusammen mit Leon de Winter und Henryk M. Broder eine Dokumentation mit dem Titel &bdquo;<a href=\"http:\/\/www.berliner-zeitung.de\/26849354\">Leon und Henryk &ndash; der ewige Antisemit<\/a>&ldquo; drehen. Auftraggeber ist der Bayerische Rundfunk. Jegliche Illusionen, dass dieser Film journalistischen Standards entsprechen wird, sind wohl vergebens. Man sollte Journalismus nicht mit Propaganda verwechseln.<img loading=\"lazy\" decoding=\"async\" src=\"http:\/\/vg04.met.vgwort.de\/na\/80161d26e5134183b342d55767d1c82f\" width=\"1\" height=\"1\" alt=\"\"><\/p>\n","protected":false},"excerpt":{"rendered":"<div style=\"float:right; margin: 0 0 15px\"><img decoding=\"async\" src=\"http:\/\/www.nachdenkseiten.de\/upload\/bilder\/170714_a1.jpg\" alt=\"\" title=\"\"\/><\/div>\n<p>Aus einem Filmprojekt wurde eine peinliche Posse. Eigentlich sollte in diesem Sommer auf Arte der Dokumentationsfilm &bdquo;<a href=\"https:\/\/de.wikipedia.org\/wiki\/Auserw%C3%A4hlt_und_ausgegrenzt_%E2%80%93_Der_Hass_auf_Juden_in_Europa\">Auserw&auml;hlt und ausgegrenzt &ndash; Der Hass auf Juden in Europa<\/a>&ldquo; ausgestrahlt werden, der von den Filmemachern Joachim Schroeder und Sophie Hafner gedreht und vom WDR produziert wurde. Es sollte<\/p>\n<div class=\"readMore\"><a class=\"moretag\" href=\"https:\/\/www.nachdenkseiten.de\/?p=38750\">Weiterlesen<\/a><\/div>\n","protected":false},"author":8,"featured_media":0,"comment_status":"closed","ping_status":"open","sticky":false,"template":"","format":"standard","meta":{"spay_email":"","footnotes":""},"categories":[88,107,183],"tags":[1691,1924,459,341,1295,1557,416,303,335,1552,1281],"class_list":["post-38750","post","type-post","status-publish","format-standard","hentry","category-antisemitismus","category-audio-podcast","category-medienkritik","tag-aly-goetz","tag-antideutsche","tag-bild","tag-broder-henryk-m","tag-groth-anette","tag-israel","tag-nationalsozialismus","tag-palaestina","tag-wasserversorgung","tag-wdr","tag-zionismus"],"jetpack_featured_media_url":"","_links":{"self":[{"href":"https:\/\/www.nachdenkseiten.de\/index.php?rest_route=\/wp\/v2\/posts\/38750","targetHints":{"allow":["GET"]}}],"collection":[{"href":"https:\/\/www.nachdenkseiten.de\/index.php?rest_route=\/wp\/v2\/posts"}],"about":[{"href":"https:\/\/www.nachdenkseiten.de\/index.php?rest_route=\/wp\/v2\/types\/post"}],"author":[{"embeddable":true,"href":"https:\/\/www.nachdenkseiten.de\/index.php?rest_route=\/wp\/v2\/users\/8"}],"replies":[{"embeddable":true,"href":"https:\/\/www.nachdenkseiten.de\/index.php?rest_route=%2Fwp%2Fv2%2Fcomments&post=38750"}],"version-history":[{"count":6,"href":"https:\/\/www.nachdenkseiten.de\/index.php?rest_route=\/wp\/v2\/posts\/38750\/revisions"}],"predecessor-version":[{"id":38769,"href":"https:\/\/www.nachdenkseiten.de\/index.php?rest_route=\/wp\/v2\/posts\/38750\/revisions\/38769"}],"wp:attachment":[{"href":"https:\/\/www.nachdenkseiten.de\/index.php?rest_route=%2Fwp%2Fv2%2Fmedia&parent=38750"}],"wp:term":[{"taxonomy":"category","embeddable":true,"href":"https:\/\/www.nachdenkseiten.de\/index.php?rest_route=%2Fwp%2Fv2%2Fcategories&post=38750"},{"taxonomy":"post_tag","embeddable":true,"href":"https:\/\/www.nachdenkseiten.de\/index.php?rest_route=%2Fwp%2Fv2%2Ftags&post=38750"}],"curies":[{"name":"wp","href":"https:\/\/api.w.org\/{rel}","templated":true}]}}