{"id":38947,"date":"2017-06-28T09:22:01","date_gmt":"2017-06-28T07:22:01","guid":{"rendered":"http:\/\/www.nachdenkseiten.de\/?p=38947"},"modified":"2017-06-28T16:50:57","modified_gmt":"2017-06-28T14:50:57","slug":"homo-ehe-das-kanns-doch-nicht-gewesen-sein-auch-fuer-die-verlaengerung-des-arbeitslosengeldes-fuer-die-erhoehung-des-mindestlohns-u-a-m-muesste-es-im-bundestag-eine-mehrheit-geben","status":"publish","type":"post","link":"https:\/\/www.nachdenkseiten.de\/?p=38947","title":{"rendered":"Homo-Ehe \u2013 das kann\u2018s doch nicht gewesen sein! Auch f\u00fcr die Verl\u00e4ngerung des Arbeitslosengeldes, f\u00fcr die Erh\u00f6hung des Mindestlohns u.a.m. m\u00fcsste es im Bundestag eine Mehrheit geben"},"content":{"rendered":"<p>Wenn der Deutsche Bundestag schon &uuml;ber die Homo-Ehe abstimmt, was durchaus begr&uuml;&szlig;enswert ist, dann k&ouml;nnte er gleichzeitig auch noch andere wichtige Entscheidungen treffen &ndash; zugunsten von Menschen, vor allem lohnabh&auml;ngig Arbeitenden, die bisher auch mit ihren Sorgen allein gelassen worden sind. Noch im Februar hatte Kanzlerkandidat Schulz vorgeschlagen, die Bezugsdauer des Arbeitslosengeld I zu verl&auml;ngern und auch strengere Regeln f&uuml;r die Befristung von Arbeitsvertr&auml;gen einzuf&uuml;hren. Siehe <a href=\"http:\/\/www.sueddeutsche.de\/wirtschaft\/2.220\/agenda-schulz-will-bezugsdauer-von-arbeitslosengeld-i-verlaengern-1.3386760\">hier<\/a>.<\/p><p>Es gibt im Deutschen Bundestag eine rot-rot-gr&uuml;ne Mehrheit. Diese zu nutzen hat sich die SPD mit R&uuml;cksicht auf den Koalitionsvertrag mit der CDU\/CSU bisher geweigert. Die von Angela Merkel &bdquo;gro&szlig;z&uuml;gig&ldquo; er&ouml;ffnete M&ouml;glichkeit, dass sich im Deutschen Bundestag unabh&auml;ngig von der regierenden Koalition eine Mehrheit der Vernunft zusammenfindet, sollte nun wirklich auch f&uuml;r Vorhaben genutzt werden, die andere Menschen als jene, die unter der engstirnigen Verweigerung der Homo-Ehe zu leiden haben, positiv betreffen. Es liegt sozusagen im gesamtstaatlichen demokratischen Interesse, dass sich die m&ouml;gliche Koalition der Vernunft nicht nur zugunsten von Schwulen und Lesben auswirkt, so notwendig das auch ist.<\/p><p>Wenn es bei der Beschr&auml;nkung auf die Homo-Ehe bleibt, dann muss man sich nicht wundern, wenn die Wahlbeteiligung weiter absinkt und\/oder die AfD Punkte macht.<\/p><p><em>Dieser Beitrag ist auch als Audio-Podcast verf&uuml;gbar.<\/em><br>\n<!--more--><br>\n<\/p><div class=\"powerpress_player\" id=\"powerpress_player_460\"><!--[if lt IE 9]><script>document.createElement('audio');<\/script><![endif]-->\n<audio class=\"wp-audio-shortcode\" id=\"audio-38947-1\" preload=\"none\" style=\"width: 100%;\" controls=\"controls\"><source type=\"audio\/mpeg\" src=\"http:\/\/www.nachdenkseiten.de\/upload\/podcast\/170628_Homo_Ehe_das_kanns_doch_nicht_gewesen_sein_NDS.mp3?_=1\"><\/source><a href=\"http:\/\/www.nachdenkseiten.de\/upload\/podcast\/170628_Homo_Ehe_das_kanns_doch_nicht_gewesen_sein_NDS.mp3\">http:\/\/www.nachdenkseiten.de\/upload\/podcast\/170628_Homo_Ehe_das_kanns_doch_nicht_gewesen_sein_NDS.mp3<\/a><\/audio><\/div><p class=\"powerpress_links powerpress_links_mp3\">Podcast: <a href=\"http:\/\/www.nachdenkseiten.de\/upload\/podcast\/170628_Homo_Ehe_das_kanns_doch_nicht_gewesen_sein_NDS.mp3\" class=\"powerpress_link_pinw\" target=\"_blank\" title=\"Play in new window\" onclick=\"return powerpress_pinw('https:\/\/www.nachdenkseiten.de\/?powerpress_pinw=38947-podcast');\" rel=\"nofollow\">Play in new window<\/a> | <a href=\"http:\/\/www.nachdenkseiten.de\/upload\/podcast\/170628_Homo_Ehe_das_kanns_doch_nicht_gewesen_sein_NDS.mp3\" class=\"powerpress_link_d\" title=\"Download\" rel=\"nofollow\" download=\"170628_Homo_Ehe_das_kanns_doch_nicht_gewesen_sein_NDS.mp3\">Download<\/a><\/p>\n","protected":false},"excerpt":{"rendered":"<p>Wenn der Deutsche Bundestag schon &uuml;ber die Homo-Ehe abstimmt, was durchaus begr&uuml;&szlig;enswert ist, dann k&ouml;nnte er gleichzeitig auch noch andere wichtige Entscheidungen treffen &ndash; zugunsten von Menschen, vor allem lohnabh&auml;ngig Arbeitenden, die bisher auch mit ihren Sorgen allein gelassen worden sind. Noch im Februar hatte Kanzlerkandidat Schulz vorgeschlagen, die Bezugsdauer des Arbeitslosengeld I zu verl&auml;ngern<\/p>\n<div class=\"readMore\"><a class=\"moretag\" href=\"https:\/\/www.nachdenkseiten.de\/?p=38947\">Weiterlesen<\/a><\/div>\n","protected":false},"author":2,"featured_media":0,"comment_status":"closed","ping_status":"open","sticky":false,"template":"","format":"standard","meta":{"spay_email":"","footnotes":""},"categories":[107,187,167,146],"tags":[1256,246,317,288,426],"class_list":["post-38947","post","type-post","status-publish","format-standard","hentry","category-audio-podcast","category-bundestag","category-familienpolitik","category-soziale-gerechtigkeit","tag-homosexualitaet","tag-linke-mehrheit","tag-mindestlohn","tag-prekaere-beschaeftigung","tag-wahlbeteiligung"],"jetpack_featured_media_url":"","_links":{"self":[{"href":"https:\/\/www.nachdenkseiten.de\/index.php?rest_route=\/wp\/v2\/posts\/38947","targetHints":{"allow":["GET"]}}],"collection":[{"href":"https:\/\/www.nachdenkseiten.de\/index.php?rest_route=\/wp\/v2\/posts"}],"about":[{"href":"https:\/\/www.nachdenkseiten.de\/index.php?rest_route=\/wp\/v2\/types\/post"}],"author":[{"embeddable":true,"href":"https:\/\/www.nachdenkseiten.de\/index.php?rest_route=\/wp\/v2\/users\/2"}],"replies":[{"embeddable":true,"href":"https:\/\/www.nachdenkseiten.de\/index.php?rest_route=%2Fwp%2Fv2%2Fcomments&post=38947"}],"version-history":[{"count":4,"href":"https:\/\/www.nachdenkseiten.de\/index.php?rest_route=\/wp\/v2\/posts\/38947\/revisions"}],"predecessor-version":[{"id":38953,"href":"https:\/\/www.nachdenkseiten.de\/index.php?rest_route=\/wp\/v2\/posts\/38947\/revisions\/38953"}],"wp:attachment":[{"href":"https:\/\/www.nachdenkseiten.de\/index.php?rest_route=%2Fwp%2Fv2%2Fmedia&parent=38947"}],"wp:term":[{"taxonomy":"category","embeddable":true,"href":"https:\/\/www.nachdenkseiten.de\/index.php?rest_route=%2Fwp%2Fv2%2Fcategories&post=38947"},{"taxonomy":"post_tag","embeddable":true,"href":"https:\/\/www.nachdenkseiten.de\/index.php?rest_route=%2Fwp%2Fv2%2Ftags&post=38947"}],"curies":[{"name":"wp","href":"https:\/\/api.w.org\/{rel}","templated":true}]}}