{"id":39796,"date":"2017-08-25T15:59:21","date_gmt":"2017-08-25T13:59:21","guid":{"rendered":"http:\/\/www.nachdenkseiten.de\/?p=39796"},"modified":"2017-08-26T10:32:30","modified_gmt":"2017-08-26T08:32:30","slug":"wenn-ich-heute-die-spd-fuer-eine-ihrer-groessten-historischen-leistungen-die-friedenspolitik-und-den-abbau-der-konfrontation-in-europa-oeffentlich-loben-will","status":"publish","type":"post","link":"https:\/\/www.nachdenkseiten.de\/?p=39796","title":{"rendered":"Wenn ich heute die SPD f\u00fcr eine ihrer gr\u00f6\u00dften historischen Leistungen, die Friedenspolitik und den Abbau der Konfrontation in Europa, \u00f6ffentlich loben will \u2026"},"content":{"rendered":"<p>&hellip; dann muss ich auf einer Veranstaltung der Linkspartei sprechen. So wie hier &ndash; siehe unten &ndash; in Hannover am 1. September um 17:00 Uhr, zusammen mit Konstantin Wecker, Wolfgang Gehrke, Diether Dehm und anderen. Meine eigene Partei versteckt ihre Erfolge bei der Entspannungspolitik. F&uuml;hrende Sozialdemokraten laden auch nicht zur Diskussion dar&uuml;ber ein, weil sie dann f&uuml;rchten m&uuml;ssten, dass zitiert wird, was die SPD am 20. Dezember 1989, also nach dem Fall der Mauer, als Berliner Grundsatzprogramm beschlossen hat: &bdquo;Unser Ziel ist es, die Milit&auml;rb&uuml;ndnisse durch eine europ&auml;ische Friedensordnung abzul&ouml;sen,&ldquo; hei&szlig;t es dort. <strong>Albrecht M&uuml;ller<\/strong><br>\n<!--more--><br>\nUnd weiter: &bdquo;Dies er&ouml;ffnet auch die Perspektive f&uuml;r das Ende der Stationierung amerikanischer und sowjetischer Streitkr&auml;fte au&szlig;erhalb ihrer Territorien in Europa.&ldquo; Auch darum geht es bei der Veranstaltung am 1. September.<\/p><p>Selbstverst&auml;ndlich sind auch Mitglieder und W&auml;hler der SPD herzlich eingeladen, in Hannover am kommenden Freitag die gro&szlig;en Erfolge ihrer Partei mit zu feiern. <\/p><p>Die notwendigen Informationen zur Veranstaltung finden sich auf dem angef&uuml;gten Plakat\/Flyer:<\/p><p><img decoding=\"async\" src=\"http:\/\/www.nachdenkseiten.de\/upload\/bilder\/170825_am_v.jpg\" alt=\"Veranstaltung der Linkspartei\" title=\"Veranstaltung der Linkspartei\"><\/p>\n","protected":false},"excerpt":{"rendered":"<p>&hellip; dann muss ich auf einer Veranstaltung der Linkspartei sprechen. So wie hier &ndash; siehe unten &ndash; in Hannover am 1. September um 17:00 Uhr, zusammen mit Konstantin Wecker, Wolfgang Gehrke, Diether Dehm und anderen. Meine eigene Partei versteckt ihre Erfolge bei der Entspannungspolitik. F&uuml;hrende Sozialdemokraten laden auch nicht zur Diskussion dar&uuml;ber ein, weil sie<\/p>\n<div class=\"readMore\"><a class=\"moretag\" href=\"https:\/\/www.nachdenkseiten.de\/?p=39796\">Weiterlesen<\/a><\/div>\n","protected":false},"author":2,"featured_media":0,"comment_status":"closed","ping_status":"open","sticky":false,"template":"","format":"standard","meta":{"spay_email":"","footnotes":""},"categories":[170,191,211],"tags":[2134,2013,300],"class_list":["post-39796","post","type-post","status-publish","format-standard","hentry","category-friedenspolitik","category-spd","category-veranstaltungshinweiseveranstaltungen","tag-berliner-programm","tag-entspannungspolitik","tag-mueller-albrecht"],"jetpack_featured_media_url":"","_links":{"self":[{"href":"https:\/\/www.nachdenkseiten.de\/index.php?rest_route=\/wp\/v2\/posts\/39796","targetHints":{"allow":["GET"]}}],"collection":[{"href":"https:\/\/www.nachdenkseiten.de\/index.php?rest_route=\/wp\/v2\/posts"}],"about":[{"href":"https:\/\/www.nachdenkseiten.de\/index.php?rest_route=\/wp\/v2\/types\/post"}],"author":[{"embeddable":true,"href":"https:\/\/www.nachdenkseiten.de\/index.php?rest_route=\/wp\/v2\/users\/2"}],"replies":[{"embeddable":true,"href":"https:\/\/www.nachdenkseiten.de\/index.php?rest_route=%2Fwp%2Fv2%2Fcomments&post=39796"}],"version-history":[{"count":1,"href":"https:\/\/www.nachdenkseiten.de\/index.php?rest_route=\/wp\/v2\/posts\/39796\/revisions"}],"predecessor-version":[{"id":39797,"href":"https:\/\/www.nachdenkseiten.de\/index.php?rest_route=\/wp\/v2\/posts\/39796\/revisions\/39797"}],"wp:attachment":[{"href":"https:\/\/www.nachdenkseiten.de\/index.php?rest_route=%2Fwp%2Fv2%2Fmedia&parent=39796"}],"wp:term":[{"taxonomy":"category","embeddable":true,"href":"https:\/\/www.nachdenkseiten.de\/index.php?rest_route=%2Fwp%2Fv2%2Fcategories&post=39796"},{"taxonomy":"post_tag","embeddable":true,"href":"https:\/\/www.nachdenkseiten.de\/index.php?rest_route=%2Fwp%2Fv2%2Ftags&post=39796"}],"curies":[{"name":"wp","href":"https:\/\/api.w.org\/{rel}","templated":true}]}}