{"id":399,"date":"2004-11-15T15:57:48","date_gmt":"2004-11-15T14:57:48","guid":{"rendered":"http:\/\/www.nachdenkseiten.de\/v2\/?p=399"},"modified":"2016-03-23T10:56:36","modified_gmt":"2016-03-23T09:56:36","slug":"die-ganz-alltagliche-schizophrenie-arbeitnehmer-mussen-opfer-bringen-wahrend-gewinne-explodieren-die-schlagzeilen-eines-wochenendes","status":"publish","type":"post","link":"https:\/\/www.nachdenkseiten.de\/?p=399","title":{"rendered":"Die ganz allt\u00e4gliche Schizophrenie: Arbeitnehmer m\u00fcssen Opfer bringen w\u00e4hrend Gewinne explodieren \u2013 Die Schlagzeilen eines Wochenendes"},"content":{"rendered":"<p>&bdquo;Unserer&ldquo; Wirtschaft geht es schlecht, &bdquo;wir&ldquo; m&uuml;ssen den G&uuml;rtel enger schnallen, &bdquo;wir&ldquo; m&uuml;ssen l&auml;nger arbeiten, &bdquo;wir&ldquo; m&uuml;ssen Nullrunden hinnehmen, so h&ouml;ren wir das allt&auml;gliche Tremolo. Um nicht depressiv zu werden, schauen wir heute einfach auch einmal auf die Seite der Gewinner, ins Manager-Magazin.<br>\n<!--more--><br>\nSchaut man einmal auf die Schlagzeilen der einschl&auml;gigen Online-Nachrichten vom Sonntag, den 14. November 2004, so finden sich in der Rubrik Wirtschaft von heute.t-online folgende Schlagzeilen:<\/p><blockquote>\n<ul>\n<li>Hundt: 35-Stunden-Woche ist gr&ouml;&szlig;ter tarifpolitischer Fehler aller Zeiten<\/li>\n<li>Clement f&uuml;r Rente mit 67<\/li>\n<li>Gesamtmetall-Pr&auml;sident Kannegie&szlig;er fordert f&uuml;r die 3,5 Millionen Besch&auml;ftigte der Branche eine mehrj&auml;hrige Nullrunde<\/li>\n<li>Manager und CDU-Politiker wollen Raucherpause vom Lohn abziehen<\/li>\n<\/ul>\n<\/blockquote><p>Bei Spiegel Online finden wir:<\/p><blockquote>\n<ul>\n<li>Snower fordert den Radikalumbau der Sozialsysteme (Snow ist Pr&auml;sident des Kieler Instituts f&uuml;r Weltwirtschaft)<\/li>\n<li>Wirtschaft will Samstag zu normalem Arbeitstag machen<\/li>\n<li>Wirtschaftsforscher f&uuml;r Ausdehnung der Arbeitszeit.<\/li>\n<\/ul>\n<\/blockquote><p>Man k&ouml;nnte diese Liste beliebig fortsetzen, es fehlt eigentlich nur noch der Vorschlag, das Atemholen oder mindestens die Pinkelpause auch noch vom Lohn abzuziehen. <\/p><p>Ein Leser hat uns empfohlen, dass wir &ndash; bevor wir in eine tiefe Depression verfallen &ndash; einfach mal ins Manager-Magazin schauen sollen. Da sieht die Welt ganz anders aus:<\/p><blockquote>\n<ul>\n<li>Allianz: Weniger Chancen, mehr Gewinn (in den ersten neun Monaten konnten die M&uuml;nchner ihren Gewinn mehr als verdoppeln, auf 1,8 Milliarden Euro nach Steuern)<\/li>\n<li>Mobilcom: Ausgezeichnete Perspektive<\/li>\n<li>Prognose angehoben: Telekom zahlt hohe Dividende<\/li>\n<li>Siemens: Zum Abschied ein Rekordgewinn<\/li>\n<li>Energieversorger: Eon steht unter Strom<\/li>\n<li>Lufthansa: Skepsis war unberechtigt<\/li>\n<li>MAN: Das Gesch&auml;ft brummt<\/li>\n<li>TUI: Die Deutschen reisen wieder<\/li>\n<li>AWD: Das Beste kommt noch (AWD ist ein Finanzdiensleister)<\/li>\n<li>Linde: Es geht voran<\/li>\n<li>BASF: Gewinn mehr als verdoppelt<\/li>\n<\/ul>\n<\/blockquote><p>Ein Rekordergebnis nach dem anderen. Das alles finden Sie in einer Reihe hintereinander bei <a href=\"http:\/\/www.manager-magazin.de\/geld\" title=\"Externer Link zu http:\/\/www.manager-magazin.de\/geld\">www.manager-magazin.de\/geld<\/a> <\/p><p><strong>Fazit: <\/strong> Diejenigen, die f&uuml;r ihr Geld arbeiten m&uuml;ssen, sollen Opfer bringen, damit diejenigen die ihr Geld f&uuml;r sich arbeiten lassen, h&ouml;here Gewinne erzielen k&ouml;nnen. Es gibt in der &Ouml;konomie eben immer Gewinner und Verlierer, die Frage ist nur auf welcher Seite man ist.\t<\/p>\n","protected":false},"excerpt":{"rendered":"<p>&bdquo;Unserer&ldquo; Wirtschaft geht es schlecht, &bdquo;wir&ldquo; m&uuml;ssen den G&uuml;rtel enger schnallen, &bdquo;wir&ldquo; m&uuml;ssen l&auml;nger arbeiten, &bdquo;wir&ldquo; m&uuml;ssen Nullrunden hinnehmen, so h&ouml;ren wir das allt&auml;gliche Tremolo. Um nicht depressiv zu werden, schauen wir heute einfach auch einmal auf die Seite der Gewinner, ins Manager-Magazin. <\/p>\n","protected":false},"author":3,"featured_media":0,"comment_status":"closed","ping_status":"open","sticky":false,"template":"","format":"standard","meta":{"spay_email":"","footnotes":""},"categories":[141,123,39,132],"tags":[1740,319,301,291],"class_list":["post-399","post","type-post","status-publish","format-standard","hentry","category-arbeitsmarkt-und-arbeitsmarktpolitik","category-kampagnentarnworteneusprech","category-rente","category-ungleichheit-armut-reichtum","tag-arbeitsbedingungen","tag-lohnentwicklung","tag-rentenalter","tag-verteilungsgerechtigkeit"],"jetpack_featured_media_url":"","_links":{"self":[{"href":"https:\/\/www.nachdenkseiten.de\/index.php?rest_route=\/wp\/v2\/posts\/399","targetHints":{"allow":["GET"]}}],"collection":[{"href":"https:\/\/www.nachdenkseiten.de\/index.php?rest_route=\/wp\/v2\/posts"}],"about":[{"href":"https:\/\/www.nachdenkseiten.de\/index.php?rest_route=\/wp\/v2\/types\/post"}],"author":[{"embeddable":true,"href":"https:\/\/www.nachdenkseiten.de\/index.php?rest_route=\/wp\/v2\/users\/3"}],"replies":[{"embeddable":true,"href":"https:\/\/www.nachdenkseiten.de\/index.php?rest_route=%2Fwp%2Fv2%2Fcomments&post=399"}],"version-history":[{"count":1,"href":"https:\/\/www.nachdenkseiten.de\/index.php?rest_route=\/wp\/v2\/posts\/399\/revisions"}],"predecessor-version":[{"id":32427,"href":"https:\/\/www.nachdenkseiten.de\/index.php?rest_route=\/wp\/v2\/posts\/399\/revisions\/32427"}],"wp:attachment":[{"href":"https:\/\/www.nachdenkseiten.de\/index.php?rest_route=%2Fwp%2Fv2%2Fmedia&parent=399"}],"wp:term":[{"taxonomy":"category","embeddable":true,"href":"https:\/\/www.nachdenkseiten.de\/index.php?rest_route=%2Fwp%2Fv2%2Fcategories&post=399"},{"taxonomy":"post_tag","embeddable":true,"href":"https:\/\/www.nachdenkseiten.de\/index.php?rest_route=%2Fwp%2Fv2%2Ftags&post=399"}],"curies":[{"name":"wp","href":"https:\/\/api.w.org\/{rel}","templated":true}]}}