{"id":4019,"date":"2009-06-24T16:08:55","date_gmt":"2009-06-24T14:08:55","guid":{"rendered":"http:\/\/www.nachdenkseiten.de\/?p=4019"},"modified":"2014-01-27T12:42:36","modified_gmt":"2014-01-27T11:42:36","slug":"ein-weiterer-beleg-fuer-den-jaemmerlichen-zustand-auch-der-oeffentlich-rechtlichen-medien","status":"publish","type":"post","link":"https:\/\/www.nachdenkseiten.de\/?p=4019","title":{"rendered":"Ein weiterer Beleg f\u00fcr den j\u00e4mmerlichen Zustand auch der \u00f6ffentlich-rechtlichen Medien"},"content":{"rendered":"<p>Am 22.6. lief bei Beckmann &bdquo;Lafontaine und Engholm &uuml;ber die Zukunft linker Parteien&ldquo;. Wenn es eines weiteren Belegs f&uuml;r die Erkenntnis bedurft h&auml;tte, dass unsere Medien sich in Kampagnen einbauen lassen, hier ist er: <a href=\"http:\/\/www.daserste.de\/beckmann\/sendung_dyn~uid,t6ziuwowcm5ywxj4v37zviv8~cm.asp\">Bj&ouml;rn Engholm und Oskar Lafontaine bei &ldquo;Beckmann&rdquo;<\/a>. Albrecht M&uuml;ller.<!--more--><\/p><p>Schon die Verteilung der Redezeit spricht B&auml;nde: etwas &uuml;ber 12 Min f&uuml;r Engholm, knapp 6 Minuten f&uuml;r Lafontaine. Beckmann stellte die Fragen, die Oskar Lafontaine betrafen an Engholm. <\/p><p>Vermutlich waren die Fragen teilweise abgesprochen. Es ging Beckmann vor allem um die Absage an die Koalition links von Schwarz-Gelb. Botschaft von Engholm: Oskar steht der Koalition im Wege und die Mehrheit des Volkes ist gegen die Links-Links-Koalition. Ein tolles Argument. Wenn die SPD fr&uuml;her so Politik gemacht h&auml;tte, w&auml;re heute die Oder-Nei&szlig;e-Grenze noch nicht anerkannt. Daf&uuml;r gab es auch keine Mehrheit, als die SPD sich daf&uuml;r stark machte. <\/p><p>Engholm hat nicht begriffen, dass die Agitation gegen ein linkes B&uuml;ndnis vor allem auch der SPD schadet. Seine Vermutung, bei einem Votum f&uuml;r diese M&ouml;glichkeit, w&uuml;rde in der Mitte viel wegbrechen, folgt aus einer statischen Betrachtungsweise und l&auml;sst au&szlig;en vor, dass Merkel und Westerwelle schon daf&uuml;r sorgen werden, dass immer weniger der SPD glauben werden, das Linksb&uuml;ndnis nicht zu wollen.<\/p><p>Aber schauen Sie sich das St&uuml;ck selbst an, wenn Sie die Zeit haben. <\/p>\n","protected":false},"excerpt":{"rendered":"<p>Am 22.6. lief bei Beckmann &bdquo;Lafontaine und Engholm &uuml;ber die Zukunft linker Parteien&ldquo;. Wenn es eines weiteren Belegs f&uuml;r die Erkenntnis bedurft h&auml;tte, dass unsere Medien sich in Kampagnen einbauen lassen, hier ist er: <a href=\"http:\/\/www.daserste.de\/beckmann\/sendung_dyn~uid,t6ziuwowcm5ywxj4v37zviv8~cm.asp\">Bj&ouml;rn Engholm und Oskar Lafontaine bei &ldquo;Beckmann&rdquo;<\/a>. Albrecht M&uuml;ller.<\/p>\n","protected":false},"author":2,"featured_media":0,"comment_status":"closed","ping_status":"open","sticky":false,"template":"","format":"standard","meta":{"spay_email":"","footnotes":""},"categories":[123,41],"tags":[350],"class_list":["post-4019","post","type-post","status-publish","format-standard","hentry","category-kampagnentarnworteneusprech","category-medienanalyse","tag-beckmann-reinhold"],"jetpack_featured_media_url":"","_links":{"self":[{"href":"https:\/\/www.nachdenkseiten.de\/index.php?rest_route=\/wp\/v2\/posts\/4019","targetHints":{"allow":["GET"]}}],"collection":[{"href":"https:\/\/www.nachdenkseiten.de\/index.php?rest_route=\/wp\/v2\/posts"}],"about":[{"href":"https:\/\/www.nachdenkseiten.de\/index.php?rest_route=\/wp\/v2\/types\/post"}],"author":[{"embeddable":true,"href":"https:\/\/www.nachdenkseiten.de\/index.php?rest_route=\/wp\/v2\/users\/2"}],"replies":[{"embeddable":true,"href":"https:\/\/www.nachdenkseiten.de\/index.php?rest_route=%2Fwp%2Fv2%2Fcomments&post=4019"}],"version-history":[{"count":1,"href":"https:\/\/www.nachdenkseiten.de\/index.php?rest_route=\/wp\/v2\/posts\/4019\/revisions"}],"predecessor-version":[{"id":20322,"href":"https:\/\/www.nachdenkseiten.de\/index.php?rest_route=\/wp\/v2\/posts\/4019\/revisions\/20322"}],"wp:attachment":[{"href":"https:\/\/www.nachdenkseiten.de\/index.php?rest_route=%2Fwp%2Fv2%2Fmedia&parent=4019"}],"wp:term":[{"taxonomy":"category","embeddable":true,"href":"https:\/\/www.nachdenkseiten.de\/index.php?rest_route=%2Fwp%2Fv2%2Fcategories&post=4019"},{"taxonomy":"post_tag","embeddable":true,"href":"https:\/\/www.nachdenkseiten.de\/index.php?rest_route=%2Fwp%2Fv2%2Ftags&post=4019"}],"curies":[{"name":"wp","href":"https:\/\/api.w.org\/{rel}","templated":true}]}}