{"id":4125,"date":"2009-08-13T09:46:56","date_gmt":"2009-08-13T07:46:56","guid":{"rendered":"http:\/\/www.nachdenkseiten.de\/?p=4125"},"modified":"2014-01-23T16:09:24","modified_gmt":"2014-01-23T15:09:24","slug":"wer-als-gewerkschaftsvorsitzender-die-agendareformen-unterstuetzt-hat-sollte-eigentlich-verschaemt-sein-haupt-verhuellen","status":"publish","type":"post","link":"https:\/\/www.nachdenkseiten.de\/?p=4125","title":{"rendered":"Wer als Gewerkschaftsvorsitzender die Agendareformen unterst\u00fctzt hat, sollte eigentlich versch\u00e4mt sein Haupt verh\u00fcllen."},"content":{"rendered":"<p>Der Vorsitzende der Industriegewerkschaft Bergbau, Chemie, Energie Hubertus Schmoldt sieht das offensichtlich anders. Er wendet sich in einem Interview mit der Bild-Zeitung mit guten Argumenten gegen Leiharbeit, erw&auml;hnt aber leider nicht, dass vor allem der ihm politisch nahe stehende Wolfgang Clement und die Regierungen Schr&ouml;der bis Merkel die Leiharbeit betr&auml;chtlich erleichtert und ausgebaut haben. Er polemisiert in diesem Interview gegen die Linkspartei. <a href=\"http:\/\/lwi2009.wordpress.com\/2009\/08\/11\/ein-gewerkschafter-steigt-mit-bild-ins-boot-und-rudert-gegen-die-linke-auf-der-welle-des-kampagnenjournalismus\/\">Quelle und Kommentar siehe hier.<\/a><br>\nWeil die Wahlversprechen der Linkspartei nicht finanzierbar seien, d&uuml;rfte sie keine Verantwortung im Bund &uuml;bernehmen, meint Schmoldt. Diese Polemik ist jedoch schlicht unglaubw&uuml;rdig. Albrecht M&uuml;ller<br>\n<!--more--><br>\nSchmoldt wiederholt nur das, was wir jeden Tag lesen k&ouml;nnen und was offensichtlich Teil einer Meinungsmache-Kampagne ist. Hat der Vorsitzende der IG BCE die Finanzierbarkeit der Steuersenkungsversprechen der CDU\/CSU untersucht? Es f&auml;llt auf, dass Schmoldt nichts zur CDU\/CSU sagt, zur FDP schon, die lehnt er ab. Aber wie ist das Verh&auml;ltnis zur CDU\/CSU? Meint Schmoldt ernsthaft, Arbeitnehmer seien gut bedient mit der Union in der Regierungsverantwortung?<\/p><p>Im Kern geht es bei dem Interview mit der Bild-Zeitung um die wichtige Frage, von welcher politischen Konstellation sich Arbeitnehmer Gutes versprechen k&ouml;nnen. <\/p><p>Sie haben sowohl mit Schwarz-gelb bis 1998 als auch mit Rot-gr&uuml;n bis 2005 als auch mit der gro&szlig;en Koalition schlechte bis miserable Erfahrungen gemacht: die soziale Sicherheit wurde ausgeh&ouml;hlt, die Ausbeutung von Menschen, die Arbeit suchen, ist &ndash; wie Schmoldt selbst beim Thema Leiharbeit feststellt &ndash; wieder gang und g&auml;be, der Anteil der Arbeitnehmer am Bruttoinlandsprodukt ist geschrumpft. Das ist deutlich sichtbar an der <a href=\"upload\/pdf\/090210_Lohnquote_2008.pdf\">Lohnquote (siehe Abbildung) [PDF &ndash; 16 KB]<\/a>. Sie, die Lohnquote, also der Anteil der Arbeitnehmer am Volkseinkommen, sank in Westdeutschland in der Regierungszeit Helmut Kohls von fast 70 % im Jahr 1982 auf 65 % im Jahr 1990 und dann f&uuml;r Gesamtdeutschland zwischen 1992 und 1998 von 68 % auf 65 %. Dann stieg sie in den ersten beiden Jahren der Regierung Schr&ouml;der kurz an und fiel dann bei Schr&ouml;der und Merkel von 2000-2008 von 66,3 % auf 62 %. Das war auch die Folge der Reformpolitik, die Hubertus Schmoldt unterst&uuml;tzt hat, jedenfalls nicht deutlich dagegen angegangen ist.<\/p><p>Angesichts dieses Ergebnisses m&uuml;sste man als Gewerkschaftsf&uuml;hrer doch &uuml;berlegen, ob man eine andere politische Konstellation unterst&uuml;tzt. Wenn Schmoldt wirklich f&uuml;r die Arbeitnehmerschaft eintreten wollte, dann m&uuml;sste er auf seine Partei, die SPD, Einfluss nehmen, damit diese endlich glaubhaft eine Kurskorrektur vollzieht, dann m&uuml;sste er f&uuml;r eine politische Konstellation links von Schwarz-gelb eintreten. Alles andere einschlie&szlig;lich seiner Polemik in der Bild-Zeitung zeigt, dass er nicht ernsthaft die Interessen der Arbeitnehmerschaft vertritt. Das ist besonders bitter f&uuml;r die vielen Kolleginnen und Kollegen in der IG BCI, die klarer erkannt haben, welche politische Konstellation m&ouml;glich gemacht werden m&uuml;sste, um Arbeitnehmern bei der kommenden Wahl wirklich eine Alternative zu bieten.<\/p>\n","protected":false},"excerpt":{"rendered":"<p>Der Vorsitzende der Industriegewerkschaft Bergbau, Chemie, Energie Hubertus Schmoldt sieht das offensichtlich anders. Er wendet sich in einem Interview mit der Bild-Zeitung mit guten Argumenten gegen Leiharbeit, erw&auml;hnt aber leider nicht, dass vor allem der ihm politisch nahe stehende Wolfgang Clement und die Regierungen Schr&ouml;der bis Merkel die Leiharbeit betr&auml;chtlich erleichtert und ausgebaut haben. Er<\/p>\n<div class=\"readMore\"><a class=\"moretag\" href=\"https:\/\/www.nachdenkseiten.de\/?p=4125\">Weiterlesen<\/a><\/div>\n","protected":false},"author":2,"featured_media":0,"comment_status":"closed","ping_status":"open","sticky":false,"template":"","format":"standard","meta":{"spay_email":"","footnotes":""},"categories":[110,1,109,123],"tags":[459,504],"class_list":["post-4125","post","type-post","status-publish","format-standard","hentry","category-agenda-2010","category-das-kritische-tagebuch","category-gewerkschaften","category-kampagnentarnworteneusprech","tag-bild","tag-ig-bce"],"jetpack_featured_media_url":"","_links":{"self":[{"href":"https:\/\/www.nachdenkseiten.de\/index.php?rest_route=\/wp\/v2\/posts\/4125","targetHints":{"allow":["GET"]}}],"collection":[{"href":"https:\/\/www.nachdenkseiten.de\/index.php?rest_route=\/wp\/v2\/posts"}],"about":[{"href":"https:\/\/www.nachdenkseiten.de\/index.php?rest_route=\/wp\/v2\/types\/post"}],"author":[{"embeddable":true,"href":"https:\/\/www.nachdenkseiten.de\/index.php?rest_route=\/wp\/v2\/users\/2"}],"replies":[{"embeddable":true,"href":"https:\/\/www.nachdenkseiten.de\/index.php?rest_route=%2Fwp%2Fv2%2Fcomments&post=4125"}],"version-history":[{"count":1,"href":"https:\/\/www.nachdenkseiten.de\/index.php?rest_route=\/wp\/v2\/posts\/4125\/revisions"}],"predecessor-version":[{"id":20233,"href":"https:\/\/www.nachdenkseiten.de\/index.php?rest_route=\/wp\/v2\/posts\/4125\/revisions\/20233"}],"wp:attachment":[{"href":"https:\/\/www.nachdenkseiten.de\/index.php?rest_route=%2Fwp%2Fv2%2Fmedia&parent=4125"}],"wp:term":[{"taxonomy":"category","embeddable":true,"href":"https:\/\/www.nachdenkseiten.de\/index.php?rest_route=%2Fwp%2Fv2%2Fcategories&post=4125"},{"taxonomy":"post_tag","embeddable":true,"href":"https:\/\/www.nachdenkseiten.de\/index.php?rest_route=%2Fwp%2Fv2%2Ftags&post=4125"}],"curies":[{"name":"wp","href":"https:\/\/api.w.org\/{rel}","templated":true}]}}