{"id":4655,"date":"2010-03-02T11:43:20","date_gmt":"2010-03-02T10:43:20","guid":{"rendered":"http:\/\/www.nachdenkseiten.de\/?p=4655"},"modified":"2014-08-06T15:55:07","modified_gmt":"2014-08-06T13:55:07","slug":"banner-und-e-mail-signaturen-zu-nachdenkseiten-fuer-ihre-eigene-webseite-und-fuer-den-abschluss-ihrer-e-mails","status":"publish","type":"post","link":"https:\/\/www.nachdenkseiten.de\/?p=4655","title":{"rendered":"Banner und E-Mail-Signaturen zu NachDenkSeiten &#8211; f\u00fcr Ihre eigene Webseite und f\u00fcr den Abschlu\u00df Ihrer E-Mails"},"content":{"rendered":"<p>Nach Lekt&uuml;re der am 25.2. eingestellten <a href=\"?p=4594\">&bdquo;Tipps zur hilfreichen Nutzung der NachDenkSeiten durch Sie&ldquo;<\/a> regten NachDenkSeiten-Leser an, wir sollten Button zur Verf&uuml;gung stellen, die von unseren Lesern f&uuml;r ihre eigenen Webseiten verwendet beziehungsweise an E-Mails angeh&auml;ngt werden k&ouml;nnen. Diese Anregung nehmen wir gerne (noch einmal) auf. <a href=\"?page_id=4411\">Hier finden Sie Banner ohne und mit einer kurzen Notiz.<\/a> Albrecht M&uuml;ller<\/p>\n","protected":false},"excerpt":{"rendered":"<p>Nach Lekt&uuml;re der am 25.2. eingestellten <a href=\"?p=4594\">&bdquo;Tipps zur hilfreichen Nutzung der NachDenkSeiten durch Sie&ldquo;<\/a> regten NachDenkSeiten-Leser an, wir sollten Button zur Verf&uuml;gung stellen, die von unseren Lesern f&uuml;r ihre eigenen Webseiten verwendet beziehungsweise an E-Mails angeh&auml;ngt werden k&ouml;nnen. Diese Anregung nehmen wir gerne (noch einmal) auf. <a href=\"?page_id=4411\">Hier finden Sie Banner ohne und mit<\/a><\/p>\n<div class=\"readMore\"><a class=\"moretag\" href=\"https:\/\/www.nachdenkseiten.de\/?p=4655\">Weiterlesen<\/a><\/div>\n","protected":false},"author":1,"featured_media":0,"comment_status":"closed","ping_status":"open","sticky":false,"template":"","format":"standard","meta":{"spay_email":"","footnotes":""},"categories":[35,1],"tags":[243],"class_list":["post-4655","post","type-post","status-publish","format-standard","hentry","category-aufbau-gegenoeffentlichkeit","category-das-kritische-tagebuch","tag-in-eigener-sache"],"jetpack_featured_media_url":"","_links":{"self":[{"href":"https:\/\/www.nachdenkseiten.de\/index.php?rest_route=\/wp\/v2\/posts\/4655","targetHints":{"allow":["GET"]}}],"collection":[{"href":"https:\/\/www.nachdenkseiten.de\/index.php?rest_route=\/wp\/v2\/posts"}],"about":[{"href":"https:\/\/www.nachdenkseiten.de\/index.php?rest_route=\/wp\/v2\/types\/post"}],"author":[{"embeddable":true,"href":"https:\/\/www.nachdenkseiten.de\/index.php?rest_route=\/wp\/v2\/users\/1"}],"replies":[{"embeddable":true,"href":"https:\/\/www.nachdenkseiten.de\/index.php?rest_route=%2Fwp%2Fv2%2Fcomments&post=4655"}],"version-history":[{"count":4,"href":"https:\/\/www.nachdenkseiten.de\/index.php?rest_route=\/wp\/v2\/posts\/4655\/revisions"}],"predecessor-version":[{"id":22712,"href":"https:\/\/www.nachdenkseiten.de\/index.php?rest_route=\/wp\/v2\/posts\/4655\/revisions\/22712"}],"wp:attachment":[{"href":"https:\/\/www.nachdenkseiten.de\/index.php?rest_route=%2Fwp%2Fv2%2Fmedia&parent=4655"}],"wp:term":[{"taxonomy":"category","embeddable":true,"href":"https:\/\/www.nachdenkseiten.de\/index.php?rest_route=%2Fwp%2Fv2%2Fcategories&post=4655"},{"taxonomy":"post_tag","embeddable":true,"href":"https:\/\/www.nachdenkseiten.de\/index.php?rest_route=%2Fwp%2Fv2%2Ftags&post=4655"}],"curies":[{"name":"wp","href":"https:\/\/api.w.org\/{rel}","templated":true}]}}